{"id":23939,"date":"2021-09-17T07:39:57","date_gmt":"2021-09-17T13:39:57","guid":{"rendered":"https:\/\/eloficiodehistoriar.com.mx\/?p=23939"},"modified":"2021-09-17T07:39:57","modified_gmt":"2021-09-17T13:39:57","slug":"san-sebastian-de-vuelta-a-donostia","status":"publish","type":"post","link":"https:\/\/eloficiodehistoriar.com.mx\/?p=23939","title":{"rendered":"San Sebasti\u00e1n   De vuelta a\u00a0Donostia"},"content":{"rendered":"<div class=\"series\">69 Festival de San Sebasti\u00e1n<\/div>\n<div><\/div>\n<div class=\"cabeza\">De vuelta a\u00a0<em>Donostia<\/em><\/div>\n<div class=\"sumarios\"><\/div>\n<div class=\"credito-articulo\">Leonardo Garc\u00eda Tsao<\/div>\n<div><\/div>\n<div id=\"article-text\" class=\"text\">\n<div class=\"col col1\">\n<div class=\"inicial\">Bajo las condiciones apropiadas \u2013buen clima, una programaci\u00f3n atractiva\u2013 el Festival Internacional de Cine de San Sebasti\u00e1n, que se inaugura hoy, puede ser el m\u00e1s disfrutable de todos. Ya cercano a su aniversario 70, el certamen tiene el inconveniente de estar situado a la zaga del calendario, cuando Locarno, Venecia y Toronto ya han tomado las propuestas m\u00e1s interesantes de la temporada. As\u00ed, su secci\u00f3n competitiva corre el riesgo de ser d\u00e9bil, a\u00fan si se hace un poco de trampa y se recurre a t\u00edtulos antes estrenados en Toronto (este a\u00f1o son seis las pel\u00edculas antes vistas en el festival canadiense).<\/div>\n<p>Por otro lado, la ciudad de San Sebasti\u00e1n \u2013o\u00a0<em>Donostia,<\/em>\u00a0en euskera\u2013 es una de las m\u00e1s hermosas de Espa\u00f1a, los habitantes son el colmo de lo amable y la gastronom\u00eda es de primera. Razones fundamentales para disfrutar de la experiencia.<\/p>\n<p>Hace m\u00e1s de una d\u00e9cada que no visito el festival\u00a0<em>donostiarra<\/em>\u00a0y me encuentro con varios cambios en su programaci\u00f3n. Por ejemplo, ya no existe la retrospectiva completa de un director importante, otrora organizada con la Filmoteca Espa\u00f1ola. En su lugar veo secciones como Nest y Zinemira, cuyo criterio de selecci\u00f3n desconozco. Eso s\u00ed, hay una retrospectiva de cine sudcoreano cl\u00e1sico, de t\u00edtulos totalmente desconocidos para uno.<\/p>\n<p>Por supuesto, hay medidas contra el Covid-19, como que los recintos del festival tendr\u00e1n s\u00f3lo un aforo de 50 por ciento. Los boletos se tienen que conseguir previamente en el sitio web del festival, con asientos preasignados y separados entre s\u00ed. Ser\u00e1 obligatorio llevar el cubrebocas durante todas las funciones. No va a haber fiestas ni cocteles, lo cual es una l\u00e1stima (si alguien sabe organizar una fiesta son los espa\u00f1oles). Ni tampoco habr\u00e1 transportes del festival a las diferentes sedes, que se traduce en el empleo de taxis en euros.<\/p>\n<\/div>\n<div class=\"col col2\">\n<p>Despu\u00e9s de la nutrida participaci\u00f3n del cine mexicano en Venecia, su presencia en San Sebasti\u00e1n se limita a tres competidoras en la secci\u00f3n Horizontes Latinos:\u00a0<em>La caja,<\/em>\u00a0de Lorenzo Vigas;\u00a0<em>Noche de fuego,\u00a0<\/em>de Tatiana Huezo, y\u00a0<em>Una pel\u00edcula de polic\u00edas,<\/em>\u00a0de Alonso Ruizpalacios, todas estrenadas en festivales anteriores.<\/p>\n<p>Hay dos t\u00edtulos latinoamericanos en competencia:\u00a0<em>Camila saldr\u00e1 esta noche,<\/em>\u00a0de la argentina In\u00e9s Barrionuevo, y\u00a0<em>Distancia de rescate,<\/em>\u00a0de la peruana Claudia Llosa, que son novedades del festival. \u00c9stas se medir\u00e1n con autores m\u00e1s establecidos como Jane Campion, Laurent Cantet, Terence Davies y Zhang Yimou.<\/p>\n<p>Por supuesto, el festival sirve de escaparate a lo m\u00e1s reciente del cine espa\u00f1ol, por lo que hay cuatro pel\u00edculas en competencia, m\u00e1s que cualquier otro pa\u00eds (y tres fuera de concurso, incluyendo una serie de seis episodios de Alejandro Amen\u00e1bar). Las concursantes son:\u00a0<em>La abuela,<\/em>\u00a0de Paco Plaza;\u00a0<em>El buen patr\u00f3n,<\/em>\u00a0de Fernando Le\u00f3n de Aranoa;\u00a0<em>Maixabel,<\/em>\u00a0de Ic\u00edar Bolla\u00edn, y\u00a0<em>Qui\u00e9n lo impide,<\/em>\u00a0de Jon\u00e1s Trueba (que dura la friolera de 220 minutos).<\/p>\n<p class=\"email\">\n<\/div>\n<\/div>\n<div id=\"comentarios\"><\/div>\n","protected":false},"excerpt":{"rendered":"<p>69 Festival de San Sebasti\u00e1n De vuelta a\u00a0Donostia Leonardo Garc\u00eda Tsao Bajo las condiciones apropiadas \u2013buen clima, una programaci\u00f3n atractiva\u2013 el Festival Internacional de Cine de San Sebasti\u00e1n, que se inaugura hoy, puede ser el m\u00e1s disfrutable de todos. Ya cercano a su aniversario 70, el certamen tiene el inconveniente de estar situado a la [&hellip;]<\/p>\n","protected":false},"author":249,"featured_media":23940,"comment_status":"open","ping_status":"closed","sticky":false,"template":"","format":"standard","meta":{"footnotes":""},"categories":[26],"tags":[],"class_list":["post-23939","post","type-post","status-publish","format-standard","has-post-thumbnail","hentry","category-mundo"],"_links":{"self":[{"href":"https:\/\/eloficiodehistoriar.com.mx\/index.php?rest_route=\/wp\/v2\/posts\/23939","targetHints":{"allow":["GET"]}}],"collection":[{"href":"https:\/\/eloficiodehistoriar.com.mx\/index.php?rest_route=\/wp\/v2\/posts"}],"about":[{"href":"https:\/\/eloficiodehistoriar.com.mx\/index.php?rest_route=\/wp\/v2\/types\/post"}],"author":[{"embeddable":true,"href":"https:\/\/eloficiodehistoriar.com.mx\/index.php?rest_route=\/wp\/v2\/users\/249"}],"replies":[{"embeddable":true,"href":"https:\/\/eloficiodehistoriar.com.mx\/index.php?rest_route=%2Fwp%2Fv2%2Fcomments&post=23939"}],"version-history":[{"count":1,"href":"https:\/\/eloficiodehistoriar.com.mx\/index.php?rest_route=\/wp\/v2\/posts\/23939\/revisions"}],"predecessor-version":[{"id":23941,"href":"https:\/\/eloficiodehistoriar.com.mx\/index.php?rest_route=\/wp\/v2\/posts\/23939\/revisions\/23941"}],"wp:featuredmedia":[{"embeddable":true,"href":"https:\/\/eloficiodehistoriar.com.mx\/index.php?rest_route=\/wp\/v2\/media\/23940"}],"wp:attachment":[{"href":"https:\/\/eloficiodehistoriar.com.mx\/index.php?rest_route=%2Fwp%2Fv2%2Fmedia&parent=23939"}],"wp:term":[{"taxonomy":"category","embeddable":true,"href":"https:\/\/eloficiodehistoriar.com.mx\/index.php?rest_route=%2Fwp%2Fv2%2Fcategories&post=23939"},{"taxonomy":"post_tag","embeddable":true,"href":"https:\/\/eloficiodehistoriar.com.mx\/index.php?rest_route=%2Fwp%2Fv2%2Ftags&post=23939"}],"curies":[{"name":"wp","href":"https:\/\/api.w.org\/{rel}","templated":true}]}}