{"id":25,"date":"2008-05-16T23:15:35","date_gmt":"2008-05-17T04:15:35","guid":{"rendered":"https:\/\/eloficiodehistoriar.com.mx\/?p=25"},"modified":"2008-05-18T14:04:59","modified_gmt":"2008-05-18T19:04:59","slug":"%c2%bfque-ver-%c2%bfque-conocer-%c2%bfa-donde-ir-en-queretaro","status":"publish","type":"post","link":"https:\/\/eloficiodehistoriar.com.mx\/?p=25","title":{"rendered":"\u00bfQu\u00e9 ver? \u00bfQu\u00e9 conocer? \u00bfA d\u00f3nde ir? en Quer\u00e9taro"},"content":{"rendered":"<p><span style=\"font-size: 18pt; font-family: Arial\"><a href=\"https:\/\/eloficiodehistoriar.com.mx\/wp-content\/uploads\/2008\/05\/jfz-1-31.jpg\" title=\"El \u00daltimo Arco\"><img decoding=\"async\" src=\"https:\/\/eloficiodehistoriar.com.mx\/wp-content\/uploads\/2008\/05\/jfz-1-31.thumbnail.jpg\" alt=\"El \u00daltimo Arco\" \/><\/a>El Barrio de <st1:personname ProductID=\"la Loma\" w:st=\"on\">la Loma<\/st1:personname> del Sangremal<o:p><\/o:p><\/span><span style=\"font-size: 16pt; font-family: Arial\"><o:p>\u00a0<\/o:p><\/span><span style=\"font-size: 16pt; font-family: Arial\"><o:p><\/o:p><\/span>\u00a0<span style=\"font-size: 16pt; font-family: Arial\"><o:p><\/o:p><\/span>\u00a0<span style=\"font-size: 16pt; font-family: Arial\"><o:p><\/o:p><\/span><span style=\"font-size: 16pt; font-family: Arial\"><o:p><\/o:p><\/span><span style=\"font-family: Arial\">El Barrio de <st1:personname ProductID=\"la Loma\" w:st=\"on\">la Loma<\/st1:personname><o:p><\/o:p><\/span><span style=\"font-family: Arial\">El Calvarito<o:p><\/o:p><\/span><span style=\"font-family: Arial\">Templo y Convento de <st1:personname ProductID=\"La Cruz\" w:st=\"on\">La Cruz<\/st1:personname> de los Milagros <o:p><\/o:p><\/span><span style=\"font-family: Arial\">Museo de Sitio- \u00c1rbol de las Cruces.<o:p><\/o:p><\/span><em><st1:personname ProductID=\"La Plaza\" w:st=\"on\"><strong><span style=\"font-family: Arial\">La Plaza<\/span><\/strong><\/st1:personname><strong><span style=\"font-family: Arial\"> de <st1:personname ProductID=\"la Fundaci?n\" w:st=\"on\">la Fundaci\u00f3n<\/st1:personname><o:p><\/o:p><\/span><\/strong><\/em><span style=\"font-family: Arial\">Los Monumentos a los Fundadores de <st1:personname ProductID=\"la Ciudad\" w:st=\"on\">la Ciudad<\/st1:personname>:<o:p><\/o:p><\/span><span style=\"font-family: Arial\">A los Concheros,<o:p><\/o:p><\/span><span style=\"font-family: Arial\">A los Misioneros Fray Jun\u00edpero Serra y Fray Margil de Jes\u00fas <o:p><\/o:p><\/span><span style=\"font-family: Arial\">A Santiago Matamoros<o:p><\/o:p><\/span><span style=\"font-family: Arial\">A los fundadores de <st1:personname ProductID=\"la Ciudad Espa?ola\" w:st=\"on\">la Ciudad Espa\u00f1ola<\/st1:personname>: Fernando de Tapia, Nicol\u00e1s de San Luis de Monta\u00f1\u00e9s, Fray Jacobo Daciano y Juan S\u00e1nchez de Alan\u00eds<o:p><\/o:p><\/span><span style=\"font-family: Arial\">El Pante\u00f3n de los Hombres Ilustres con <st1:personname ProductID=\"La Capilla\" w:st=\"on\">la Capilla<\/st1:personname> de los Dolores, el Mausoleo de <st1:personname ProductID=\"la Corregidora\" w:st=\"on\">la Corregidora<\/st1:personname>\u00a0<o:p><\/o:p><\/span><span style=\"font-size: 16pt; font-family: Arial\"><o:p>\u00a0<\/o:p><\/span><span style=\"font-size: 16pt; font-family: Arial\"><o:p><\/o:p><\/span>\u00a0<span style=\"font-size: 16pt; font-family: Arial\"><o:p><\/o:p><\/span>\u00a0 <span style=\"font-size: 16pt; font-family: Arial\"><o:p><\/o:p><\/span><strong><span style=\"font-size: 14pt; font-family: Arial\">Cuatro Imponentes Conventos Franciscanos<o:p><\/o:p><\/span><\/strong><span style=\"font-family: Arial\"><o:p>\u00a0<\/o:p><\/span><span style=\"font-family: Arial\">El Convento Grande de San Francisco- Templo y Museo de historia regional<o:p><\/o:p><\/span><span style=\"font-family: Arial\">El Colegio de Propaganda Fide -Templo de <st1:personname ProductID=\"La Cruz\" w:st=\"on\">la Cruz<\/st1:personname> y Museo.<o:p><\/o:p><\/span><span style=\"font-family: Arial\">El Convento de Dieguinos o de Franciscanos descalzos. Templo de San Antonio<o:p><\/o:p><\/span><span style=\"font-family: Arial\">El Convento de Recolecci\u00f3n y Santuario del Pueblito y Museo de Sitio<o:p><\/o:p><\/span><span style=\"font-size: 16pt; font-family: Arial\"><o:p>\u00a0<\/o:p><\/span><span style=\"font-size: 16pt; font-family: Arial\"><o:p><\/o:p><\/span>\u00a0 <span style=\"font-size: 16pt; font-family: Arial\"><o:p><\/o:p><\/span>\u00a0<span style=\"font-size: 16pt; font-family: Arial\"><o:p><\/o:p><\/span><st1:personname ProductID=\"La Pir?mide\" w:st=\"on\"><strong><span style=\"font-size: 14pt; font-family: Arial\">La Pir\u00e1mide<\/span><\/strong><\/st1:personname><strong><span style=\"font-size: 14pt; font-family: Arial\"> del Cerrito<o:p><\/o:p><\/span><\/strong><span style=\"font-size: 14pt; font-family: Arial\"><o:p>\u00a0<\/o:p><\/span><span style=\"font-family: Arial\">El Convento Franciscano de Recolecci\u00f3n<o:p><\/o:p><\/span><span style=\"font-family: Arial\">El Santuario a <st1:personname ProductID=\"La Virgen\" w:st=\"on\">la Virgen<\/st1:personname> del Pueblito<o:p><\/o:p><\/span><span style=\"font-family: Arial\">El Culto a <st1:personname ProductID=\"la Tenanchita\" w:st=\"on\">la Tenanchita<\/st1:personname><o:p><\/o:p><\/span><span style=\"font-size: 14pt; font-family: Arial\"><o:p>\u00a0<\/o:p><\/span><span style=\"font-size: 14pt; font-family: Arial\"><o:p>\u00a0<\/o:p><\/span><strong><span style=\"font-size: 22pt; font-family: Arial\"><o:p>\u00a0<\/o:p><\/span><\/strong><strong><span style=\"font-size: 22pt; font-family: Arial\"><o:p>\u00a0<\/o:p><\/span><\/strong><strong><span style=\"font-size: 22pt; font-family: Arial\"><o:p><\/o:p><\/span><\/strong>\u00a0<strong><span style=\"font-size: 22pt; font-family: Arial\"><o:p><\/o:p><\/span><\/strong>\u00a0 <strong><span style=\"font-size: 22pt; font-family: Arial\"><o:p><\/o:p><\/span><\/strong><strong><span style=\"font-size: 14pt; font-family: Arial\">Cinco Bell\u00edsimos Monasterios Femeninos<o:p><\/o:p><\/span><\/strong><span style=\"font-size: 14pt; font-family: Arial\"><o:p>\u00a0<\/o:p><\/span><strong><span style=\"font-family: Arial\">Monasterio y Templo de Santa Clara<o:p><\/o:p><\/span><\/strong><span style=\"font-family: Arial\">Real Colegio y Oratorio de Santa Rosa de Viterbo<o:p><\/o:p><\/span><span style=\"font-family: Arial\">Monasterio de San Jos\u00e9 de Gracia,<span>\u00a0 <\/span>para monjas Capuchinas.<span>\u00a0 <\/span><o:p><\/o:p><\/span><span style=\"font-family: Arial\">Beaterio de Carmelitas Descalzas-Templo. <o:p><\/o:p><\/span><span style=\"font-family: Arial\">Convento de Santa Teresa de Jes\u00fas. Teresitas. Templo, capillas y ex convento.<o:p><\/o:p><\/span><span style=\"font-family: Arial\"><o:p>\u00a0<\/o:p><\/span><span style=\"font-family: Arial\">Siete Magn\u00edficos<span>\u00a0 <\/span>Conventos y Colegios de Religiosos<o:p><\/o:p><\/span><span style=\"font-family: Arial\"><o:p>\u00a0<\/o:p><\/span><strong><span style=\"font-family: Arial\"><em>El templo de <st1:personname ProductID=\"la Compa??a\" w:st=\"on\">la Compa\u00f1\u00eda<\/st1:personname> de Jes\u00fas<o:p><\/o:p><\/em><\/span><\/strong><span style=\"font-family: Arial\">y los<span>\u00a0 <\/span>Reales Colegios de San Ignacio de Loyola y de San Francisco Javier<o:p><\/o:p><\/span><st1:personname ProductID=\"La Congregaci?n\" w:st=\"on\"><span style=\"font-family: Arial\">La Congregaci\u00f3n<\/span><\/st1:personname><span style=\"font-family: Arial\"> de Cl\u00e9rigos de Nuestra Se\u00f1ora de Guadalupe<o:p><\/o:p><\/span><st1:personname ProductID=\"La Merced\" w:st=\"on\"><span style=\"font-family: Arial\">La Merced<\/span><\/st1:personname><span style=\"font-family: Arial\"><o:p><\/o:p><\/span><span style=\"font-family: Arial\">Templo y Convento de los Carmelitas Descalzos<o:p><\/o:p><\/span><span style=\"font-family: Arial\">Templo y Convento de Santo Domingo<o:p><\/o:p><\/span><span style=\"font-family: Arial\">Templo y Convento de San Agust\u00edn<o:p><\/o:p><\/span><span style=\"font-family: Arial\">Templo y Claustro de los Padres Felipenses<o:p><\/o:p><\/span><span style=\"font-size: 16pt; font-family: Arial\"><o:p>\u00a0<\/o:p><\/span><span style=\"font-size: 16pt; font-family: Arial\"><o:p><\/o:p><\/span>\u00a0<span style=\"font-size: 16pt; font-family: Arial\"><o:p><\/o:p><\/span> <strong><span style=\"font-size: 14pt; font-family: Arial\">Las Capillas de Indios<o:p><\/o:p><\/span><\/strong><span style=\"font-size: 14pt; font-family: Arial\"><o:p>\u00a0<\/o:p><\/span><span style=\"font-family: Arial\">San Francisquito<o:p><\/o:p><\/span><span style=\"font-family: Arial\">El Esp\u00edritu Santo<o:p><\/o:p><\/span><span style=\"font-family: Arial\">Santa Ana<o:p><\/o:p><\/span><span style=\"font-family: Arial\">San Sebasti\u00e1n<o:p><\/o:p><\/span><span style=\"font-family: Arial\">San Roque<o:p><\/o:p><\/span><\/p>\n<h1 style=\"margin: 0cm 0cm 0pt\"><span style=\"font-weight: normal; font-size: 12pt; font-family: Arial\">San Anto\u00f1ito<o:p><\/o:p><\/span><\/h1>\n<p><span style=\"font-family: Arial\">San Gregorio<o:p><\/o:p><\/span><strong><span style=\"font-family: Arial\"><em>Santa Catarina<o:p><\/o:p><\/em><\/span><\/strong><st1:personname ProductID=\"La Cruz\" w:st=\"on\"><span style=\"font-family: Arial\">La Cruz<\/span><\/st1:personname><span style=\"font-family: Arial\"> del Cerrito<o:p><\/o:p><\/span><st1:personname ProductID=\"La Trinidad\" w:st=\"on\"><span style=\"font-family: Arial\">La Trinidad<\/span><\/st1:personname><span style=\"font-family: Arial\"><o:p><\/o:p><\/span><span style=\"font-family: Arial\">San Isidro<o:p><\/o:p><\/span><span style=\"font-family: Arial\"><o:p>\u00a0<\/o:p><\/span><span style=\"font-family: Arial\"><o:p><\/o:p><\/span>\u00a0<span style=\"font-family: Arial\"><o:p><\/o:p><\/span>\u00a0<span style=\"font-family: Arial\"><o:p><\/o:p><\/span><strong><span style=\"font-size: 14pt; font-family: Arial\">Un Hospital<o:p><\/o:p><\/span><\/strong><\/p>\n<h1 style=\"margin: 0cm 0cm 0pt\"><span style=\"font-weight: normal; font-family: Arial\"><o:p><font size=\"5\">\u00a0<\/font><\/o:p><\/span><\/h1>\n<h1 style=\"margin: 0cm 0cm 0pt\"><span style=\"font-weight: normal; font-size: 12pt; font-family: Arial\">Hospital para indios de <st1:personname ProductID=\"la Pur?sima Concepci?n\" w:st=\"on\">la Pur\u00edsima Concepci\u00f3n<\/st1:personname><o:p><\/o:p><\/span><\/h1>\n<p><span style=\"font-family: Arial\">de los p.p. Hip\u00f3litos<o:p><\/o:p><\/span><span style=\"font-size: 16pt; font-family: Arial\"><o:p>\u00a0<\/o:p><\/span><strong><span style=\"font-size: 22pt; font-family: Arial\"><o:p>\u00a0<\/o:p><\/span><\/strong><strong><span style=\"font-size: 22pt; font-family: Arial\"><o:p>\u00a0<\/o:p><\/span><\/strong><strong><span style=\"font-family: Arial\">Tres Cruces Atriales<o:p><\/o:p><\/span><\/strong><\/p>\n<h1 style=\"margin: 0cm 0cm 0pt\"><span style=\"font-weight: normal; font-size: 12pt; font-family: Arial\"><o:p>\u00a0<\/o:p><\/span><\/h1>\n<h1 style=\"margin: 0cm 0cm 0pt\"><span style=\"font-weight: normal; font-size: 12pt; font-family: Arial\">Cruz atrial en Santo Domingo<o:p><\/o:p><\/span><\/h1>\n<p><span style=\"font-family: Arial\">Cruz atrial en <st1:personname ProductID=\"La Capilla\" w:st=\"on\">la Capilla<\/st1:personname> de <st1:personname ProductID=\"la Asunci?n\" w:st=\"on\">la Asunci\u00f3n<\/st1:personname> en el Templo de <st1:personname ProductID=\"La Cruz\" w:st=\"on\">la Cruz<\/st1:personname><o:p><\/o:p><\/span><span style=\"font-family: Arial\">Cruz atrial del Templo de <st1:personname ProductID=\"la Compa??a\" w:st=\"on\">La Compa\u00f1\u00eda<\/st1:personname> de Jes\u00fas<o:p><\/o:p><\/span><span style=\"font-family: Arial\"><o:p>\u00a0<\/o:p><\/span><\/p>\n<h2 style=\"margin: 12pt 0cm 3pt\"><em><font face=\"Arial\">Los Arcos <\/font><\/em><\/h2>\n<p><span style=\"font-family: Arial\"><o:p>\u00a0<\/o:p><\/span><span style=\"font-family: Arial\">74 arcos, venidos del ojo de agua, de <st1:personname ProductID=\"La Ca?ada.\" w:st=\"on\">La Ca\u00f1ada.<\/st1:personname><o:p><\/o:p><\/span><span style=\"font-family: Arial\">con terminal en la alberca del Convento de <st1:personname ProductID=\"La Cruz\" w:st=\"on\">la Cruz<\/st1:personname><o:p><\/o:p><\/span><span style=\"font-family: Arial\"><o:p>\u00a0<\/o:p><\/span><\/p>\n<h2 style=\"margin: 12pt 0cm 3pt\"><em><font face=\"Arial\">Las Fuentes <\/font><\/em><\/h2>\n<p><strong><o:p><font face=\"Arial\">\u00a0<\/font><\/o:p><\/strong><strong><font face=\"Arial\">Fuente monumental del Marqu\u00e9s<o:p><\/o:p><\/font><\/strong><span style=\"font-family: Arial\">Fuente de Neptuno<o:p><\/o:p><\/span><span style=\"font-family: Arial\">Fuente<span>\u00a0 <\/span>de<span>\u00a0 <\/span>Hebe<o:p><\/o:p><\/span><span style=\"font-family: Arial\">Fuente de <st1:personname ProductID=\"la Plaza Mayor\" w:st=\"on\">la Plaza Mayor<\/st1:personname><o:p><\/o:p><\/span><\/p>\n<h1 style=\"margin: 0cm 0cm 0pt\"><span style=\"font-weight: normal; font-family: Arial\"><o:p><font size=\"5\">\u00a0<\/font><\/o:p><\/span><\/h1>\n<h2 style=\"margin: 12pt 0cm 3pt\"><em><font face=\"Arial\">El R\u00edo Quer\u00e9taro y sus Puentes<\/font><\/em><\/h2>\n<h1 style=\"margin: 0cm 0cm 0pt\"><span style=\"font-weight: normal; font-family: Arial\"><o:p><font size=\"5\">\u00a0<\/font><\/o:p><\/span><\/h1>\n<h1 style=\"margin: 0cm 0cm 0pt\"><span style=\"font-weight: normal; font-size: 12pt; font-family: Arial\" lang=\"ES-TRAD\">Puente de San Sebasti\u00e1n<o:p><\/o:p><\/span><\/h1>\n<h2 style=\"margin: 12pt 0cm 3pt\"><span style=\"font-weight: normal; font-size: 12pt\"><em><font face=\"Arial\">Puente Grande<o:p><\/o:p><\/font><\/em><\/span><\/h2>\n<h2 style=\"margin: 12pt 0cm 3pt\"><span style=\"font-weight: normal; font-size: 12pt\"><em><font face=\"Arial\">Puente de hierro<o:p><\/o:p><\/font><\/em><\/span><\/h2>\n<h1 style=\"margin: 0cm 0cm 0pt\"><span style=\"font-weight: normal; font-family: Arial\"><o:p><font size=\"5\">\u00a0<\/font><\/o:p><\/span><\/h1>\n<h2 style=\"margin: 12pt 0cm 3pt\"><em><font face=\"Arial\">Las Cajas de Agua<\/font><\/em><\/h2>\n<p><span style=\"font-family: Arial\"><o:p>\u00a0<\/o:p><\/span><span style=\"font-family: Arial\">La del Pilar- frente a la plaza de <st1:personname ProductID=\"la Fundaci?n.\" w:st=\"on\">la Fundaci\u00f3n.<\/st1:personname><o:p><\/o:p><\/span><span style=\"font-family: Arial\">De <st1:personname ProductID=\"la Estampa\" w:st=\"on\">la Estampa<\/st1:personname> esq. de Ocampo y Pino Su\u00e1rez.<o:p><\/o:p><\/span><span style=\"font-family: Arial\">De los Ahorcados. Zaragoza 77 Ote.<o:p><\/o:p><\/span><span style=\"font-family: Arial\">De Cantoya. Av. 5 de mayo.<o:p><\/o:p><\/span><span style=\"font-family: Arial\">De Garamilla. En Calle de Guti\u00e9rrez N\u00e1jera.<o:p><\/o:p><\/span><span style=\"font-family: Arial\">El Mexicano.<span>\u00a0 <\/span>En la calle de 16 de septiembre Ote.<o:p><\/o:p><\/span><span style=\"font-family: Arial\" lang=\"PT-BR\">De Santa Rosa de Viterbo. <\/span><span style=\"font-family: Arial\">En Av. Ezequiel Montes sur<o:p><\/o:p><\/span><span style=\"font-family: Arial\">De Verdolagas. Av. Ezequiel Montes norte<o:p><\/o:p><\/span><span style=\"font-family: Arial\">De Capulines Av. Del 57 y Ocampo<o:p><\/o:p><\/span><span style=\"font-family: Arial\"><o:p>\u00a0<\/o:p><\/span><strong><span style=\"font-size: 14pt; font-family: Arial\">Los Portales<o:p><\/o:p><\/span><\/strong><span style=\"font-size: 14pt; font-family: Arial\"><o:p>\u00a0<\/o:p><\/span><span style=\"font-family: Arial\">Portal de Samaniego<o:p><\/o:p><\/span><span style=\"font-family: Arial\">Portal Quemado<o:p><\/o:p><\/span><\/p>\n<h1 style=\"margin: 0cm 0cm 0pt\"><span style=\"font-weight: normal; font-size: 12pt; font-family: Arial\">Portal de Dolores<o:p><\/o:p><\/span><\/h1>\n<p><span style=\"font-family: Arial\">Portal Bueno<o:p><\/o:p><\/span><span style=\"font-family: Arial\">Portal Independencia<o:p><\/o:p><\/span><span style=\"font-family: Arial\">Portal de las Tamaleras<o:p><\/o:p><\/span><\/p>\n<h1 style=\"margin: 0cm 0cm 0pt\"><span style=\"font-weight: normal; font-size: 12pt; font-family: Arial\">Portal de 15 de mayo<o:p><\/o:p><\/span><\/h1>\n<p><span style=\"font-family: Arial\"><o:p>\u00a0<\/o:p><\/span><strong><span style=\"font-size: 14pt; font-family: Arial\">Las Plazas <o:p><\/o:p><\/span><\/strong><span style=\"font-family: Arial\"><o:p>\u00a0<\/o:p><\/span><span style=\"font-family: Arial\">Plaza de Armas<o:p><\/o:p><\/span><span style=\"font-family: Arial\">Plaza de <st1:personname ProductID=\"la Fundaci?n\" w:st=\"on\">la Fundaci\u00f3n<\/st1:personname><o:p><\/o:p><\/span><span style=\"font-family: Arial\">Plaza de <st1:personname ProductID=\"la Constituci?n\" w:st=\"on\">la Constituci\u00f3n<\/st1:personname><o:p><\/o:p><\/span><span style=\"font-family: Arial\">Plaza Mariano de las Casas<o:p><\/o:p><\/span><span style=\"font-family: Arial\">Plaza de San Sebasti\u00e1n<o:p><\/o:p><\/span><span style=\"font-size: 20pt; font-family: Arial\"><o:p>\u00a0<\/o:p><\/span><\/p>\n<h2 style=\"margin: 12pt 0cm 3pt\"><em><font face=\"Arial\">Los Jardines<\/font><\/em><\/h2>\n<p><span style=\"font-family: Arial\"><o:p>\u00a0<\/o:p><\/span><span style=\"font-family: Arial\">Jard\u00edn Zenea<o:p><\/o:p><\/span><span style=\"font-family: Arial\">Jard\u00edn Corregidora<o:p><\/o:p><\/span><\/p>\n<h1 style=\"margin: 0cm 0cm 0pt\"><span style=\"font-weight: normal; font-size: 12pt; font-family: Arial\">Jard\u00edn San Antonio<o:p><\/o:p><\/span><\/h1>\n<p><span style=\"font-family: Arial\">Jard\u00edn Santa Clara<o:p><\/o:p><\/span><span style=\"font-family: Arial\">Jard\u00edn de <st1:personname ProductID=\"La Cruz\" w:st=\"on\">la Cruz<\/st1:personname><o:p><\/o:p><\/span><span style=\"font-family: Arial\">Jard\u00edn de los Platitos<o:p><\/o:p><\/span><span style=\"font-size: 20pt; font-family: Arial\"><o:p>\u00a0<\/o:p><\/span><span style=\"font-size: 20pt; font-family: Arial\"><o:p><\/o:p><\/span>\u00a0<span style=\"font-size: 20pt; font-family: Arial\"><o:p><\/o:p><\/span>\u00a0 <span style=\"font-size: 20pt; font-family: Arial\"><o:p><\/o:p><\/span><strong><span style=\"font-size: 14pt; font-family: Arial\">Los Alrededores<o:p><\/o:p><\/span><\/strong><span style=\"font-size: 14pt; font-family: Arial\"><o:p>\u00a0<\/o:p><\/span><st1:personname ProductID=\"La Ca?ada\" w:st=\"on\"><span style=\"font-family: Arial\">La Ca\u00f1ada<\/span><\/st1:personname><span style=\"font-family: Arial\">, El Pueblito<o:p><\/o:p><\/span><span style=\"font-family: Arial\">H\u00e9rcules, Carrillo<o:p><\/o:p><\/span><strong><span style=\"font-family: Arial\"><em>Santa Ma. Magdalena<o:p><\/o:p><\/em><\/span><\/strong><span style=\"font-family: Arial\">San Pablo y Santa Rosa J\u00e1uregui<o:p><\/o:p><\/span><span style=\"font-size: 20pt; font-family: Arial\"><o:p>\u00a0<\/o:p><\/span><span style=\"font-size: 20pt; font-family: Arial\"><o:p><\/o:p><\/span>\u00a0<span style=\"font-size: 20pt; font-family: Arial\"><o:p><\/o:p><\/span>\u00a0<span style=\"font-size: 20pt; font-family: Arial\"><o:p><\/o:p><\/span><strong><span style=\"font-size: 14pt; font-family: Arial\">El Cerro de las Campanas<o:p><\/o:p><\/span><\/strong><span style=\"font-size: 14pt; font-family: Arial\"><o:p>\u00a0<\/o:p><\/span><st1:personname ProductID=\"La Capilla\" w:st=\"on\"><span style=\"font-family: Arial\">La Capilla<\/span><\/st1:personname><span style=\"font-family: Arial\"> de Maximiliano<o:p><\/o:p><\/span><span style=\"font-family: Arial\">El Monumento a Ju\u00e1rez<o:p><\/o:p><\/span><st1:personname ProductID=\"la Fuente\" w:st=\"on\"><span style=\"font-family: Arial\">La Fuente<\/span><\/st1:personname><span style=\"font-family: Arial\"> de los Ni\u00f1os<o:p><\/o:p><\/span><span style=\"font-family: Arial\">El Museo de Sitio<o:p><\/o:p><\/span><\/p>\n<h1 style=\"margin: 0cm 0cm 0pt\"><span style=\"font-weight: normal; font-size: 12pt; font-family: Arial\">Centro Universitario<o:p><\/o:p><\/span><\/h1>\n<h2 style=\"margin: 12pt 0cm 3pt\"><span style=\"font-weight: normal\"><o:p><em><font face=\"Arial\">\u00a0<\/font><\/em><\/o:p><\/span><\/h2>\n<h2 style=\"margin: 12pt 0cm 3pt\"><st1:personname ProductID=\"La Alameda\" w:st=\"on\"><em><font face=\"Arial\">La Alameda<\/font><\/em><\/st1:personname><\/h2>\n<p><span style=\"font-size: 14pt; font-family: Arial\"><o:p>\u00a0<\/o:p><\/span><span style=\"font-family: Arial\">Monumento a Hidalgo<o:p><\/o:p><\/span><span style=\"font-family: Arial\">Escultura de \u201c<st1:personname ProductID=\"La Canci?n Mixteca\" w:st=\"on\">La Canci\u00f3n Mixteca<\/st1:personname>\u201d<o:p><\/o:p><\/span><span style=\"font-family: Arial\"><o:p>\u00a0<\/o:p><\/span><strong><span style=\"font-size: 22pt; font-family: Arial\"><o:p>\u00a0<\/o:p><\/span><\/strong><strong><span style=\"font-size: 22pt; font-family: Arial\"><o:p>\u00a0<\/o:p><\/span><\/strong><strong><span style=\"font-size: 22pt; font-family: Arial\"><o:p>\u00a0<\/o:p><\/span><\/strong><strong><span style=\"font-size: 22pt; font-family: Arial\"><o:p>\u00a0<\/o:p><\/span><\/strong><strong><span style=\"font-size: 14pt; font-family: Arial\">Los Parques <o:p><\/o:p><\/span><\/strong><span style=\"font-size: 14pt; font-family: Arial\"><o:p>\u00a0<\/o:p><\/span><span style=\"font-family: Arial\">Los Alcanfores<o:p><\/o:p><\/span><span style=\"font-family: Arial\">Parque 2000<o:p><\/o:p><\/span><\/p>\n<h1 style=\"margin: 0cm 0cm 0pt\"><span style=\"font-weight: normal; font-size: 12pt; font-family: Arial\">Cimacu\u00e1tico<o:p><\/o:p><\/span><\/h1>\n<h4 style=\"margin: 12pt 0cm 3pt\"><span style=\"font-size: 12pt; font-family: Arial\">Alameda sur<o:p><\/o:p><\/span><\/h4>\n<p><span style=\"font-size: 20pt; font-family: Arial\"><o:p>\u00a0<\/o:p><\/span><\/p>\n<h2 style=\"margin: 12pt 0cm 3pt\"><em><font face=\"Arial\"><st1:personname ProductID=\"La Estaci?n\" w:st=\"on\">La Estaci\u00f3n<\/st1:personname> del Ferrocarril<\/font><\/em><\/h2>\n<p><span style=\"font-family: Arial\" lang=\"ES-MX\"><o:p>\u00a0<\/o:p><\/span><span style=\"font-family: Arial\" lang=\"ES-MX\">Edificio<\/span><span style=\"font-family: Arial\" lang=\"PT-BR\"> de<\/span><span style=\"font-family: Arial\"> la<\/span><span style=\"font-family: Arial\" lang=\"PT-BR\"> \u00e9poca<\/span><span style=\"font-family: Arial\" lang=\"ES-MX\"> porfiriana<\/span><span style=\"font-family: Arial\" lang=\"PT-BR\">. <\/span><span style=\"font-family: Arial\">Afrancesado.<o:p><\/o:p><\/span><span style=\"font-family: Arial\"><o:p>\u00a0<\/o:p><\/span><span style=\"font-family: Arial\"><o:p>\u00a0<\/o:p><\/span><strong><span style=\"font-size: 14pt; font-family: Arial\">Las Casas y Palacios<o:p><\/o:p><\/span><\/strong><span style=\"font-family: Arial\"><o:p>\u00a0<\/o:p><\/span><st1:personname ProductID=\"la Casa\" w:st=\"on\"><span style=\"font-family: Arial\">La Casa<\/span><\/st1:personname><span style=\"font-family: Arial\"> de <st1:personname ProductID=\"la Corregidora\" w:st=\"on\">la Corregidora<\/st1:personname><o:p><\/o:p><\/span><span style=\"font-family: Arial\">La casa del Marques<o:p><\/o:p><\/span><span style=\"font-family: Arial\">La casa de <st1:personname ProductID=\"la Marquesa\" w:st=\"on\">la Marquesa<\/st1:personname><o:p><\/o:p><\/span><span style=\"font-family: Arial\">La casa del Fald\u00f3n<o:p><\/o:p><\/span><span style=\"font-family: Arial\">La casa de los perros<o:p><\/o:p><\/span><st1:personname ProductID=\"la Casa\" w:st=\"on\"><span style=\"font-family: Arial\">La Casa<\/span><\/st1:personname><span style=\"font-family: Arial\"> de Ecala<o:p><\/o:p><\/span><span style=\"font-family: Arial\">Otras<o:p><\/o:p><\/span><span style=\"font-size: 20pt; font-family: Arial\"><o:p>\u00a0<\/o:p><\/span><\/p>\n<h2 style=\"margin: 12pt 0cm 3pt\"><em><font face=\"Arial\">Los Monumentos<\/font><\/em><\/h2>\n<p><span style=\"font-size: 14pt; font-family: Arial\"><o:p>\u00a0<\/o:p><\/span><span style=\"font-family: Arial\">A Los Concheros<o:p><\/o:p><\/span><span style=\"font-family: Arial\">A Santiago Matamoros<o:p><\/o:p><\/span><span style=\"font-family: Arial\">A <st1:personname ProductID=\"la Corregidora\" w:st=\"on\">la Corregidora<\/st1:personname><o:p><\/o:p><\/span><span style=\"font-family: Arial\">A Con\u00edn<o:p><\/o:p><\/span><span style=\"font-family: Arial\">A Benito Ju\u00e1rez<o:p><\/o:p><\/span><span style=\"font-family: Arial\">A Juan Caballero y Osio<o:p><\/o:p><\/span><span style=\"font-family: Arial\" lang=\"PT-BR\">A Josefa Vergara<o:p><\/o:p><\/span><span style=\"font-family: Arial\" lang=\"PT-BR\">A<\/span><span style=\"font-family: Arial\" lang=\"ES-MX\"> Hidalgo<\/span><span style=\"font-family: Arial\" lang=\"PT-BR\"><o:p><\/o:p><\/span><span style=\"font-family: Arial\" lang=\"ES-MX\">A Mariano Escobedo<\/span><span style=\"font-family: Arial\" lang=\"PT-BR\"><o:p><\/o:p><\/span><span style=\"font-family: Arial\">A Ignacio Allende<o:p><\/o:p><\/span><span style=\"font-family: Arial\">A Ignacio P\u00e9rez<o:p><\/o:p><\/span><span style=\"font-family: Arial\">A Vicente Guerrero<o:p><\/o:p><\/span><span style=\"font-family: Arial\">A Ezequiel Montes<o:p><\/o:p><\/span><span style=\"font-family: Arial\">Conjunto escult\u00f3rico \u201cEl juego de pelota\u201d Parque 2000<o:p><\/o:p><\/span><span style=\"font-size: 20pt; font-family: Arial\"><o:p>\u00a0<\/o:p><\/span><span style=\"font-size: 20pt; font-family: Arial\"><o:p><\/o:p><\/span>\u00a0<span style=\"font-size: 20pt; font-family: Arial\"><o:p><\/o:p><\/span>\u00a0<span style=\"font-size: 20pt; font-family: Arial\"><o:p><\/o:p><\/span><strong><span style=\"font-size: 14pt; font-family: Arial\">Los Museos y Centros de Cultura<o:p><\/o:p><\/span><\/strong><span style=\"font-size: 14pt; font-family: Arial\"><o:p>\u00a0<\/o:p><\/span><span style=\"font-family: Arial\">De<span>\u00a0 <\/span>Arte<o:p><\/o:p><\/span><strong><span style=\"font-family: Arial\"><em>De Historia<o:p><\/o:p><\/em><\/span><\/strong><span style=\"font-family: Arial\">De <st1:personname ProductID=\"la Ciudad\" w:st=\"on\">la Ciudad<\/st1:personname><o:p><\/o:p><\/span><span style=\"font-family: Arial\">De Sitio en el Convento de <st1:personname ProductID=\"La Cruz\" w:st=\"on\">la Cruz<\/st1:personname><o:p><\/o:p><\/span><span style=\"font-family: Arial\">De sitio en el Cerro de las Campanas<o:p><\/o:p><\/span><span style=\"font-family: Arial\">Jard\u00edn del arte<o:p><\/o:p><\/span><span style=\"font-family: Arial\">Galer\u00eda Libertad<o:p><\/o:p><\/span><span style=\"font-family: Arial\"><o:p>\u00a0<\/o:p><\/span><span style=\"font-family: Arial\"><o:p><\/o:p><\/span>\u00a0<span style=\"font-family: Arial\"><o:p><\/o:p><\/span>\u00a0<span style=\"font-family: Arial\"><o:p><\/o:p><\/span><strong><span style=\"font-size: 14pt; font-family: Arial\">Sus Teatros, el Auditorio y el Estadio<o:p><\/o:p><\/span><\/strong><span style=\"font-size: 14pt; font-family: Arial\"><o:p>\u00a0<\/o:p><\/span><span style=\"font-family: Arial\">Teatro de <st1:personname ProductID=\"la Rep?blica\" w:st=\"on\">la Rep\u00fablica<\/st1:personname><o:p><\/o:p><\/span><span style=\"font-family: Arial\">Teatro de <st1:personname ProductID=\"la Ciudad\" w:st=\"on\">la Ciudad<\/st1:personname><o:p><\/o:p><\/span><span style=\"font-family: Arial\">Auditorio Arteaga<o:p><\/o:p><\/span><span style=\"font-family: Arial\">Auditorio Corregidora<o:p><\/o:p><\/span><span style=\"font-family: Arial\">Estadio Corregidora<o:p><\/o:p><\/span><span style=\"font-family: Arial\"><o:p>\u00a0<\/o:p><\/span><span style=\"font-family: Arial\"><o:p>\u00a0<\/o:p><\/span><\/p>\n<h1 align=\"center\" style=\"margin: 0cm 0cm 0pt; text-align: center\"><span style=\"font-family: Arial\"><\/span><\/h1>\n<h1 align=\"center\" style=\"margin: 0cm 0cm 0pt; text-align: center\"><span style=\"font-family: Arial\"><\/span><\/h1>\n<h1 align=\"center\" style=\"margin: 0cm 0cm 0pt; text-align: center\"><span style=\"font-family: Arial\"><\/span><\/h1>\n<h1 align=\"center\" style=\"margin: 0cm 0cm 0pt; text-align: center\"><span style=\"font-family: Arial\"><font size=\"5\">Calles, Jardines, Plazas y Mercados de Quer\u00e9taro<o:p><\/o:p><\/font><\/span><\/h1>\n<h3 style=\"margin: 12pt 0cm 3pt\"><span style=\"font-size: 14pt\" lang=\"ES-TRAD\"><font face=\"Arial\">Plazas y Jardines<o:p><\/o:p><\/font><\/span><\/h3>\n<p><span style=\"font-size: 2pt; font-family: Arial\"><o:p>\u00a0<\/o:p><\/span><span style=\"font-family: Arial\">Jard\u00edn Zenea<span>\u00a0\u00a0\u00a0\u00a0\u00a0\u00a0\u00a0\u00a0\u00a0\u00a0\u00a0\u00a0\u00a0\u00a0\u00a0 <\/span><\/span><span style=\"font-family: Arial\"><o:p><\/o:p><\/span><span style=\"font-family: Arial\"><o:p>\u00a0<\/o:p><\/span><span style=\"font-family: Arial\">Plaza de Armas <\/span><span style=\"font-family: Arial\"><span>\u00a0\u00a0\u00a0\u00a0\u00a0\u00a0\u00a0\u00a0\u00a0\u00a0\u00a0<\/span><o:p><\/o:p><\/span><span style=\"font-family: Arial\"><o:p>\u00a0<\/o:p><\/span><span style=\"font-family: Arial\">Plaza de <st1:personname ProductID=\"La Cruz\" w:st=\"on\">La Cruz<\/st1:personname> o de Fundadores<\/span><span style=\"font-family: Arial\"><span>\u00a0\u00a0\u00a0 <\/span><o:p><\/o:p><\/span><span style=\"font-family: Arial\"><o:p>\u00a0<\/o:p><\/span><span style=\"font-family: Arial\">Plaza Constituci\u00f3n<\/span><span style=\"font-family: Arial\"><span>\u00a0\u00a0\u00a0\u00a0\u00a0\u00a0 <\/span><o:p><\/o:p><\/span><span style=\"font-family: Arial\"><o:p>\u00a0<\/o:p><\/span><st1:personname ProductID=\"La Alameda Hidalgo\" w:st=\"on\"><span style=\"font-family: Arial\">La Alameda Hidalgo<\/span><\/st1:personname><span style=\"font-family: Arial\"><span>\u00a0\u00a0\u00a0 <\/span><o:p><\/o:p><\/span><span style=\"font-family: Arial\"><o:p>\u00a0<\/o:p><\/span><span style=\"font-family: Arial\">Jard\u00edn Guerrero<\/span><span style=\"font-family: Arial\"><span>\u00a0\u00a0\u00a0\u00a0\u00a0\u00a0\u00a0\u00a0\u00a0\u00a0\u00a0\u00a0\u00a0\u00a0 <\/span><o:p><\/o:p><\/span><span style=\"font-family: Arial\"><o:p>\u00a0<\/o:p><\/span><span style=\"font-family: Arial\">Jard\u00edn De <st1:personname ProductID=\"la Corregidora\" w:st=\"on\">La Corregidora<\/st1:personname><\/span><span style=\"font-family: Arial\"><span>\u00a0\u00a0\u00a0 <\/span><o:p><\/o:p><\/span><span style=\"font-family: Arial\"><o:p>\u00a0<\/o:p><\/span><span style=\"font-family: Arial\">Jard\u00edn de San Antonio<span>\u00a0\u00a0 <\/span><\/span><span style=\"font-family: Arial\"><span>\u00a0\u00a0\u00a0\u00a0\u00a0\u00a0\u00a0\u00a0\u00a0\u00a0<\/span><o:p><\/o:p><\/span><span style=\"font-family: Arial\"><o:p>\u00a0<\/o:p><\/span><\/p>\n<h2 style=\"margin: 12pt 0cm 3pt\"><span style=\"font-weight: normal; font-size: 12pt\"><em><font face=\"Arial\">Plaza Mariano De Las Casas<span>\u00a0\u00a0\u00a0\u00a0 <\/span><o:p><\/o:p><\/font><\/em><\/span><\/h2>\n<p><span style=\"font-family: Arial\"><o:p>\u00a0<\/o:p><\/span><span style=\"font-family: Arial\">Plaza de San Sebasti\u00e1n<o:p><\/o:p><\/span><span style=\"font-family: Arial\"><o:p>\u00a0<\/o:p><\/span><\/p>\n<h2 style=\"margin: 12pt 0cm 3pt\"><span style=\"font-weight: normal; font-size: 12pt\"><em><font face=\"Arial\">Jard\u00edn de Los Platitos<o:p><\/o:p><\/font><\/em><\/span><\/h2>\n<p><span style=\"font-family: Arial\"><o:p>\u00a0<\/o:p><\/span><\/p>\n<h2 style=\"margin: 12pt 0cm 3pt\"><span style=\"font-weight: normal; font-size: 12pt\"><em><font face=\"Arial\">El Cerro de Las Campanas<o:p><\/o:p><\/font><\/em><\/span><\/h2>\n<p><span style=\"font-family: Arial\"><o:p>\u00a0<\/o:p><\/span><\/p>\n<h2 style=\"margin: 12pt 0cm 3pt\"><span style=\"font-weight: normal; font-size: 12pt\"><em><font face=\"Arial\">Los Arcos y sus Cajas de Agua<o:p><\/o:p><\/font><\/em><\/span><\/h2>\n<p><span style=\"font-family: Arial\"><o:p>\u00a0<\/o:p><\/span><\/p>\n<h2 style=\"margin: 12pt 0cm 3pt\"><span style=\"font-weight: normal; font-size: 12pt\"><em><font face=\"Arial\">Sus 17 Conventos monumentales<o:p><\/o:p><\/font><\/em><\/span><\/h2>\n<p><span style=\"font-family: Arial\"><o:p>\u00a0<\/o:p><\/span><\/p>\n<h2 style=\"margin: 12pt 0cm 3pt\"><span style=\"font-weight: normal; font-size: 12pt\"><em><font face=\"Arial\">Sus Capillas de Indios<o:p><\/o:p><\/font><\/em><\/span><\/h2>\n<p><span style=\"font-family: Arial\"><o:p>\u00a0<\/o:p><\/span><\/p>\n<h4 style=\"margin: 12pt 0cm 3pt\"><span style=\"font-weight: normal; font-family: Arial\"><font size=\"5\">Panteones<o:p><\/o:p><\/font><\/span><\/h4>\n<h2 style=\"margin: 12pt 0cm 3pt\"><span style=\"font-weight: normal\"><o:p><em><font face=\"Arial\">\u00a0<\/font><\/em><\/o:p><\/span><\/h2>\n<h2 style=\"margin: 12pt 0cm 3pt\"><span style=\"font-weight: normal; font-size: 12pt\"><em><font face=\"Arial\">Los osarios de los 17 conventos existentes en la ciudad<o:p><\/o:p><\/font><\/em><\/span><\/h2>\n<p><span style=\"font-family: Arial\">Del Atrio de San Francisco<o:p><\/o:p><\/span><span style=\"font-family: Arial\">Del Atrio del Esp\u00edritu Santo<o:p><\/o:p><\/span><\/p>\n<h2 style=\"margin: 12pt 0cm 3pt\"><span style=\"font-weight: normal\"><o:p><em><font face=\"Arial\">\u00a0<\/font><\/em><\/o:p><\/span><\/h2>\n<h2 style=\"margin: 12pt 0cm 3pt\"><span style=\"font-weight: normal; font-size: 12pt\"><em><font face=\"Arial\">Del atrio de San Sebasti\u00e1n<o:p><\/o:p><\/font><\/em><\/span><\/h2>\n<p><span style=\"font-family: Arial\">De Pobres, ahora Pante\u00f3n de los hombres ilustres<o:p><\/o:p><\/span><span style=\"font-family: Arial\">Del Cimatario<o:p><\/o:p><\/span><span style=\"font-family: Arial\">De San Pedrito Pe\u00f1uelas<o:p><\/o:p><\/span><span style=\"font-family: Arial\"><o:p>\u00a0<\/o:p><\/span><strong><span style=\"font-size: 14pt; font-family: Arial\" lang=\"PT-BR\">Mercados<o:p><\/o:p><\/span><\/strong><span style=\"font-family: Arial\" lang=\"PT-BR\"><o:p>\u00a0<\/o:p><\/span><span style=\"font-family: Arial\" lang=\"PT-BR\">Dr. Pedro Escobedo<o:p><\/o:p><\/span><span style=\"font-family: Arial\" lang=\"PT-BR\">De <st1:personname ProductID=\"La Cruz\" w:st=\"on\">La Cruz<\/st1:personname><o:p><\/o:p><\/span><span style=\"font-family: Arial\">Del Tepetate<o:p><\/o:p><\/span><span style=\"font-family: Arial\">Hidalgo<o:p><\/o:p><\/span><span style=\"font-family: Arial\">Madero<o:p><\/o:p><\/span><span style=\"font-family: Arial\"><o:p>\u00a0<\/o:p><\/span><\/p>\n<h3 style=\"margin: 12pt 0cm 3pt\"><span style=\"font-size: 14pt\" lang=\"ES-TRAD\"><font face=\"Arial\">Portales<o:p><\/o:p><\/font><\/span><\/h3>\n<p><span style=\"font-family: Arial\"><o:p>\u00a0<\/o:p><\/span><span style=\"font-family: Arial\">Portal de Valderrama<span>\u00a0\u00a0\u00a0\u00a0\u00a0\u00a0\u00a0\u00a0\u00a0\u00a0\u00a0\u00a0\u00a0\u00a0\u00a0\u00a0\u00a0\u00a0\u00a0\u00a0\u00a0\u00a0\u00a0\u00a0\u00a0\u00a0\u00a0 <\/span>Entre 15 de mayo y Pasteur<o:p><\/o:p><\/span><span style=\"font-family: Arial\">Portal de Panaderos<span>\u00a0\u00a0\u00a0\u00a0\u00a0\u00a0\u00a0\u00a0\u00a0\u00a0\u00a0\u00a0\u00a0\u00a0\u00a0\u00a0\u00a0\u00a0\u00a0\u00a0\u00a0\u00a0\u00a0\u00a0\u00a0\u00a0\u00a0\u00a0 <\/span>Independencia Entre Corregidora y<span>\u00a0\u00a0 <\/span><o:p><\/o:p><\/span><span style=\"font-family: Arial\"><span>\u00a0\u00a0\u00a0\u00a0\u00a0\u00a0\u00a0\u00a0\u00a0\u00a0\u00a0\u00a0\u00a0\u00a0\u00a0\u00a0\u00a0\u00a0\u00a0\u00a0\u00a0\u00a0\u00a0\u00a0\u00a0\u00a0\u00a0\u00a0\u00a0\u00a0\u00a0\u00a0\u00a0\u00a0\u00a0\u00a0\u00a0\u00a0\u00a0\u00a0\u00a0\u00a0\u00a0\u00a0\u00a0\u00a0\u00a0\u00a0\u00a0\u00a0\u00a0\u00a0\u00a0\u00a0\u00a0\u00a0\u00a0\u00a0\u00a0\u00a0\u00a0 <\/span>Vergara<o:p><\/o:p><\/span><span style=\"font-family: Arial\"><o:p>\u00a0<\/o:p><\/span><span style=\"font-family: Arial\">Portal Bueno<span>\u00a0 <\/span><span>\u00a0\u00a0\u00a0\u00a0\u00a0\u00a0\u00a0\u00a0\u00a0\u00a0\u00a0\u00a0\u00a0\u00a0\u00a0\u00a0\u00a0\u00a0\u00a0\u00a0\u00a0\u00a0\u00a0\u00a0\u00a0\u00a0\u00a0\u00a0\u00a0\u00a0\u00a0\u00a0\u00a0\u00a0\u00a0\u00a0\u00a0\u00a0\u00a0<\/span>Entre Ju\u00e1rez y Corregidora<o:p><\/o:p><\/span><span style=\"font-family: Arial\">Portal de Pasos o De Las Tamaleras<span>\u00a0\u00a0 <\/span>Entre 5 de mayo y 16 de septiembre<o:p><\/o:p><\/span><span style=\"font-family: Arial\">Portal de Samaniego<span>\u00a0\u00a0\u00a0\u00a0\u00a0\u00a0\u00a0\u00a0\u00a0\u00a0\u00a0\u00a0\u00a0\u00a0\u00a0\u00a0\u00a0\u00a0\u00a0\u00a0\u00a0\u00a0\u00a0\u00a0\u00a0\u00a0\u00a0 <\/span>Entre Pasteur y 5 de mayo<o:p><\/o:p><\/span><span style=\"font-family: Arial\">Portal <\/span><\/p>\n<p align=\"left\"><span style=\"font-family: Arial\"><\/span><\/p>\n<p align=\"left\"><span style=\"font-family: Arial\"><\/span><\/p>\n<p><span style=\"font-family: Arial\">Quemado<span>\u00a0\u00a0\u00a0\u00a0\u00a0\u00a0\u00a0\u00a0\u00a0\u00a0\u00a0\u00a0\u00a0\u00a0\u00a0\u00a0\u00a0\u00a0\u00a0\u00a0\u00a0\u00a0\u00a0\u00a0\u00a0\u00a0\u00a0\u00a0\u00a0\u00a0 <\/span><span>\u00a0\u00a0\u00a0\u00a0\u00a0<\/span>Entre Pasteur y Callej\u00f3n Libertad<o:p><\/o:p><\/span><span style=\"font-family: Arial\">Portal de <\/span><\/p>\n<p align=\"left\"><span style=\"font-family: Arial\"><\/span><\/p>\n<p align=\"left\"><span style=\"font-family: Arial\"><\/span><\/p>\n<p><span style=\"font-family: Arial\">Dolores<span>\u00a0\u00a0\u00a0\u00a0\u00a0\u00a0\u00a0\u00a0\u00a0\u00a0\u00a0\u00a0\u00a0\u00a0\u00a0\u00a0\u00a0\u00a0\u00a0\u00a0\u00a0\u00a0\u00a0\u00a0\u00a0\u00a0\u00a0\u00a0\u00a0\u00a0\u00a0\u00a0\u00a0 <\/span>Entre 5 de mayo y Callej\u00f3n Libertad<o:p><\/o:p><\/span><o:p><font face=\"Times New Roman\">\u00a0<\/font><\/o:p><\/p>\n","protected":false},"excerpt":{"rendered":"<p>El Barrio de la Loma del Sangremal\u00a0\u00a0\u00a0El Barrio de la LomaEl CalvaritoTemplo y Convento de La Cruz de los Milagros Museo de Sitio- \u00c1rbol de las Cruces.La Plaza de la Fundaci\u00f3nLos Monumentos a los Fundadores de la Ciudad:A los Concheros,A los Misioneros Fray Jun\u00edpero Serra y Fray Margil de Jes\u00fas A Santiago MatamorosA los fundadores [&hellip;]<\/p>\n","protected":false},"author":249,"featured_media":0,"comment_status":"open","ping_status":"closed","sticky":false,"template":"","format":"standard","meta":{"footnotes":""},"categories":[8],"tags":[],"class_list":["post-25","post","type-post","status-publish","format-standard","hentry","category-ciudad-de-queretaro"],"_links":{"self":[{"href":"https:\/\/eloficiodehistoriar.com.mx\/index.php?rest_route=\/wp\/v2\/posts\/25","targetHints":{"allow":["GET"]}}],"collection":[{"href":"https:\/\/eloficiodehistoriar.com.mx\/index.php?rest_route=\/wp\/v2\/posts"}],"about":[{"href":"https:\/\/eloficiodehistoriar.com.mx\/index.php?rest_route=\/wp\/v2\/types\/post"}],"author":[{"embeddable":true,"href":"https:\/\/eloficiodehistoriar.com.mx\/index.php?rest_route=\/wp\/v2\/users\/249"}],"replies":[{"embeddable":true,"href":"https:\/\/eloficiodehistoriar.com.mx\/index.php?rest_route=%2Fwp%2Fv2%2Fcomments&post=25"}],"version-history":[{"count":0,"href":"https:\/\/eloficiodehistoriar.com.mx\/index.php?rest_route=\/wp\/v2\/posts\/25\/revisions"}],"wp:attachment":[{"href":"https:\/\/eloficiodehistoriar.com.mx\/index.php?rest_route=%2Fwp%2Fv2%2Fmedia&parent=25"}],"wp:term":[{"taxonomy":"category","embeddable":true,"href":"https:\/\/eloficiodehistoriar.com.mx\/index.php?rest_route=%2Fwp%2Fv2%2Fcategories&post=25"},{"taxonomy":"post_tag","embeddable":true,"href":"https:\/\/eloficiodehistoriar.com.mx\/index.php?rest_route=%2Fwp%2Fv2%2Ftags&post=25"}],"curies":[{"name":"wp","href":"https:\/\/api.w.org\/{rel}","templated":true}]}}