{"id":25094,"date":"2021-11-24T09:48:28","date_gmt":"2021-11-24T15:48:28","guid":{"rendered":"https:\/\/eloficiodehistoriar.com.mx\/?p=25094"},"modified":"2021-11-24T09:48:28","modified_gmt":"2021-11-24T15:48:28","slug":"ficma-ofrece-140-peliculas-talleres-conferencias-conversatorios","status":"publish","type":"post","link":"https:\/\/eloficiodehistoriar.com.mx\/?p=25094","title":{"rendered":"FICMA ofrece 140 pel\u00edculas, talleres, conferencias, conversatorios"},"content":{"rendered":"<div id=\"article-cont\" class=\"main-cont article-cont actuality\">\n<div class=\"cabeza\">La digitalizaci\u00f3n a partir de las afectaciones por el Covid, tema del Ficma<\/div>\n<div class=\"sumarios\"><\/div>\n<div id=\"article-text\" class=\"text\">\n<div class=\"col col1\">\n<div class=\"credito-autor\">Juan Ibarra<\/div>\n<div class=\"credito-titulo\"><\/div>\n<div class=\"hemero\">La Jornada<\/p>\n<\/div>\n<p class=\"s-s\">El sexto Festival Internacional de Cine con Medios Alternativos (Ficma) se llevar\u00e1 a cabo del 7 al 11 de diciembre en formato h\u00edbrido. En 14 sedes de la Ciudad de M\u00e9xico, como la red de Faros, el Museo de la Ciudad de M\u00e9xico y el foro al aire libre de la Cineteca Nacional, el encuentro dar\u00e1 lugar a m\u00e1s de 140 pel\u00edculas de 40 pa\u00edses; adem\u00e1s, ofrecer\u00e1 talleres, conferencias, mesas redondas y conversatorios actividades a las que podr\u00e1n ingresar de manera gratuita a trav\u00e9s de diferentes plataformas.<\/p>\n<p>El director general del Ficma, Miguel \u00c1ngel Ram\u00edrez, explic\u00f3 que este a\u00f1o el tema ser\u00e1 la digitalizaci\u00f3n de los medios audiovisuales y de las industrias creativas a partir de las afectaciones generadas por la pandemia de Covid-19. De esa manera, el festival contar\u00e1 con una ampl\u00eda oferta para la profesionalizaci\u00f3n de los creadores audiovisuales.<\/p>\n<p>Cristian Cal\u00f3nico, director del Fideicomiso para la Promoci\u00f3n y Desarrollo del Cine Mexicano, que apoya al Ficma desde hace ya varias ediciones, destac\u00f3 el tipo de oferta que hace el encuentro.\u00a0<q>Es un festival, digamos que de nicho, pero diferente a otros muchos. Hace un planteamiento y presenta trabajos que dif\u00edcilmente podemos ver en otras plataformas y en otros lugares<\/q>, se\u00f1al\u00f3.<\/p>\n<\/div>\n<div class=\"col col2\">\n<p>Tutoriales, talleres y seminarios ser\u00e1n impartidos a trav\u00e9s de plataformas como YouTube, Facebook y Zoom. Entre los temas que ser\u00e1n tratados est\u00e1n: desarrollo de l\u00edneas de guion para proyectos audiovisuales, animaciones sencillas para tus redes sociales y estructuraci\u00f3n de documentales web. Adem\u00e1s se impartir\u00e1 el taller intensivo de producci\u00f3n de cine.<\/p>\n<p>De las 142 pel\u00edculas, 40 se encuentran en competencia, entre las que hay 22 mexicanas. El festival tambi\u00e9n estar\u00e1 disponible las 24 horas a trav\u00e9s de la p\u00e1gina\u00a0<a href=\"https:\/\/ficmafest.org\/\" target=\"_blank\" rel=\"noopener\">ficmafest.org\u00a0<\/a>.<\/p>\n<\/div>\n<\/div>\n<div class=\"go gui\">\n<div class=\"go-up\"><\/div>\n<\/div>\n<\/div>\n<div id=\"taboola-below-content-thumbnails\" class=\" trc_related_container trc_spotlight_widget tbl-feed-container tbl-feed-frame-DIVIDER  render-late-effect\" data-feed-container-num=\"1\" data-feed-main-container-id=\"taboola-below-content-thumbnails\" data-parent-placement-name=\"Below Content Thumbnails\" data-pub-lang=\"es\">\n<div class=\" tbl-feed-header tbl-logo-right-position\">\n<div class=\"tbl-feed-header-logo\"><\/div>\n<\/div>\n<\/div>\n","protected":false},"excerpt":{"rendered":"<p>La digitalizaci\u00f3n a partir de las afectaciones por el Covid, tema del Ficma Juan Ibarra La Jornada El sexto Festival Internacional de Cine con Medios Alternativos (Ficma) se llevar\u00e1 a cabo del 7 al 11 de diciembre en formato h\u00edbrido. En 14 sedes de la Ciudad de M\u00e9xico, como la red de Faros, el Museo [&hellip;]<\/p>\n","protected":false},"author":249,"featured_media":25095,"comment_status":"open","ping_status":"closed","sticky":false,"template":"","format":"standard","meta":{"footnotes":""},"categories":[26],"tags":[],"class_list":["post-25094","post","type-post","status-publish","format-standard","has-post-thumbnail","hentry","category-mundo"],"_links":{"self":[{"href":"https:\/\/eloficiodehistoriar.com.mx\/index.php?rest_route=\/wp\/v2\/posts\/25094","targetHints":{"allow":["GET"]}}],"collection":[{"href":"https:\/\/eloficiodehistoriar.com.mx\/index.php?rest_route=\/wp\/v2\/posts"}],"about":[{"href":"https:\/\/eloficiodehistoriar.com.mx\/index.php?rest_route=\/wp\/v2\/types\/post"}],"author":[{"embeddable":true,"href":"https:\/\/eloficiodehistoriar.com.mx\/index.php?rest_route=\/wp\/v2\/users\/249"}],"replies":[{"embeddable":true,"href":"https:\/\/eloficiodehistoriar.com.mx\/index.php?rest_route=%2Fwp%2Fv2%2Fcomments&post=25094"}],"version-history":[{"count":1,"href":"https:\/\/eloficiodehistoriar.com.mx\/index.php?rest_route=\/wp\/v2\/posts\/25094\/revisions"}],"predecessor-version":[{"id":25096,"href":"https:\/\/eloficiodehistoriar.com.mx\/index.php?rest_route=\/wp\/v2\/posts\/25094\/revisions\/25096"}],"wp:featuredmedia":[{"embeddable":true,"href":"https:\/\/eloficiodehistoriar.com.mx\/index.php?rest_route=\/wp\/v2\/media\/25095"}],"wp:attachment":[{"href":"https:\/\/eloficiodehistoriar.com.mx\/index.php?rest_route=%2Fwp%2Fv2%2Fmedia&parent=25094"}],"wp:term":[{"taxonomy":"category","embeddable":true,"href":"https:\/\/eloficiodehistoriar.com.mx\/index.php?rest_route=%2Fwp%2Fv2%2Fcategories&post=25094"},{"taxonomy":"post_tag","embeddable":true,"href":"https:\/\/eloficiodehistoriar.com.mx\/index.php?rest_route=%2Fwp%2Fv2%2Ftags&post=25094"}],"curies":[{"name":"wp","href":"https:\/\/api.w.org\/{rel}","templated":true}]}}