{"id":25136,"date":"2021-11-27T08:41:37","date_gmt":"2021-11-27T14:41:37","guid":{"rendered":"https:\/\/eloficiodehistoriar.com.mx\/?p=25136"},"modified":"2021-11-27T08:41:37","modified_gmt":"2021-11-27T14:41:37","slug":"la-novela-matarratas-del-escritor-jalisciense-antonio-ortuno-zapopan-1976","status":"publish","type":"post","link":"https:\/\/eloficiodehistoriar.com.mx\/?p=25136","title":{"rendered":"la novela\u00a0\u00abMatarratas\u00bb,\u00a0del escritor jalisciense Antonio Ortu\u00f1o (Zapopan, 1976),"},"content":{"rendered":"<div class=\"cabeza\">Si la imaginaci\u00f3n no tiene ancla en lo real, es delirio: Ortu\u00f1o<\/div>\n<div class=\"sumarios\">\n<p>El autor jalisciense dar\u00e1 a conocer\u00a0<em>Matarratas\u00a0<\/em>en la FIL de Guadalajara<\/p>\n<\/div>\n<div id=\"article-text\" class=\"text tbl-forkorts-article\">\n<div class=\"foto\">\n<div class=\"pie-foto\"><q>Es un libro irresponsable y lleno de sangre. No creo que la literatura juvenil no tenga que tratar estos temas<\/q>,<\/div>\n<div><\/div>\n<div class=\"pie-foto\">Flores Soto<\/div>\n<\/div>\n<div class=\"col\">\n<div class=\"credito-titulo\"><\/div>\n<div class=\"hemero\">La Jornada<\/p>\n<\/div>\n<p class=\"s-s\">El asesinato brutal y aterrador de una jovencita que es devorada por el amo desata la demanda de venganza en la novela\u00a0<em>Matarratas,\u00a0<\/em>del escritor jalisciense Antonio Ortu\u00f1o (Zapopan, 1976), quien conversa con\u00a0<em>La Jornada:<\/em>\u00a0<q>Creo que los j\u00f3venes lectores no viven en una burbuja<\/q>. Aunque la historia de caballeros y luchas con espadas ocurre en un pa\u00eds imaginario,\u00a0<q>para el lector joven mexicano, iberoamericano, no es una sociedad imaginaria ni un mundo de evasi\u00f3n. Es cierto, son aventuras y hay mucho de imaginaci\u00f3n y de l\u00fadico, pero tambi\u00e9n hay mucho que conecta con la realidad y con lo que conocen. La imaginaci\u00f3n, si no tiene un ancla en la realidad y en la experiencia humana, es un poco como delirio<\/q>.<\/p>\n<p>El autor presenta este libro ma\u00f1ana, en la 35 Feria Internacional del Libro (FIL) de Guadalajara, acompa\u00f1ado por Ren\u00e9e Carvajal y Benito Taibo en el Sal\u00f3n 8 a las 19 horas. La charla se transmitir\u00e1 en vivo por redes sociales y en la plataforma de la FIL.<\/p>\n<p>Una escena sangrienta y desconcertante inicia el relato, donde el peligro acompa\u00f1a a la sicaria\u00a0<em>Matarratas,\u00a0<\/em>quien, a cambio de una buena cantidad de oro se enfrentar\u00e1 al poderoso se\u00f1or de Ciudad Lago, sin saber que es parte de una conspiraci\u00f3n de poder.<\/p>\n<p>Un joven misterioso y escu\u00e1lido, llamado Clavo, y la fr\u00e1gil ni\u00f1a Agua la acompa\u00f1ar\u00e1n en la consigna de muerte.<\/p>\n<p><q>Antonio Ortu\u00f1o vuelve a la novela juvenil con una trepidante historia de aventuras sobre la justicia, el poder y el instinto de supervivencia<\/q>, se anuncia en la contraportada.<\/p>\n<p><q>Las historias que implican violencia existen en la fantas\u00eda, la ciencia ficci\u00f3n, el terror y, desde luego, en el realismo. Es parte de lo que enfrentan los j\u00f3venes, sobre todo en un pa\u00eds como \u00e9ste; desde hace muchos a\u00f1os esa violencia no es nada extra\u00f1a. Adem\u00e1s, tiene mucho que ver con lo que uno escucha en la escuela o en el barrio. Siempre est\u00e1n planeando sobre nosotros, son aterrorizantes y tambi\u00e9n forman parte de nuestra experiencia.<\/q><\/p>\n<p>En este contexto, el personaje principal es\u00a0<em>Matarratas,<\/em>\u00a0<q>una chica migrante que llega a la ciudad sin nada, vive como paria y tiene que recurrir a la vida de antihero\u00edna para sobrevivir<\/q>.<\/p>\n<p>Explica:\u00a0<q>No creo que la literatura para j\u00f3venes no tenga que abordar esos temas. Quiz\u00e1 la \u00fanica diferencia con la literatura en general ser\u00eda que los j\u00f3venes prefieren una narrativa m\u00e1s din\u00e1mica, m\u00e1s \u00e1gil y con un lenguaje m\u00e1s r\u00e1pido, con el que conecten mejor. Esas son las caracter\u00edsticas en las que me fijo cuando escribo un libro destinado al p\u00fablico joven. Pero no trato de dulcificar ni tratarlos como ni\u00f1os. Los adolescentes lectores son tremendamente agudos y listos, es justo la etapa en que empiezan a tomar contacto con los aspectos m\u00e1s oscuros, ambiguos o desazonadores de la vida<\/q>.<\/p>\n<p><em>Matarratas,<\/em>\u00a0<q>libro peque\u00f1o, irresponsable y lleno de sangre<\/q>, describe el propio autor, es un homenaje a los escritores que le abrieron la infantil puerta de la literatura, que inocularon el amor por la aventura y los mundos imaginarios, y al ni\u00f1o de 12 a\u00f1os que quer\u00eda leer, pero, sobre todo, escribir un libro como \u00e9ste. Y enumera a tres decenas de autores que marcaron su mente. Desde los 12 a\u00f1os planeaba las p\u00e1ginas que ahora publica editorial Oc\u00e9ano.\u00a0<q>He intentado escribir esta novela toda la vida<\/q>. No hab\u00eda ocurrido por escribir otras,\u00a0<q>y no se parecen nada a \u00e9sta<\/q>.<\/p>\n<p>La corrupci\u00f3n y la impunidad caracterizan a Ciudad Lago, fundada sobre agua y de la que ya s\u00f3lo quedan restos polvorientos. Una rebeli\u00f3n expuls\u00f3 a los reyes y su corte durante la Revoluci\u00f3n Gloriosa, ahora gobierna un consejo, pero para los siervos todo es igual.<\/p>\n<p>\u201cLa cosmovisi\u00f3n de un escritor tiene que ver con c\u00f3mo le da forma al mundo imaginario. Por ejemplo, el cristianismo medieval de Tolkien lo lleva a escribir\u00a0<em>El se\u00f1or de los anillos,\u00a0<\/em>con la lucha del bien contra el mal, la heroicidad, el sacrificio, todo contenido en esa espiritualidad de un erudito cat\u00f3lico. O la serie\u00a0<em>Terramar,\u00a0<\/em>de Le Guin, especialista en filosof\u00eda oriental.<\/p>\n<p><q>En mi caso, mi cosmovisi\u00f3n esc\u00e9ptica, casi nihilista, se ten\u00eda que colar en la formaci\u00f3n de un mundo imaginario. No pod\u00eda escribir algo sobre h\u00e9roes impolutos, buenos y maravillosos, cuando mi experiencia en lo social es distinta. En todo caso lo que puedo aportar al g\u00e9nero es esa visi\u00f3n que es diferente a la de enormes maestros, porque procedo de una situaci\u00f3n cultural y social tambi\u00e9n<\/q>.<\/p>\n<\/div>\n<\/div>\n","protected":false},"excerpt":{"rendered":"<p>Si la imaginaci\u00f3n no tiene ancla en lo real, es delirio: Ortu\u00f1o El autor jalisciense dar\u00e1 a conocer\u00a0Matarratas\u00a0en la FIL de Guadalajara Es un libro irresponsable y lleno de sangre. No creo que la literatura juvenil no tenga que tratar estos temas, Flores Soto La Jornada El asesinato brutal y aterrador de una jovencita que [&hellip;]<\/p>\n","protected":false},"author":249,"featured_media":25137,"comment_status":"open","ping_status":"closed","sticky":false,"template":"","format":"standard","meta":{"footnotes":""},"categories":[26],"tags":[],"class_list":["post-25136","post","type-post","status-publish","format-standard","has-post-thumbnail","hentry","category-mundo"],"_links":{"self":[{"href":"https:\/\/eloficiodehistoriar.com.mx\/index.php?rest_route=\/wp\/v2\/posts\/25136","targetHints":{"allow":["GET"]}}],"collection":[{"href":"https:\/\/eloficiodehistoriar.com.mx\/index.php?rest_route=\/wp\/v2\/posts"}],"about":[{"href":"https:\/\/eloficiodehistoriar.com.mx\/index.php?rest_route=\/wp\/v2\/types\/post"}],"author":[{"embeddable":true,"href":"https:\/\/eloficiodehistoriar.com.mx\/index.php?rest_route=\/wp\/v2\/users\/249"}],"replies":[{"embeddable":true,"href":"https:\/\/eloficiodehistoriar.com.mx\/index.php?rest_route=%2Fwp%2Fv2%2Fcomments&post=25136"}],"version-history":[{"count":1,"href":"https:\/\/eloficiodehistoriar.com.mx\/index.php?rest_route=\/wp\/v2\/posts\/25136\/revisions"}],"predecessor-version":[{"id":25138,"href":"https:\/\/eloficiodehistoriar.com.mx\/index.php?rest_route=\/wp\/v2\/posts\/25136\/revisions\/25138"}],"wp:featuredmedia":[{"embeddable":true,"href":"https:\/\/eloficiodehistoriar.com.mx\/index.php?rest_route=\/wp\/v2\/media\/25137"}],"wp:attachment":[{"href":"https:\/\/eloficiodehistoriar.com.mx\/index.php?rest_route=%2Fwp%2Fv2%2Fmedia&parent=25136"}],"wp:term":[{"taxonomy":"category","embeddable":true,"href":"https:\/\/eloficiodehistoriar.com.mx\/index.php?rest_route=%2Fwp%2Fv2%2Fcategories&post=25136"},{"taxonomy":"post_tag","embeddable":true,"href":"https:\/\/eloficiodehistoriar.com.mx\/index.php?rest_route=%2Fwp%2Fv2%2Ftags&post=25136"}],"curies":[{"name":"wp","href":"https:\/\/api.w.org\/{rel}","templated":true}]}}