{"id":25891,"date":"2022-01-17T11:23:04","date_gmt":"2022-01-17T17:23:04","guid":{"rendered":"https:\/\/eloficiodehistoriar.com.mx\/?p=25891"},"modified":"2022-01-17T11:23:04","modified_gmt":"2022-01-17T17:23:04","slug":"en-el-cofre-de-perote-y-pico-de-orizaba-nuevamente-se-presentaron-nevadas","status":"publish","type":"post","link":"https:\/\/eloficiodehistoriar.com.mx\/?p=25891","title":{"rendered":"En el Cofre de Perote y Pico de Orizaba nuevamente se presentaron nevadas"},"content":{"rendered":"<div>\n<h1 class=\"title\">Bajas temperaturas continuar\u00e1n, Xalapa amaneci\u00f3 a 6.6\u00b0C<\/h1>\n<\/div>\n<h3 class=\"subtitle\">En el Cofre de Perote y Pico de Orizaba nuevamente se presentaron nevadas y aguanieve la tarde-noche de ayer<\/h3>\n<div class=\"lead-gallery \">\n<div class=\"teaser  owl-carousel owl-theme\">\n<div class=\"owl-wrapper-outer\">\n<div class=\"owl-wrapper\">\n<div class=\"owl-item\">\n<div class=\"img-container picture\"><\/div>\n<\/div>\n<\/div>\n<\/div>\n<\/div>\n<\/div>\n<div id=\"affix-share\" class=\"sharing-menu affix\">\n<ul>\n<li>Itzel Molina |<\/li>\n<li>Diario de Xalapa<\/li>\n<\/ul>\n<\/div>\n<div class=\"content-body clearfix \">\n<div id=\"content-body-225-7741279\">\n<p>Las bajas temperaturas continuar\u00e1n en la entidad, principalmente por la noche y madrugada previendo la presencia de heladas en partes altas.<\/p>\n<p>La capital veracruzana amaneci\u00f3 con una temperatura m\u00ednima de 6.6\u00b0C, esper\u00e1ndose una m\u00e1xima de 15-17\u00b0C.<\/p>\n<\/div>\n<\/div>\n<div class=\"advertisment \">\n<div id=\"dfp-nota-1x3s\" data-google-query-id=\"CK38sOmkufUCFRW1wAodvT4CiA\">\n<div id=\"google_ads_iframe_\/2000002\/diariodexalapa\/mexico_nota_1x3_0__container__\">En el Cofre de Perote y Pico de Orizaba nuevamente se presentaron nevadas y aguanieve la tarde-noche de ayer.<\/div>\n<\/div>\n<\/div>\n<article class=\"content-continued-body clearfix \">\n<div id=\"content-body-5851641-7741279\">\n<p>En las \u00faltimas 24 horas se presentaron lluvias acumuladas de 6.6 mil\u00edmetros en Xalapa e inapreciable en Orizaba.<\/p>\n<p>Se prev\u00e9 que para las pr\u00f3ximas 24 horas baje el potencial de lluvias y que \u00e9stas se concentren aisladamente en regiones monta\u00f1osas y zonas del sur, donde tambi\u00e9n seguir\u00e1n las nieblas eventuales.<\/p>\n<p>La temperatura m\u00e1xima podr\u00eda aumentar ligeramente, pero el ambiente seguir\u00e1 fresco a fr\u00edo por la noche y madrugada con heladas en partes altas.<\/p>\n<p>El viento tender\u00e1 a cambiar al sureste, este y noreste en costas, con velocidades de 20 a 30 km\/h en horas de la tarde.<\/p>\n<p>Se recomienda continuar extremando las precauciones, acatar las indicaciones de las autoridades municipales de Protecci\u00f3n Civil, y abr\u00edguese bien antes de salir de casa por las noches y madrugadas.<\/p>\n<section>\n<div class=\"teaser \">\n<div class=\"infographicWrapper\">\n<blockquote class=\"twitter-tweet\" data-twitter-extracted-i1642439731485805216=\"true\">\n<p dir=\"ltr\" lang=\"es\">\u00a1Excelente inicio de semana! Planea tu d\u00eda y no olvides consultar las condiciones\u00a0<a href=\"https:\/\/twitter.com\/hashtag\/Meteorol%C3%B3gicas?src=hash&amp;ref_src=twsrc%5Etfw\">#Meteorol\u00f3gicas<\/a> que prevalecer\u00e1n hoy<\/p>\n<\/blockquote>\n<\/div>\n<\/div>\n<\/section>\n<\/div>\n<\/article>\n","protected":false},"excerpt":{"rendered":"<p>Bajas temperaturas continuar\u00e1n, Xalapa amaneci\u00f3 a 6.6\u00b0C En el Cofre de Perote y Pico de Orizaba nuevamente se presentaron nevadas y aguanieve la tarde-noche de ayer Itzel Molina | Diario de Xalapa Las bajas temperaturas continuar\u00e1n en la entidad, principalmente por la noche y madrugada previendo la presencia de heladas en partes altas. La capital [&hellip;]<\/p>\n","protected":false},"author":249,"featured_media":25892,"comment_status":"open","ping_status":"closed","sticky":false,"template":"","format":"standard","meta":{"footnotes":""},"categories":[26],"tags":[],"class_list":["post-25891","post","type-post","status-publish","format-standard","has-post-thumbnail","hentry","category-mundo"],"_links":{"self":[{"href":"https:\/\/eloficiodehistoriar.com.mx\/index.php?rest_route=\/wp\/v2\/posts\/25891","targetHints":{"allow":["GET"]}}],"collection":[{"href":"https:\/\/eloficiodehistoriar.com.mx\/index.php?rest_route=\/wp\/v2\/posts"}],"about":[{"href":"https:\/\/eloficiodehistoriar.com.mx\/index.php?rest_route=\/wp\/v2\/types\/post"}],"author":[{"embeddable":true,"href":"https:\/\/eloficiodehistoriar.com.mx\/index.php?rest_route=\/wp\/v2\/users\/249"}],"replies":[{"embeddable":true,"href":"https:\/\/eloficiodehistoriar.com.mx\/index.php?rest_route=%2Fwp%2Fv2%2Fcomments&post=25891"}],"version-history":[{"count":1,"href":"https:\/\/eloficiodehistoriar.com.mx\/index.php?rest_route=\/wp\/v2\/posts\/25891\/revisions"}],"predecessor-version":[{"id":25893,"href":"https:\/\/eloficiodehistoriar.com.mx\/index.php?rest_route=\/wp\/v2\/posts\/25891\/revisions\/25893"}],"wp:featuredmedia":[{"embeddable":true,"href":"https:\/\/eloficiodehistoriar.com.mx\/index.php?rest_route=\/wp\/v2\/media\/25892"}],"wp:attachment":[{"href":"https:\/\/eloficiodehistoriar.com.mx\/index.php?rest_route=%2Fwp%2Fv2%2Fmedia&parent=25891"}],"wp:term":[{"taxonomy":"category","embeddable":true,"href":"https:\/\/eloficiodehistoriar.com.mx\/index.php?rest_route=%2Fwp%2Fv2%2Fcategories&post=25891"},{"taxonomy":"post_tag","embeddable":true,"href":"https:\/\/eloficiodehistoriar.com.mx\/index.php?rest_route=%2Fwp%2Fv2%2Ftags&post=25891"}],"curies":[{"name":"wp","href":"https:\/\/api.w.org\/{rel}","templated":true}]}}