{"id":25895,"date":"2022-01-18T09:49:39","date_gmt":"2022-01-18T15:49:39","guid":{"rendered":"https:\/\/eloficiodehistoriar.com.mx\/?p=25895"},"modified":"2022-01-18T09:49:39","modified_gmt":"2022-01-18T15:49:39","slug":"luis-echeverria-cumplio-100-anos-personaje-sujeto-a-la-revision-publica","status":"publish","type":"post","link":"https:\/\/eloficiodehistoriar.com.mx\/?p=25895","title":{"rendered":"Luis Echeverr\u00eda cumpli\u00f3 100 a\u00f1os.\u00a0Personaje sujeto a la revisi\u00f3n p\u00fablica."},"content":{"rendered":"<div id=\"article-cont\" class=\"main-cont article-cont analysis\">\n<div class=\"cabeza\">El siglo de Luis Echeverr\u00eda<\/div>\n<div class=\"sumarios\"><\/div>\n<div class=\"credito-articulo\">Juli\u00e1n Andrade*<\/div>\n<div><\/div>\n<div id=\"article-text\" class=\"text\">\n<div class=\"col col1\">\n<div class=\"inicial\">Luis Echeverr\u00eda cumpli\u00f3 100 a\u00f1os.\u00a0El ex presidente de la Rep\u00fablica es un personaje peculiar y con un legado incierto, sujeto a\u00fan a la discusi\u00f3n y la revisi\u00f3n p\u00fablica.<\/div>\n<p>Dos sucesos y un problema estructural son esenciales para dimensionar lo que ocurri\u00f3 en su mandato y aun antes: el desenlace del movimiento estudiantil de 1968, la irrupci\u00f3n violenta del grupo paramilitar de\u00a0<em>Los Halcones<\/em>\u00a0en 1971 contra estudiantes y el desarrollo de una estrategia criminal para combatir a las diversas guerrillas y a la disidencia en lo que se conoce como el periodo de la\u00a0<em>guerra sucia<\/em>.<\/p>\n<p>El 2 de octubre a\u00fan gravita en nuestra vida p\u00fablica, porque el uso de fuerzas p\u00fablicas para reprimir y asesinar a estudiantes, soldados y paseantes en Tlatelolco dej\u00f3 una herida que a\u00fan no sana, ello a pesar de esfuerzos de car\u00e1cter jur\u00eddico e incluso pol\u00edtico en los \u00faltimos a\u00f1os.<\/p>\n<p>M\u00e1s a\u00fan porque las falsedades que cobijaron el operativo sangriento se han ido desmontando con el tiempo, en particular las que pretend\u00edan dotar de un car\u00e1cter de conspiraci\u00f3n comunista a lo que en realidad fue una movilizaci\u00f3n genuinamente estudiantil y que pudo ser procesada de otra forma.<\/p>\n<p>Tres a\u00f1os despu\u00e9s, en el Casco de Santo Tom\u00e1s, en la Ciudad de M\u00e9xico, la irrupci\u00f3n de un grupo de corte paramilitar mostr\u00f3 que las pulsaciones autoritarias se manten\u00edan y se iban fortaleciendo.<\/p>\n<p>Echeverr\u00eda orden\u00f3 o permiti\u00f3 a lo largo de su mandato la discrecional casi absoluta de las \u00e1reas policiales.<\/p>\n<p>Lo que vino despu\u00e9s fue la consecuencia de decisiones pol\u00edticas que tuvieron un alto costo y muestra de los trazos generales de aquel periodo.<\/p>\n<p>Es una historia terrible cuyas repercusiones se expresaron en los problemas para contar con una polic\u00eda confiable y profesional, ya que la utilizaci\u00f3n de la Direcci\u00f3n Federal de Seguridad (DFS) con fines ilegales y represivos signific\u00f3 el advenimiento de estructuras delincuenciales dentro del propio Estado.<\/p>\n<p>Les ordenaron enfrentar a las guerrillas m\u00e1s all\u00e1 del marco legal y a cambio les permitieron participar en los mercados ilegales. Se montaron \u00e1reas de espionaje cuyos objetivos fueron personajes relevantes de la vida pol\u00edtica y social. La degradaci\u00f3n institucional lleg\u00f3, por ello, a niveles insostenibles.<\/p>\n<\/div>\n<div class=\"col col2\">\n<p>Para el Ej\u00e9rcito, el da\u00f1o tambi\u00e9n result\u00f3 severo, pues tuvieron que pagar con culpas que muchas veces no les correspond\u00edan y generaron desconfianzas que a\u00fan ahora persisten.<\/p>\n<p>Quiz\u00e1 por ello los presidentes que sucedieron en el cargo a Echeverr\u00eda tuvieron que definir una postura sobre lo que har\u00edan derivado de los problemas que se generan por la desaparici\u00f3n forzada de cientos de personas, as\u00ed como por la persistencia de diversas violaciones a los derechos humanos en ese periodo.<\/p>\n<p>El presidente Jos\u00e9 L\u00f3pez Portillo impuls\u00f3 un proyecto de reforma pol\u00edtica que dio paso a la participaci\u00f3n de la izquierda en el Congreso, legalizando al Partido Comunista Mexicano (PCM) y facilitando una Ley de Amnist\u00eda que permiti\u00f3 la salida de luchadores sociales, estudiantes y guerrilleros que permanec\u00edan en prisi\u00f3n.<\/p>\n<p>Por supuesto que no fue una concesi\u00f3n gratuita, sino una estrategia de modernizaci\u00f3n del propio sistema pol\u00edtico para procesar las contradicciones que tuvieron una de sus m\u00e1s altas expresiones en 1968.<\/p>\n<p>Miguel de la Madrid, por su parte, impuls\u00f3 un cambio en las estructuras policiales al desaparecer a la DFS y sentar las bases para la profesionalizaci\u00f3n de las \u00e1reas de seguridad, en particular las de inteligencia nacional.<\/p>\n<p>El sexenio de Luis Echeverr\u00eda tiene que ser evaluado justamente por las determinaciones que se definieron hace 50 a\u00f1os. Muchos de los temas y litigios persisten en la actualidad porque no se ha resuelto el problema central de la impunidad.<\/p>\n<p>Echeverr\u00eda quer\u00eda trascender en el mundo, ser un referente y acaso lo logr\u00f3, pero no como \u00e9l hubiera querido. Es el costo de la historia, sin duda, la evidencia de que las cuentas se tienen que rendir tarde o temprano.<\/p>\n<p><em>*Periodista,\u00a0<a href=\"https:\/\/twitter.com\/@jandradej\" target=\"_blank\" rel=\"noopener\">@jandradej<\/a><\/em><\/p>\n<p class=\"email\">\n<\/div>\n<\/div>\n<div class=\"go gui\">\n<div class=\"go-up\"><\/div>\n<\/div>\n<\/div>\n<div id=\"taboola-below-content-thumbnails\" class=\" trc_related_container trc_spotlight_widget tbl-feed-container tbl-feed-frame-DIVIDER  render-late-effect\" data-feed-container-num=\"1\" data-feed-main-container-id=\"taboola-below-content-thumbnails\" data-parent-placement-name=\"Below Content Thumbnails\" data-pub-lang=\"es\">\n<div class=\" tbl-feed-header tbl-logo-right-position\">\n<div class=\"tbl-feed-header-logo\"><\/div>\n<\/div>\n<\/div>\n","protected":false},"excerpt":{"rendered":"<p>El siglo de Luis Echeverr\u00eda Juli\u00e1n Andrade* Luis Echeverr\u00eda cumpli\u00f3 100 a\u00f1os.\u00a0El ex presidente de la Rep\u00fablica es un personaje peculiar y con un legado incierto, sujeto a\u00fan a la discusi\u00f3n y la revisi\u00f3n p\u00fablica. Dos sucesos y un problema estructural son esenciales para dimensionar lo que ocurri\u00f3 en su mandato y aun antes: el [&hellip;]<\/p>\n","protected":false},"author":249,"featured_media":25896,"comment_status":"open","ping_status":"closed","sticky":false,"template":"","format":"standard","meta":{"footnotes":""},"categories":[26],"tags":[],"class_list":["post-25895","post","type-post","status-publish","format-standard","has-post-thumbnail","hentry","category-mundo"],"_links":{"self":[{"href":"https:\/\/eloficiodehistoriar.com.mx\/index.php?rest_route=\/wp\/v2\/posts\/25895","targetHints":{"allow":["GET"]}}],"collection":[{"href":"https:\/\/eloficiodehistoriar.com.mx\/index.php?rest_route=\/wp\/v2\/posts"}],"about":[{"href":"https:\/\/eloficiodehistoriar.com.mx\/index.php?rest_route=\/wp\/v2\/types\/post"}],"author":[{"embeddable":true,"href":"https:\/\/eloficiodehistoriar.com.mx\/index.php?rest_route=\/wp\/v2\/users\/249"}],"replies":[{"embeddable":true,"href":"https:\/\/eloficiodehistoriar.com.mx\/index.php?rest_route=%2Fwp%2Fv2%2Fcomments&post=25895"}],"version-history":[{"count":1,"href":"https:\/\/eloficiodehistoriar.com.mx\/index.php?rest_route=\/wp\/v2\/posts\/25895\/revisions"}],"predecessor-version":[{"id":25897,"href":"https:\/\/eloficiodehistoriar.com.mx\/index.php?rest_route=\/wp\/v2\/posts\/25895\/revisions\/25897"}],"wp:featuredmedia":[{"embeddable":true,"href":"https:\/\/eloficiodehistoriar.com.mx\/index.php?rest_route=\/wp\/v2\/media\/25896"}],"wp:attachment":[{"href":"https:\/\/eloficiodehistoriar.com.mx\/index.php?rest_route=%2Fwp%2Fv2%2Fmedia&parent=25895"}],"wp:term":[{"taxonomy":"category","embeddable":true,"href":"https:\/\/eloficiodehistoriar.com.mx\/index.php?rest_route=%2Fwp%2Fv2%2Fcategories&post=25895"},{"taxonomy":"post_tag","embeddable":true,"href":"https:\/\/eloficiodehistoriar.com.mx\/index.php?rest_route=%2Fwp%2Fv2%2Ftags&post=25895"}],"curies":[{"name":"wp","href":"https:\/\/api.w.org\/{rel}","templated":true}]}}