{"id":25915,"date":"2022-01-19T10:41:18","date_gmt":"2022-01-19T16:41:18","guid":{"rendered":"https:\/\/eloficiodehistoriar.com.mx\/?p=25915"},"modified":"2022-01-19T10:41:18","modified_gmt":"2022-01-19T16:41:18","slug":"guillermo-del-toro-dirige-el-callejon-de-las-perdidas-novela-de-w-lindsay","status":"publish","type":"post","link":"https:\/\/eloficiodehistoriar.com.mx\/?p=25915","title":{"rendered":"Guillermo del Toro dirige\u00a0\u00abEl callej\u00f3n de las perdidas\u00bb novela de W. Lindsay"},"content":{"rendered":"<div id=\"article-cont\" class=\"main-cont article-cont actuality\">\n<div class=\"cabeza\"><q>La pel\u00edcula trata de verdad, mentira, realidad y perd\u00f3n<\/q>: Del Toro<\/div>\n<div class=\"sumarios\">\n<p><em>El callej\u00f3n de las almas perdidas\u00a0<\/em>se estrena este viernes en Espa\u00f1a<\/p>\n<\/div>\n<div id=\"article-text\" class=\"text\">\n<div class=\"foto\">\n<div class=\"pie-foto\"><em>El callej\u00f3n de las almas perdidas.<\/em><\/div>\n<div><\/div>\n<\/div>\n<div class=\"col col1\">\n<div class=\"credito-autor\">Europa Press<\/div>\n<div class=\"credito-titulo\"><\/div>\n<div class=\"hemero\">La Jornada<\/p>\n<\/div>\n<p class=\"s-s\">Los \u00c1ngeles.,<\/p>\n<p class=\"s-s\">El cineasta mexicano Guillermo del Toro dirige\u00a0<em>El callej\u00f3n de las perdidas<\/em>, nueva adaptaci\u00f3n de la novela escrita por William Lindsay Gresham en 1946. Este drama de suspenso protagonizado por Bradley Cooper, Cate Blanchet y Rooney Mara llega a los cines de Espa\u00f1a este viernes.<\/p>\n<p>Del Toro descubri\u00f3 la novela de William Lindsay en los a\u00f1os 90 y qued\u00f3 fascinado.\u00a0<q>En todas mis pel\u00edculas, para m\u00ed el monstruo m\u00e1s grande no es el monstruo, sino el ser humano. De la novela me cautiv\u00f3 esa capacidad tan brutal que ten\u00eda el autor para mirarse a s\u00ed mismo por medio de ese personaje sin piedad, pero entendi\u00e9ndolo<\/q>, explic\u00f3 Del Toro durante una entrevista concedida a Europa Press.<\/p>\n<p><q>Me pareci\u00f3 muy interesante seguir a un personaje que vive de la mentira hasta que en los dos \u00faltimos tramos de la pel\u00edcula se tiene que enfrentar a la verdad<\/q>, destac\u00f3 el realizador mexicano que en\u00a0<em>El callej\u00f3n de las almas perdidas<\/em>\u00a0se aleja de las criaturas fant\u00e1sticas que suelen poblar sus pel\u00edculas m\u00e1s recordadas, como\u00a0<em>El laberinto del fauno<\/em>\u00a0o\u00a0<em>La forma del agua<\/em>, para adentrarse en el cine negro.<\/p>\n<p><q>El cine negro es uno de los espect\u00e1culos cinematogr\u00e1ficos m\u00e1s hermosos y no lo he visto en mucho tiempo<\/q>, afirm\u00f3 Del Toro que asegur\u00f3 que este es un g\u00e9nero\u00a0<q>que en cada d\u00e9cada refleja fielmente el diferente momento social, pol\u00edtico y filos\u00f3fico en el que est\u00e1 hecho<\/q>.<\/p>\n<\/div>\n<div class=\"col col2\">\n<p class=\"sumario\">Entender a los personajes<\/p>\n<p class=\"s-s\">El ganador del Premio de la Academia escribi\u00f3 el guion del filme junto con su mujer, la reconocida guionista Kim Morgan.\u00a0<q>Lo que decidimos muy claramente Kim Morgan y yo, al escribir el guion, es que no quer\u00edamos juzgar a los personajes, quer\u00edamos entenderlos. La pel\u00edcula trata de verdad, mentira, realidad y perd\u00f3n<\/q>, relat\u00f3 el mexicano.<\/p>\n<p>En\u00a0<em>El callej\u00f3n de las almas perdidas<\/em>, un joven y ambicioso feriante (Bradley Cooper), con un innegable talento para manipular a la gente, se compincha con una sic\u00f3loga (Cate Blanchett) que es a\u00fan m\u00e1s peligrosa que \u00e9l. La novela de William Lindsay Gresham ya fue llevada a la gran pantalla por Edmund Goulding en 1947 con Tyrone Power y Joan Blondell como protagonistas.<\/p>\n<p>En el filme dirigido por Del Toro acompa\u00f1an a Cooper y Blanchett, rostros tan conocidos como los de Toni Collette, Willem Dafoe, Rooney Mara, Richard Jenkins, Ron Perlman y David Strathairn.<\/p>\n<\/div>\n<\/div>\n<div class=\"go gui\">\n<div class=\"go-up\"><\/div>\n<\/div>\n<\/div>\n<div id=\"taboola-below-content-thumbnails\" class=\" trc_related_container trc_spotlight_widget tbl-feed-container tbl-feed-frame-DIVIDER  render-late-effect\" data-feed-container-num=\"1\" data-feed-main-container-id=\"taboola-below-content-thumbnails\" data-parent-placement-name=\"Below Content Thumbnails\" data-pub-lang=\"es\">\n<div class=\" tbl-feed-header tbl-logo-right-position\">\n<div class=\"tbl-feed-header-logo\"><\/div>\n<\/div>\n<\/div>\n","protected":false},"excerpt":{"rendered":"<p>La pel\u00edcula trata de verdad, mentira, realidad y perd\u00f3n: Del Toro El callej\u00f3n de las almas perdidas\u00a0se estrena este viernes en Espa\u00f1a El callej\u00f3n de las almas perdidas. Europa Press La Jornada Los \u00c1ngeles., El cineasta mexicano Guillermo del Toro dirige\u00a0El callej\u00f3n de las perdidas, nueva adaptaci\u00f3n de la novela escrita por William Lindsay Gresham [&hellip;]<\/p>\n","protected":false},"author":249,"featured_media":25916,"comment_status":"open","ping_status":"closed","sticky":false,"template":"","format":"standard","meta":{"footnotes":""},"categories":[26],"tags":[],"class_list":["post-25915","post","type-post","status-publish","format-standard","has-post-thumbnail","hentry","category-mundo"],"_links":{"self":[{"href":"https:\/\/eloficiodehistoriar.com.mx\/index.php?rest_route=\/wp\/v2\/posts\/25915","targetHints":{"allow":["GET"]}}],"collection":[{"href":"https:\/\/eloficiodehistoriar.com.mx\/index.php?rest_route=\/wp\/v2\/posts"}],"about":[{"href":"https:\/\/eloficiodehistoriar.com.mx\/index.php?rest_route=\/wp\/v2\/types\/post"}],"author":[{"embeddable":true,"href":"https:\/\/eloficiodehistoriar.com.mx\/index.php?rest_route=\/wp\/v2\/users\/249"}],"replies":[{"embeddable":true,"href":"https:\/\/eloficiodehistoriar.com.mx\/index.php?rest_route=%2Fwp%2Fv2%2Fcomments&post=25915"}],"version-history":[{"count":1,"href":"https:\/\/eloficiodehistoriar.com.mx\/index.php?rest_route=\/wp\/v2\/posts\/25915\/revisions"}],"predecessor-version":[{"id":25917,"href":"https:\/\/eloficiodehistoriar.com.mx\/index.php?rest_route=\/wp\/v2\/posts\/25915\/revisions\/25917"}],"wp:featuredmedia":[{"embeddable":true,"href":"https:\/\/eloficiodehistoriar.com.mx\/index.php?rest_route=\/wp\/v2\/media\/25916"}],"wp:attachment":[{"href":"https:\/\/eloficiodehistoriar.com.mx\/index.php?rest_route=%2Fwp%2Fv2%2Fmedia&parent=25915"}],"wp:term":[{"taxonomy":"category","embeddable":true,"href":"https:\/\/eloficiodehistoriar.com.mx\/index.php?rest_route=%2Fwp%2Fv2%2Fcategories&post=25915"},{"taxonomy":"post_tag","embeddable":true,"href":"https:\/\/eloficiodehistoriar.com.mx\/index.php?rest_route=%2Fwp%2Fv2%2Ftags&post=25915"}],"curies":[{"name":"wp","href":"https:\/\/api.w.org\/{rel}","templated":true}]}}