{"id":25918,"date":"2022-01-19T10:50:37","date_gmt":"2022-01-19T16:50:37","guid":{"rendered":"https:\/\/eloficiodehistoriar.com.mx\/?p=25918"},"modified":"2022-01-19T10:50:37","modified_gmt":"2022-01-19T16:50:37","slug":"el-fandango-el-son-jarocho-la-arquitectura-de-la-perla-del-papaloapan","status":"publish","type":"post","link":"https:\/\/eloficiodehistoriar.com.mx\/?p=25918","title":{"rendered":"El fandango, el son jarocho, la arquitectura de la Perla del Papaloapan"},"content":{"rendered":"<div>\n<h1 class=\"title\">Este es el \u00e9xito de La Candelaria en Tlacotalpan<\/h1>\n<\/div>\n<h3 class=\"subtitle\">El investigador Ernesto Luna Ram\u00edrez destaca la comuni\u00f3n entre lo religioso y lo profano, el fandango, el son jarocho, la arquitectura y el colorido de la llamada Perla del Papaloapan<\/h3>\n<div class=\"lead-gallery \">\n<div class=\"teaser  owl-carousel owl-theme\">\n<div class=\"owl-wrapper-outer\">\n<div class=\"owl-wrapper\">\n<div class=\"owl-item\">\n<div class=\"img-container picture\">\n<div id=\"standard_1\" class=\"st-placement standard_1 inImage\">\n<div class=\"st-adunit st-reset st-show\">\n<div class=\"st-adunit-ad st-reset\">\n<div class=\"st-display-render st-reset\">\n<div class=\"st-reset\">\n<div class=\"important-styled st-canvas-container open Billboard_970x300 display-standard fssquz2\">\n<div class=\"important-styled st-canvas-el fhxwyqa\">\n<div class=\"important-styled st-canvas-container undefined fssquz2\">\n<div class=\"important-styled st-canvas-el fkwxnvd\">\n<div class=\"important-styled st-canvas-container undefined fssquz2\">\n<div class=\"important-styled st-canvas-el f1lqmgqa\">\n<div class=\"important-styled fiv2j0v\">\n<div class=\"important-styled display-render-wrapper fiv2j0v\">La fiesta de la Candelaria 2022, que se celebrar\u00e1 del 27 de enero al 9 de febrero<\/div>\n<\/div>\n<\/div>\n<\/div>\n<\/div>\n<\/div>\n<\/div>\n<\/div>\n<\/div>\n<\/div>\n<\/div>\n<\/div>\n<\/div>\n<\/div>\n<\/div>\n<\/div>\n<\/div>\n<\/div>\n<\/div>\n<div id=\"affix-share\" class=\"sharing-menu no-affix\">\n<ul>\n<li>Maribel S\u00e1nchez<\/li>\n<li>Diario de Xalapa<\/li>\n<\/ul>\n<\/div>\n<div class=\"content-body clearfix \">\n<div id=\"content-body-225-7749954\">\n<p>Tlacotalpan, Ver.-<\/p>\n<p>M\u00e1s all\u00e1 de sus fiestas, <b>el cimiento de Tlacotalpan, Patrimonio Cultural de la Humanidad, es la humildad de su pueblo<\/b>, gente alegre y hospitalaria con casas de puertas abiertas a lo largo de todo el a\u00f1o, expresa el antrop\u00f3logo y artista\u00a0<b>Ernesto Luna Ram\u00edrez.<\/b><\/p>\n<p>En v\u00edspera de la fiesta de la Candelaria 2022, que<b>\u00a0se celebrar\u00e1 del 27 de enero al 9 de febrero<\/b>, el investigador destaca la comuni\u00f3n entre lo religioso y lo profano, el fandango, el son jarocho, la arquitectura y el colorido de la llamada Perla del Papaloapan.<\/p>\n<\/div>\n<\/div>\n<div class=\"advertisment \">\n<div id=\"dfp-nota-1x1s\" data-google-query-id=\"CPTjya2hvvUCFYXDwAodut0IcA\">\n<div id=\"google_ads_iframe_\/2000002\/diariodexalapa\/mexico_nota_1x1_0__container__\"><iframe id=\"google_ads_iframe_\/2000002\/diariodexalapa\/mexico_nota_1x1_0\" tabindex=\"0\" title=\"3rd party ad content\" role=\"region\" name=\"google_ads_iframe_\/2000002\/diariodexalapa\/mexico_nota_1x1_0\" width=\"1\" height=\"1\" frameborder=\"0\" marginwidth=\"0\" marginheight=\"0\" scrolling=\"no\" aria-label=\"Advertisement\" data-load-complete=\"true\" data-google-container-id=\"9\" data-mce-fragment=\"1\"><\/iframe><b><\/b>Originario de la congregaci\u00f3n de Casas Viejas, Ernesto Luna es hijo de uno de los personajes ic\u00f3nicos de Tlacotalpan, \u201cMam\u00e1 Elena\u201d, con quien lleg\u00f3 a la cabecera municipal tras la inundaci\u00f3n del 69.<\/div>\n<\/div>\n<\/div>\n<article class=\"content-continued-body clearfix \">\n<div id=\"content-body-5851641-7749954\">\n<div class=\"local\nmedia \"><\/p>\n<div class=\"teaser \">\n<div class=\"img-container picture\">\n<div id=\"standard_9\" class=\"st-placement standard_9 inImageRestricted\">\n<div class=\"st-adunit st-reset st-show\"><\/div>\n<\/div>\n<div class=\"picture-caption\n\"><\/p>\n<h4><i>\u201cYo soy del campo. Cuando llegu\u00e9 del rancho a Tlacotalpan fue como ver una pintura, un mosaico impactante, y creo que esa primera mirada es la misma impresi\u00f3n que tienen quienes llegan por primera vez\u201d,<\/i>\u00a0expresa en entrevista.<\/h4>\n<\/div>\n<\/div>\n<\/div>\n<\/div>\n<p>De acuerdo con la Unesco, incluir a esta ciudad veracruzana como Patrimonio Mundial tiene que ver con su traza y arquitectura, consideradas una fusi\u00f3n de las tradiciones caribe\u00f1a y espa\u00f1ola.<\/p>\n<p>Por otra parte, referirse a la Candelaria, manifiesta Ernesto Luna, es hablar de lo religioso y lo profano:\u00a0<i>\u201cTlacotalpan empieza a renacer en lo decembrino, en el portalito, la Rama y la parranda, que re\u00fane a las familias\u201d.<\/i><\/p>\n<p><b>En este mes, a\u00f1ade, empieza a llegar mucha de la gente que est\u00e1 en Estados Unidos y regresa al terru\u00f1o<\/b>: \u201cHay amor, cari\u00f1o y humildad, con lo cual inicia la cuarentena de la Candelaria, que es el 2 de febrero\u201d.<\/p>\n<p><b>Explica que toda la celebraci\u00f3n lleva al carnaval y luego a la Semana Santa, por lo tanto, lo religioso es muy importante<\/b>, pero tambi\u00e9n lo que inventa el ser humano para sentirse bien.<\/p>\n<p>Y es que recuerda que detr\u00e1s del ritual del paseo de la Virgen por el r\u00edo Papaloapan est\u00e1 la creencia de que les ir\u00e1 mejor en pesca o la ganader\u00eda.<i>\u00a0\u201cLa gente, con lo cat\u00f3lico de fondo, renace y est\u00e1 vivo por sus creencias\u201d,<\/i>\u00a0enfatiza.<\/p>\n<div class=\"local\nmedia \"><\/p>\n<div class=\"teaser \">\n<div class=\"img-container picture\">\n<div id=\"standard_10\" class=\"st-placement standard_10 inImage\">\n<div class=\"st-adunit st-reset st-show\">\n<div class=\"st-adunit-ad st-reset\">\n<div class=\"st-display-render st-reset\">\n<div class=\"st-reset\">\n<div class=\"important-styled st-canvas-container open Billboard_970x300 display-standard fssquz2\">\n<div class=\"important-styled st-canvas-el fhxwyqa\">\n<div class=\"important-styled st-canvas-container undefined fssquz2\">\n<div class=\"important-styled st-canvas-el f1xmskly\">\n<div class=\"important-styled st-canvas-container undefined fssquz2\">\n<div class=\"important-styled st-canvas-el fpnjtgy\">\n<div class=\"important-styled fiv2j0v\">\n<div class=\"important-styled display-render-wrapper fiv2j0v\">En cuanto al son jarocho, el amanecer en un fandango, el practicar y preservar la versada, lo compara con eslabones de una gran cadena<i>: \u201cPersonas que vienen del campo y amanecen en el fandango para luego regresar a su pueblo a trabajar en la milpa o en el ca\u00f1al\u201d.<\/i><\/div>\n<\/div>\n<\/div>\n<\/div>\n<\/div>\n<\/div>\n<\/div>\n<\/div>\n<\/div>\n<\/div>\n<\/div>\n<\/div>\n<\/div>\n<\/div>\n<\/div>\n<\/div>\n<p>De la cabalgata, que ha tenido modificaciones a lo largo del tiempo, expresa que gan\u00f3 el caballerango, y de la pamplonada, opina que tiene que ver con la influencia espa\u00f1ola.<\/p>\n<p><b>El docente, bailar\u00edn y m\u00fasico, fundador de J\u00f3venes Zapateadores, apunta que la fiesta de la Candelaria se ha vuelto tambi\u00e9n un reflejo de las necesidades de la gente de la regi\u00f3n\u00a0<\/b>y de otros sectores, como el tur\u00edstico y el cultural.<\/p>\n<p>Por eso \u00e9l, que es fandanguero, considera que incluir a grupos art\u00edsticos de fuera responde al deseo de la gente de la regi\u00f3n \u2014Cosamaloapan, Acula, Lerdo, Salta Barranca\u2014 de ver algo distinto a lo suyo, al mismo tiempo que se ampl\u00eda la oferta de propuestas para los visitantes.<\/p>\n<p>Ahora que hay presencia de lo acad\u00e9mico, piensa que tambi\u00e9n es por cubrir necesidades, pues habr\u00e1 quien est\u00e9 en el parque, quien no se desvele en el fandango, quien quiera entrar a una charla o un seminario.<\/p>\n<p><i>\u201cAhora hay una gran diversidad que hace de Tlacotalpan una ciudad m\u00e1gica, una ciudad revitalizada en espera de su m\u00e1xima festividad\u201d<\/i>, expresa.<\/p>\n<h2>Presentan programa para Fiesta de la Candelaria<\/h2>\n<p>Xalapa, Ver.-\u00a0<b>En 2022, la crisis sanitaria por Covid-19 no ser\u00e1 impedimento para que se realice la tradicional Fiesta de la Candelaria\u00a0<\/b>con actividades religiosas, art\u00edsticas y acad\u00e9micas presenciales del 27 de enero al 9 de febrero.<\/p>\n<p>En el aniversario 245 de esta festividad, celebrada en Tlacotalpan, Veracruz, la expectativa\u00a0<b>es que visiten la ciudad aproximadamente 50 mil personas<\/b>\u00a0y se genere una derrama econ\u00f3mica de entre 30 y 36 millones de pesos, expres\u00f3 el alcalde Luis Medina Aguirre.<\/p>\n<div class=\"local\nmedia \"><\/p>\n<div class=\"teaser \">\n<div class=\"img-container picture\">\n<div id=\"standard_11\" class=\"st-placement standard_11 inImage\">\n<div class=\"st-adunit st-reset st-show\">Pese al llamado de protectores de los animales, el mun\u00edcipe confirm\u00f3 que s\u00ed se efectuar\u00e1n la cabalgata y la suelta de toros porque es una tradici\u00f3n que el mismo pueblo pide se preserve. Apunta que habr\u00e1 comit\u00e9s para cuidar y evitar el maltrato.<\/div>\n<\/div>\n<\/div>\n<\/div>\n<\/div>\n<article class=\"local\nmedia col-md-4 inline-story \"><\/p>\n<div class=\"teaser \">\n<div class=\"img-container picture\">En conferencia de prensa, anunci\u00f3 que se entregar\u00e1 la Medalla al M\u00e9rito Ciudadano al cronista \u00c1lvaro Zarrabal Caldelas, en tanto autoridades estatales de cultura, turismo y salud dieron a conocer que ninguno de los foros se suspende, pero todos se har\u00e1n con protocolos sanitarios y aforos limitados en siete sedes.<\/div>\n<\/div>\n<\/article>\n<p><b>As\u00ed, regresa el paseo de la virgen de la Candelaria en compa\u00f1\u00eda de quienes le rinden culto y todos los servicios religiosos. Tambi\u00e9n talleres, charlas, exposiciones de arte, fandango, m\u00fasica y versada.<\/b><\/p>\n<p>Silvia Alejandre Prado, directora del Instituto Veracruzano de la Cultura, confirma el desarrollo del Encuentro de jaraneros y decimeros, la presencia de once grupos art\u00edsticos de la regi\u00f3n de la cuenca y la presentaci\u00f3n de fonogramas producidos en los \u00faltimos a\u00f1os.<\/p>\n<p>Adem\u00e1s, presentar\u00e1n oficialmente el Centro Cultural del Sotavento, recinto donde se podr\u00e1 observar la exposici\u00f3n fotogr\u00e1fica \u201cTlacotalpan, mi amor\u201d, con escenas costumbristas de la Perla del Papaloapan captadas por Abril Ponce.<\/p>\n<p>Otra muestra que llama la atenci\u00f3n es \u201cArte recuperado\u201d, que\u00a0<b>incluye piezas encontradas en \u201cEl Faunito\u201d, las cuales son ya parte del acervo del Gobierno del estado, bajo resguardo del IVEC.<\/b><\/p>\n<p>En esta colecci\u00f3n se encuentran obras de Botero, Tamayo, Leonora Carrington, Diego Rivera y Frida Kahlo, que ya hab\u00edan sido exhibidas pero hoy est\u00e1n certificadas y ha concluido el proceso legal en el que estaban, precisa Alejandre Prado.<\/p>\n<p>La secretaria de Turismo, X\u00f3chitl Arves\u00fa Lago, extiende la invitaci\u00f3n a asistir a Tlacotalpan, donde hay 228 cuartos disponibles, 44 alojamientos en casa y 200 hogares dispuestos a recibir a los turistas.<\/p>\n<p><b>Adem\u00e1s, habr\u00e1 36 corridas especiales para quienes no cuenten con auto particular y se prev\u00e9 la presencia de 500 elementos de seguridad.<\/b><\/p>\n<p>Salvador Berist\u00e1in, director de Salud P\u00fablica, enfatiza que el virus de Covid-19 no puede frenar las actividades, pero estas se deben realizar de manera responsable.<\/p>\n<\/div>\n<\/article>\n","protected":false},"excerpt":{"rendered":"<p>Este es el \u00e9xito de La Candelaria en Tlacotalpan El investigador Ernesto Luna Ram\u00edrez destaca la comuni\u00f3n entre lo religioso y lo profano, el fandango, el son jarocho, la arquitectura y el colorido de la llamada Perla del Papaloapan La fiesta de la Candelaria 2022, que se celebrar\u00e1 del 27 de enero al 9 de [&hellip;]<\/p>\n","protected":false},"author":249,"featured_media":25919,"comment_status":"open","ping_status":"closed","sticky":false,"template":"","format":"standard","meta":{"footnotes":""},"categories":[26],"tags":[],"class_list":["post-25918","post","type-post","status-publish","format-standard","has-post-thumbnail","hentry","category-mundo"],"_links":{"self":[{"href":"https:\/\/eloficiodehistoriar.com.mx\/index.php?rest_route=\/wp\/v2\/posts\/25918","targetHints":{"allow":["GET"]}}],"collection":[{"href":"https:\/\/eloficiodehistoriar.com.mx\/index.php?rest_route=\/wp\/v2\/posts"}],"about":[{"href":"https:\/\/eloficiodehistoriar.com.mx\/index.php?rest_route=\/wp\/v2\/types\/post"}],"author":[{"embeddable":true,"href":"https:\/\/eloficiodehistoriar.com.mx\/index.php?rest_route=\/wp\/v2\/users\/249"}],"replies":[{"embeddable":true,"href":"https:\/\/eloficiodehistoriar.com.mx\/index.php?rest_route=%2Fwp%2Fv2%2Fcomments&post=25918"}],"version-history":[{"count":1,"href":"https:\/\/eloficiodehistoriar.com.mx\/index.php?rest_route=\/wp\/v2\/posts\/25918\/revisions"}],"predecessor-version":[{"id":25920,"href":"https:\/\/eloficiodehistoriar.com.mx\/index.php?rest_route=\/wp\/v2\/posts\/25918\/revisions\/25920"}],"wp:featuredmedia":[{"embeddable":true,"href":"https:\/\/eloficiodehistoriar.com.mx\/index.php?rest_route=\/wp\/v2\/media\/25919"}],"wp:attachment":[{"href":"https:\/\/eloficiodehistoriar.com.mx\/index.php?rest_route=%2Fwp%2Fv2%2Fmedia&parent=25918"}],"wp:term":[{"taxonomy":"category","embeddable":true,"href":"https:\/\/eloficiodehistoriar.com.mx\/index.php?rest_route=%2Fwp%2Fv2%2Fcategories&post=25918"},{"taxonomy":"post_tag","embeddable":true,"href":"https:\/\/eloficiodehistoriar.com.mx\/index.php?rest_route=%2Fwp%2Fv2%2Ftags&post=25918"}],"curies":[{"name":"wp","href":"https:\/\/api.w.org\/{rel}","templated":true}]}}