{"id":25938,"date":"2022-01-21T09:37:09","date_gmt":"2022-01-21T15:37:09","guid":{"rendered":"https:\/\/eloficiodehistoriar.com.mx\/?p=25938"},"modified":"2022-01-21T09:37:09","modified_gmt":"2022-01-21T15:37:09","slug":"sigmund-freud-escribio-el-principio-del-placer-la-puncion-de-muerte","status":"publish","type":"post","link":"https:\/\/eloficiodehistoriar.com.mx\/?p=25938","title":{"rendered":"Sigmund Freud escribi\u00f3 el\u00a0\u00abPrincipio del placer\u00bb la punci\u00f3n de muerte."},"content":{"rendered":"<div id=\"article-cont\" class=\"main-cont article-cont analysis\">\n<div class=\"cabeza\">Temblando de fr\u00edo: \u00f3micron<\/div>\n<div class=\"sumarios\"><\/div>\n<div class=\"credito-articulo\">Jos\u00e9 Cueli<\/div>\n<div><\/div>\n<div id=\"article-text\" class=\"text\">\n<div class=\"col col1\">\n<div class=\"inicial\">Sigmund Freud escribi\u00f3 en 1920 m\u00e1s all\u00e1 del\u00a0<em>Principio del placer,\u00a0<\/em>donde introduce la punci\u00f3n de muerte. En \u00e9l se conjuntan de manera clara y original las diferentes formas de lo que suele llamarse lo negativo: odio, destrucci\u00f3n, agresi\u00f3n y sadomasoquismo. Punci\u00f3n de muerte, fuerza irrefrenable que se propone reducir en forma regresiva lo m\u00e1s organizado a lo menos organizado, las diferencias de nivel a la marginalidad, y lo vital a lo inanimado; la muerte como fin \u00faltimo. Punci\u00f3n de muerte que, silenciosa, emerge como energ\u00eda destructiva que se vuelve sobre el otro o abre lo que de s\u00ed mismo proyecta en el otro.<\/div>\n<p>Pero, \u00bfc\u00f3mo trasmutar en lenguaje esa compulsi\u00f3n a repetir la destrucci\u00f3n, si no llega la conciencia y se ve obnubilada por el odio y el rencor? \u00bfC\u00f3mo transmutarla en lenguaje en negociaci\u00f3n pac\u00edfica y racional, si el instinto de muerte es un reactivo al rev\u00e9s, una inapropiada visi\u00f3n retrospectiva de lo que es y no es?<\/p>\n<p>El mundo se revela con \u00ednfulas de urbanidad electr\u00f3nica suprema, pero desmentida por la disonancia de la agitaci\u00f3n estruendosa de las masacres, el hambre, las desigualdades brutales, las ejecuciones, las caravanas de marginados tratando de entrar a las naciones ricas, el ecocidio, la corrupci\u00f3n e impunidad y, por \u00faltimo, la nube invisible que se ha llamado covid-19 u \u00f3micron que rebasan la raz\u00f3n. Sensaci\u00f3n de fracaso e impotencia, en suma repetici\u00f3n inelaborable de la historia que se repite sin remedio. Por lo pronto, estamos prendidos y temblorosos de las fuerzas irracionales de la naturaleza con la pandemia.<\/p>\n<p>La angustia e incertidumbre por los muertos de esta misteriosa enfermedad que ha dejado millones de muertos en el mundo, las posibles y terribles consecuencias paralizan, en estado de consternaci\u00f3n de aparente no pasa nada. Perplejos y aturdidos ante la muerte los sentimientos que nos invaden hacia una espantable sensaci\u00f3n de vulnerabilidad extrema. Las p\u00e9rdidas se tornan depresi\u00f3n y los abandonos generan desconfianza y desorganizaci\u00f3n. El desvalimiento y el dolor se entremezclan mientras las listas de muertos van al alza.<\/p>\n<\/div>\n<div class=\"col col2\">\n<p>Sin embargo, no podemos permitir que el dolor nuble nuestra capacidad de reflexi\u00f3n y menos a\u00fan que el rencor oscurezca nuestro pensamiento. Quiz\u00e1 lo m\u00e1s dram\u00e1tico y duro de aceptar es no haber aprendido de la historia de la humanidad. Seguimos dando vueltas en la noria, instalados en la compulsi\u00f3n a la repetici\u00f3n. Nuestra gran civilizaci\u00f3n no ha servido m\u00e1s que para matar de manera cada vez m\u00e1s sofisticada.<\/p>\n<p>Las naciones progresaron y su avance material sirvi\u00f3 para proporcionar a sus pueblos medios m\u00e1s poderosos y sofisticados de destrucci\u00f3n (covid, \u00f3micron), en cambio, su avance moral y racional no le ha servido para sostener la fraternidad entre los humanos y s\u00ed para confirmar que en el fondo de la persona se ocultan fuerzas irracionales que compulsivamente se repiten y tienden a la destrucci\u00f3n. Parece indudable que la raza humana no tiene remedio y que el proceso de evoluci\u00f3n cultural es una ilusi\u00f3n. Los muertos aniquilan una vez m\u00e1s lo construido, determinando un nuevo caos acompa\u00f1ado de una estela de dolor que se convierte en traumas inelaborables que en los intentos fallidos de la resoluci\u00f3n de lo traum\u00e1tico tender\u00e1n a repetirse una y otra vez.<\/p>\n<p>\u00bfCu\u00e1ndo ser\u00e1 el tiempo para reflexionar y no actuar por impulsos destructivos reprimidos y desplazados en el otro? \u00bfCu\u00e1ndo, el tiempo de asumir con conciencia y no acicateados por el odio y las fuerzas irracionales ocultas desde donde actuar?<\/p>\n<p class=\"email\">\n<\/div>\n<\/div>\n<div class=\"go gui\">\n<div class=\"go-up\"><\/div>\n<\/div>\n<\/div>\n<div id=\"taboola-below-content-thumbnails\" class=\" trc_related_container trc_spotlight_widget tbl-feed-container tbl-feed-frame-DIVIDER  render-late-effect\" data-feed-container-num=\"1\" data-feed-main-container-id=\"taboola-below-content-thumbnails\" data-parent-placement-name=\"Below Content Thumbnails\" data-pub-lang=\"es\">\n<div class=\" tbl-feed-header tbl-logo-right-position\">\n<div class=\"tbl-feed-header-logo\"><\/div>\n<\/div>\n<\/div>\n","protected":false},"excerpt":{"rendered":"<p>Temblando de fr\u00edo: \u00f3micron Jos\u00e9 Cueli Sigmund Freud escribi\u00f3 en 1920 m\u00e1s all\u00e1 del\u00a0Principio del placer,\u00a0donde introduce la punci\u00f3n de muerte. En \u00e9l se conjuntan de manera clara y original las diferentes formas de lo que suele llamarse lo negativo: odio, destrucci\u00f3n, agresi\u00f3n y sadomasoquismo. Punci\u00f3n de muerte, fuerza irrefrenable que se propone reducir en [&hellip;]<\/p>\n","protected":false},"author":249,"featured_media":25939,"comment_status":"open","ping_status":"closed","sticky":false,"template":"","format":"standard","meta":{"footnotes":""},"categories":[26],"tags":[],"class_list":["post-25938","post","type-post","status-publish","format-standard","has-post-thumbnail","hentry","category-mundo"],"_links":{"self":[{"href":"https:\/\/eloficiodehistoriar.com.mx\/index.php?rest_route=\/wp\/v2\/posts\/25938","targetHints":{"allow":["GET"]}}],"collection":[{"href":"https:\/\/eloficiodehistoriar.com.mx\/index.php?rest_route=\/wp\/v2\/posts"}],"about":[{"href":"https:\/\/eloficiodehistoriar.com.mx\/index.php?rest_route=\/wp\/v2\/types\/post"}],"author":[{"embeddable":true,"href":"https:\/\/eloficiodehistoriar.com.mx\/index.php?rest_route=\/wp\/v2\/users\/249"}],"replies":[{"embeddable":true,"href":"https:\/\/eloficiodehistoriar.com.mx\/index.php?rest_route=%2Fwp%2Fv2%2Fcomments&post=25938"}],"version-history":[{"count":1,"href":"https:\/\/eloficiodehistoriar.com.mx\/index.php?rest_route=\/wp\/v2\/posts\/25938\/revisions"}],"predecessor-version":[{"id":25940,"href":"https:\/\/eloficiodehistoriar.com.mx\/index.php?rest_route=\/wp\/v2\/posts\/25938\/revisions\/25940"}],"wp:featuredmedia":[{"embeddable":true,"href":"https:\/\/eloficiodehistoriar.com.mx\/index.php?rest_route=\/wp\/v2\/media\/25939"}],"wp:attachment":[{"href":"https:\/\/eloficiodehistoriar.com.mx\/index.php?rest_route=%2Fwp%2Fv2%2Fmedia&parent=25938"}],"wp:term":[{"taxonomy":"category","embeddable":true,"href":"https:\/\/eloficiodehistoriar.com.mx\/index.php?rest_route=%2Fwp%2Fv2%2Fcategories&post=25938"},{"taxonomy":"post_tag","embeddable":true,"href":"https:\/\/eloficiodehistoriar.com.mx\/index.php?rest_route=%2Fwp%2Fv2%2Ftags&post=25938"}],"curies":[{"name":"wp","href":"https:\/\/api.w.org\/{rel}","templated":true}]}}