{"id":27,"date":"2008-05-16T23:22:58","date_gmt":"2008-05-17T04:22:58","guid":{"rendered":"https:\/\/eloficiodehistoriar.com.mx\/?p=27"},"modified":"2008-05-16T23:36:31","modified_gmt":"2008-05-17T04:36:31","slug":"%e2%80%9csantiago-el-mayor-santiago-matamoros-y-queretaro%e2%80%9d-la-fundacion","status":"publish","type":"post","link":"https:\/\/eloficiodehistoriar.com.mx\/?p=27","title":{"rendered":"\u201cSantiago El Mayor, Santiago Matamoros y Quer\u00e9taro\u201d La Fundaci\u00f3n"},"content":{"rendered":"<p><span style=\"color: black; font-family: Arial\"><a href=\"https:\/\/eloficiodehistoriar.com.mx\/wp-content\/uploads\/2008\/05\/santiago.jpg\" title=\"Santiago\"><img decoding=\"async\" src=\"https:\/\/eloficiodehistoriar.com.mx\/wp-content\/uploads\/2008\/05\/santiago.thumbnail.jpg\" alt=\"Santiago\" \/><\/a>A la figura de Santiago el Mayor,<span>\u00a0 <\/span>se le reconoce porque lleva un bast\u00f3n, una alforja, sombrero y una concha; m\u00e1s de alguna vez se acompa\u00f1a con un libro y una espada.<o:p><\/o:p><\/span><span style=\"color: black; font-family: Arial\"><o:p>\u00a0<\/o:p><\/span><strong><span style=\"color: black; font-family: Arial\">Santiago el Mayor<\/span><\/strong><span style=\"color: black; font-family: Arial\">, era hijo de Zebedeo y hermano de Juan Evangelista y Jes\u00fas le hab\u00eda apodado \u201cEl Hijo del Trueno\u201d. Estuvo presente en la transfiguraci\u00f3n en el Monte Tabor y tambi\u00e9n en <st1:personname ProductID=\"la Oraci?n\" w:st=\"on\">la Oraci\u00f3n<\/st1:personname> del Huerto en Getseman\u00ed.<o:p><\/o:p><\/span><span style=\"color: black; font-family: Arial\"><o:p>\u00a0<\/o:p><\/span><span style=\"color: black; font-family: Arial\">En cuanto a <strong>Santiago Matamoros<\/strong>, es parte de la \u201cleyenda dorada\u201d, donde se le reconoce como evangelizador de Espa\u00f1a y se le tiene como el primero de los Ap\u00f3stoles de Jesucristo en sufrir el martirio, que fue por decapitaci\u00f3n, ordenado por Herodes Agripa, alrededor del a\u00f1o 42 d.C. <o:p><\/o:p><\/span><span style=\"color: black; font-family: Arial\"><o:p>\u00a0<\/o:p><\/span><span style=\"color: black; font-family: Arial\">La leyenda dorada nos narra, que los seguidores de Santiago, cargaron su cuerpo en una barca y lo llevaron hasta Galicia, donde fue sepultado en un bosque, esa leyenda fue creciendo hasta el Siglo IX, cuando se\u00f1ala la mencionada leyenda que fue encontrada su tumba y en ese mismo sitio da lugar al nacimiento de <st1:personname ProductID=\"la Ciudad\" w:st=\"on\">La Ciudad<\/st1:personname> de Compostela y a la gran devoci\u00f3n que por \u00e9l tienen en la pen\u00ednsula Ib\u00e9rica.<o:p><\/o:p><\/span><span style=\"color: black; font-family: Arial\"><o:p>\u00a0<\/o:p><\/span><span style=\"color: black; font-family: Arial\">La iconograf\u00eda del llamado Santiago Matamoros, se debi\u00f3 seg\u00fan la tradici\u00f3n a su aparici\u00f3n a caballo y con una espada en <st1:personname ProductID=\"la Batalla\" w:st=\"on\">la Batalla<\/st1:personname> de Clavijo, en el a\u00f1o 844 d.C. donde se hace referencia al santo, como defensor de la cristiandad en Espa\u00f1a y la espada lo se\u00f1ala como el destructor de los moros.<o:p><\/o:p><\/span><span style=\"color: black; font-family: Arial\"><o:p>\u00a0<\/o:p><\/span><span style=\"color: black; font-family: Arial\">En <st1:personname ProductID=\"la Ciudad\" w:st=\"on\">la Ciudad<\/st1:personname> de Quer\u00e9taro llegan tambi\u00e9n los dos Santiagos; Santiago El Mayor, peregrino y evangelizador como patrono de <st1:personname ProductID=\"la Ciudad\" w:st=\"on\">la Ciudad<\/st1:personname> y del Obispado de Quer\u00e9taro, y<span>\u00a0 <\/span>Santiago Matamoros, el que aparece en un corcel y con la espada, en la famosa y legendaria batalla del Cerro del Sangremal, para desgracia <span>\u00a0<\/span>de los habitantes originarios de Am\u00e9rica y en favor de los espa\u00f1oles.<o:p><\/o:p><\/span><span style=\"color: black; font-family: Arial\"><o:p>\u00a0<\/o:p><\/span><span style=\"color: black; font-family: Arial\">La festividad de <st1:personname ProductID=\"la Iglesia Cat?lica\" w:st=\"on\"><st1:personname ProductID=\"la Iglesia\" w:st=\"on\">la Iglesia<\/st1:personname> Cat\u00f3lica<\/st1:personname> para este Santo es el 25 de Julio, fecha que se tiene tambi\u00e9n en Quer\u00e9taro, como d\u00eda de <st1:personname ProductID=\"La Fundaci?n\" w:st=\"on\">la Fundaci\u00f3n<\/st1:personname> de la ciudad, a la que le a\u00f1adieron el nombre del santo, quedando: <strong>Santiago de Quer\u00e9taro<\/strong>.<o:p><\/o:p><\/span><span style=\"color: black; font-family: Arial\"><o:p>\u00a0<\/o:p><\/span><span style=\"color: black; font-family: Arial\">En menos de un lustro, Hern\u00e1n Cort\u00e9s, al frente de 500 espa\u00f1oles, consigui\u00f3 para Espa\u00f1a, a costa de proezas y crueldades, los dos enormes imperios, el Azteca y el Tarasco, adem\u00e1s de una docena de Se\u00f1or\u00edos menores.<\/span><span style=\"font-size: 0pt; background: black; layout-grid-mode: line; color: black; font-family: Arial; border: black 1pt; padding: 0cm\"> <\/span><span style=\"color: black; font-family: Arial\"><o:p><\/o:p><\/span><span style=\"color: black; font-family: Arial\"><o:p>\u00a0<\/o:p><\/span><span style=\"color: black; font-family: Arial\">Nu\u00f1o Beltr\u00e1n de Guzm\u00e1n, hombre \u00e1vido de oro y asesino entusiasta, con 300 espa\u00f1oles y 8000 indios aliados, fue tambi\u00e9n parte del inicio de la historia del nuevo Quer\u00e9taro.<o:p><\/o:p><\/span><span style=\"color: black; font-family: Arial\"><o:p>\u00a0<\/o:p><\/span><span style=\"color: black; font-family: Arial\">Le lleg\u00f3 a Quer\u00e9taro la conquista material, mediante los m\u00e9todos de despojo, esclavitud, servidumbre, la formaci\u00f3n de grandes haciendas, la explotaci\u00f3n de la ganader\u00eda, la miner\u00eda, los obrajes y el comercio.<o:p><\/o:p><\/span><span style=\"color: black; font-family: Arial\"><o:p>\u00a0<\/o:p><\/span><span style=\"color: black; font-family: Arial\">Hern\u00e1n Cort\u00e9s despedaz\u00f3 las figuras de los Dioses originarios de Am\u00e9rica, solicit\u00f3 a Espa\u00f1a el env\u00edo inmediato de sacerdotes y sostuvo que la causa principal de la conquista era la de predicar la fe de Cristo <o:p><\/o:p><\/span><span style=\"color: black; font-family: Arial\"><o:p>\u00a0<\/o:p><\/span><span style=\"color: black; font-family: Arial\">En suma la acometida de los europeos sobre Am\u00e9rica, tampoco le fue ajena a Quer\u00e9taro en sus cuatro actitudes: b\u00e9lica, pol\u00edtica, econ\u00f3mica y espiritual, y en treinta a\u00f1os se apoder\u00f3 de un gran territorio diverso y heterog\u00e9neo, junto con su gran cultura.<o:p><\/o:p><\/span><span style=\"color: black; font-family: Arial\"><o:p>\u00a0<\/o:p><\/span><span style=\"color: black; font-family: Arial\">En tres bulas el Papa Alejandro VI reparte entre Espa\u00f1a y Portugal, las tierras<\/span><span style=\"font-size: 0pt; background: black; layout-grid-mode: line; color: black; font-family: Arial; border: black 1pt; padding: 0cm\"> <\/span><span style=\"color: black; font-family: Arial\"><span>\u00a0<\/span>americanas y de esta donaci\u00f3n papal el jurista Juan L\u00f3pez de Palacios Rubios, redact\u00f3 la \u201cNotificaci\u00f3n y Requerimientos que se ha de hacer a los moradores de las islas y de la tierra firma del Mar Oc\u00e9ano que a\u00fan no est\u00e1n sujetos a nuestro Se\u00f1or\u201d.<o:p><\/o:p><\/span><span style=\"color: black; font-family: Arial\"><o:p>\u00a0<\/o:p><\/span><span style=\"color: black; font-family: Arial\">Este documento sirvi\u00f3 para justificar la servidumbre y asesinato de los naturales de Am\u00e9rica, por lo que esta conquista fue abrumadoramente cruel y de la cual Quer\u00e9taro no fue ajeno en ning\u00fan momento.<o:p><\/o:p><\/span><span style=\"color: black; font-family: Arial\"><o:p>\u00a0<\/o:p><\/span><span style=\"color: black; font-family: Arial\">Afortunadamente para la historia de Quer\u00e9taro, el libro de Lourdes Somohano Mart\u00ednez<span>\u00a0 <\/span>\u201c<st1:personname ProductID=\"La Versi?n Hist?rica\" w:st=\"on\"><st1:personname ProductID=\"La Versi?n\" w:st=\"on\">La Versi\u00f3n<\/st1:personname> Hist\u00f3rica<\/st1:personname> de <st1:personname ProductID=\"la Conquista\" w:st=\"on\">la Conquista<\/st1:personname> y <st1:personname ProductID=\"la Organizaci?n Pol?tica\" w:st=\"on\"><st1:personname ProductID=\"la Organizaci?n\" w:st=\"on\">la Organizaci\u00f3n<\/st1:personname> Pol\u00edtica<\/st1:personname> del Pueblo de Indios de Quer\u00e9taro\u201d, adem\u00e1s del trabajo de Jos\u00e9 Ignacio Urquiola Parmis\u00e1n, sobre la fundaci\u00f3n de <st1:personname ProductID=\"la Ciudad\" w:st=\"on\">la Ciudad<\/st1:personname> de Quer\u00e9taro, abrieron las l\u00edneas de investigaci\u00f3n, que aportan datos y acontecimientos que corroboran lo firmado en este texto. <o:p><\/o:p><\/span><span style=\"color: black; font-family: Arial\"><o:p>\u00a0<\/o:p><\/span><\/p>\n","protected":false},"excerpt":{"rendered":"<p>A la figura de Santiago el Mayor,\u00a0 se le reconoce porque lleva un bast\u00f3n, una alforja, sombrero y una concha; m\u00e1s de alguna vez se acompa\u00f1a con un libro y una espada.\u00a0Santiago el Mayor, era hijo de Zebedeo y hermano de Juan Evangelista y Jes\u00fas le hab\u00eda apodado \u201cEl Hijo del Trueno\u201d. Estuvo presente en [&hellip;]<\/p>\n","protected":false},"author":249,"featured_media":0,"comment_status":"open","ping_status":"closed","sticky":false,"template":"","format":"standard","meta":{"footnotes":""},"categories":[8],"tags":[],"class_list":["post-27","post","type-post","status-publish","format-standard","hentry","category-ciudad-de-queretaro"],"_links":{"self":[{"href":"https:\/\/eloficiodehistoriar.com.mx\/index.php?rest_route=\/wp\/v2\/posts\/27","targetHints":{"allow":["GET"]}}],"collection":[{"href":"https:\/\/eloficiodehistoriar.com.mx\/index.php?rest_route=\/wp\/v2\/posts"}],"about":[{"href":"https:\/\/eloficiodehistoriar.com.mx\/index.php?rest_route=\/wp\/v2\/types\/post"}],"author":[{"embeddable":true,"href":"https:\/\/eloficiodehistoriar.com.mx\/index.php?rest_route=\/wp\/v2\/users\/249"}],"replies":[{"embeddable":true,"href":"https:\/\/eloficiodehistoriar.com.mx\/index.php?rest_route=%2Fwp%2Fv2%2Fcomments&post=27"}],"version-history":[{"count":0,"href":"https:\/\/eloficiodehistoriar.com.mx\/index.php?rest_route=\/wp\/v2\/posts\/27\/revisions"}],"wp:attachment":[{"href":"https:\/\/eloficiodehistoriar.com.mx\/index.php?rest_route=%2Fwp%2Fv2%2Fmedia&parent=27"}],"wp:term":[{"taxonomy":"category","embeddable":true,"href":"https:\/\/eloficiodehistoriar.com.mx\/index.php?rest_route=%2Fwp%2Fv2%2Fcategories&post=27"},{"taxonomy":"post_tag","embeddable":true,"href":"https:\/\/eloficiodehistoriar.com.mx\/index.php?rest_route=%2Fwp%2Fv2%2Ftags&post=27"}],"curies":[{"name":"wp","href":"https:\/\/api.w.org\/{rel}","templated":true}]}}