{"id":28144,"date":"2022-06-22T09:09:13","date_gmt":"2022-06-22T15:09:13","guid":{"rendered":"https:\/\/eloficiodehistoriar.com.mx\/?p=28144"},"modified":"2022-06-22T09:09:13","modified_gmt":"2022-06-22T15:09:13","slug":"un-pedacito-descarnado-del-mexico-neoliberal-que-antonio-helguera-trazo-mordazmente-en-sus-cartones","status":"publish","type":"post","link":"https:\/\/eloficiodehistoriar.com.mx\/?p=28144","title":{"rendered":"Un pedacito descarnado del M\u00e9xico neoliberal que Antonio Helguera traz\u00f3 mordazmente en sus cartones"},"content":{"rendered":"<div id=\"article-cont\" class=\"main-cont article-cont actuality\">\n<div class=\"cabeza\">Exhibir\u00e1n\u00a0<em>Travesuras de Helguera\u00a0<\/em>en Los Pinos<\/div>\n<div class=\"sumarios\">\n<p>El pr\u00f3ximo s\u00e1bado se cumplir\u00e1 un a\u00f1o del fallecimiento del caricaturista<\/p>\n<\/div>\n<div id=\"article-text\" class=\"text\">\n<div class=\"foto\">\n<div class=\"pie-foto\">La labor minuciosa y detallista de Antonio Helguera se caracteriz\u00f3 por el an\u00e1lisis mordaz al poder pol\u00edtico, eclesi\u00e1stico, empresarial y medi\u00e1tico.<\/div>\n<div><\/div>\n<\/div>\n<div class=\"col col1\">\n<div class=\"credito-autor\">Alondra Flores Soto<\/div>\n<div class=\"credito-titulo\"><\/div>\n<div class=\"hemero\">La Jornada<\/p>\n<\/div>\n<p class=\"s-s\">Un pedacito descarnado del M\u00e9xico neoliberal que Antonio Helguera traz\u00f3 mordazmente en sus cartones pol\u00edticos conforman la exposici\u00f3n que se inaugurar\u00e1 en el Complejo Cultural Los Pinos el pr\u00f3ximo 25 de junio, fecha en que se cumple el primer aniversario luctuoso del caricaturista.<\/p>\n<p>Rafael Barajas\u00a0<em>El Fisg\u00f3n<\/em>, curador de la exhibici\u00f3n, se\u00f1al\u00f3 que sus dibujos eran muy precisos, realistas y agudos,\u00a0<q>al final de cuentas era muy sanguinario, terrible, de una iron\u00eda brutal. Ten\u00eda la capacidad de hacer desollamientos en vivo; agarraba el pellejo de sus personajes, lo pon\u00eda en el dibujo y revelaba sus tonter\u00edas. Yo destacar\u00eda la enorme coherencia cr\u00edtica de la obra de Antonio<\/q>, describi\u00f3 en conferencia de prensa.<\/p>\n<p><em>Travesuras de Helguera: Un cr\u00edtico de Los Pinos\u00a0<\/em>exhibe aproximadamente 295 piezas de la colecci\u00f3n bajo resguardo de Alma Mu\u00f1oz, su viuda, quien destac\u00f3 que la obra del caricaturista es muy vasta, \u201cno la podemos cuantificar. S\u00f3lo en\u00a0<em>La Jornada<\/em>\u00a0trabaj\u00f3 33 a\u00f1os, si calculamos un promedio de 200 cartones por a\u00f1o\u2026, muchos de esos cartones son los que tenemos en casa\u201d. Muchas cajas contienen estas vi\u00f1etas que tantas veces dejaba desperdigadas sobre el piso, sin prestar demasiada importancia.<\/p>\n<p>Expres\u00f3 que la colecci\u00f3n est\u00e1 disponible para hacer alg\u00fan trabajo de investigaci\u00f3n y acept\u00f3 que en alg\u00fan momento donar\u00e1n todos estos trabajos a alguna instituci\u00f3n, pero la familia a\u00fan no est\u00e1 lista.<\/p>\n<p><em>El Fisg\u00f3n<\/em>\u00a0destac\u00f3 que la exposici\u00f3n tiene un foco especial: el desarrollo del modelo neoliberal en el pa\u00eds, pues a Helguera le toc\u00f3 ver las privatizaciones, pol\u00edticas de ajustes de recorte salarial y tambi\u00e9n el fin de las administraciones neolibrales,\u00a0<q>no del modelo<\/q>, aclar\u00f3.<\/p>\n<p>La exposici\u00f3n es un recuento de la trayectoria de Antonio Helguera (1965-2021) desde su primer cart\u00f3n, que apareci\u00f3 en\u00a0<em>El D\u00eda\u00a0<\/em>en 1983, y hace hincapi\u00e9 en su trabajo en\u00a0<em>La Jornada<\/em>. Su estilo forma parte de la tradici\u00f3n de caricatura de combate, \u201ctiene un inter\u00e9s art\u00edstico muy claro, tambi\u00e9n uno hist\u00f3rico muy preciso; pero adem\u00e1s es muy divertida.<\/p>\n<p><q>Era un extraordinario dibujante, uno de los grandes retratistas que hemos tenido en los \u00faltimos 30 a\u00f1os. Hay que decirlo: tambi\u00e9n eran un gran analista pol\u00edtico y un humorista muy agudo<\/q>, estos atributos lo volv\u00edan muy querido por su p\u00fablico y muy temido por los pol\u00edticos a los que retrataba, se\u00f1al\u00f3 el amigo y colega de To\u00f1o Helguera.<\/p>\n<\/div>\n<div class=\"col col2\">\n<p>La exposici\u00f3n en este espacio\u00a0<em>sui generis\u00a0<\/em>representa un acto de reivindicaci\u00f3n al g\u00e9nero de la caricatura, el cual ha sido menospreciado durante siglos, consider\u00f3 el tambi\u00e9n monero de\u00a0<em>La Jornada<\/em>. Por tal raz\u00f3n, se trata de\u00a0<q>un acto de justicia cultural<\/q>\u00a0para Helguera\u00a0<q>y me parece que es un acto de justicia po\u00e9tica y sat\u00edrica que la exposici\u00f3n se d\u00e9 precisamente en Los Pinos. \u00c9l estar\u00eda encantado de hacer esta travesura<\/q>.<\/p>\n<p>La periodista Alma Mu\u00f1oz relat\u00f3 que al hacer una revisi\u00f3n se encontraron con una obra muy vigente,\u00a0<q>sus cartones son una respuesta a sus detractores que ahora lo atacan tanto<\/q>. Acompa\u00f1ada de sus hijos Mariana y Pedro, recorri\u00f3 parte de la exposici\u00f3n en la Caba\u00f1a 1, donde a\u00fan se trabaja en el montaje.<\/p>\n<p>La subsecretaria de Desarrollo Cultural, Marina N\u00fa\u00f1ez Bespalova, relat\u00f3 que est\u00e1 a punto de abrir\u00a0<q>una exposici\u00f3n muy so\u00f1ada, llevamos tiempo maquin\u00e1ndola<\/q>, impresa con el humor y sorna que el propio To\u00f1o hubiera tomado,\u00a0<q>\u00e9l siempre ha estado presente en este espacio, en la cabeza de quienes estuvieron habit\u00e1ndolo, a quienes dio muchos dolores de cabeza<\/q>.<\/p>\n<p>Afirm\u00f3 que las exposiciones en este espacio, que dej\u00f3 de ser la casa presidencial para convertirse en espacio cultural, son pensadas para ser itinerantes, por lo que se espera llevar la muestra a otras entidades. Incluso inform\u00f3 que el Centro Kirchner, en Argentina, ya expres\u00f3 su inter\u00e9s por hospedar el trabajo del caricaturista mexicano. Homero Fern\u00e1ndez, director del Complejo Cultural Los Pinos, tambi\u00e9n particip\u00f3 de la conferencia en lo que\u00a0<q>sol\u00eda ser el templo del neoliberalismo<\/q>.<\/p>\n<p>La exposici\u00f3n\u00a0<em>Travesuras de Helguera<\/em>\u00a0se inaugura el 25 de junio, a las 12 horas, en el Complejo Cultural Los Pinos, ubicado en avenida Parque Lira sin n\u00famero, cerca de la estaci\u00f3n Constituyentes del Metro. La entrada es gratuita.<\/p>\n<\/div>\n<\/div>\n<div class=\"go gui\">\n<div class=\"go-up\"><\/div>\n<\/div>\n<\/div>\n<div id=\"taboola-below-content-thumbnails\" class=\" trc_related_container trc_spotlight_widget tbl-feed-container tbl-feed-frame-DIVIDER  render-late-effect\" data-feed-container-num=\"1\" data-feed-main-container-id=\"taboola-below-content-thumbnails\" data-parent-placement-name=\"Below Content Thumbnails\" data-pub-lang=\"es\">\n<div class=\" tbl-feed-header tbl-logo-right-position\">\n<div class=\"tbl-feed-header-logo\"><\/div>\n<\/div>\n<\/div>\n","protected":false},"excerpt":{"rendered":"<p>Exhibir\u00e1n\u00a0Travesuras de Helguera\u00a0en Los Pinos El pr\u00f3ximo s\u00e1bado se cumplir\u00e1 un a\u00f1o del fallecimiento del caricaturista La labor minuciosa y detallista de Antonio Helguera se caracteriz\u00f3 por el an\u00e1lisis mordaz al poder pol\u00edtico, eclesi\u00e1stico, empresarial y medi\u00e1tico. Alondra Flores Soto La Jornada Un pedacito descarnado del M\u00e9xico neoliberal que Antonio Helguera traz\u00f3 mordazmente en sus [&hellip;]<\/p>\n","protected":false},"author":249,"featured_media":28146,"comment_status":"open","ping_status":"closed","sticky":false,"template":"","format":"standard","meta":{"footnotes":""},"categories":[26],"tags":[],"class_list":["post-28144","post","type-post","status-publish","format-standard","has-post-thumbnail","hentry","category-mundo"],"_links":{"self":[{"href":"https:\/\/eloficiodehistoriar.com.mx\/index.php?rest_route=\/wp\/v2\/posts\/28144","targetHints":{"allow":["GET"]}}],"collection":[{"href":"https:\/\/eloficiodehistoriar.com.mx\/index.php?rest_route=\/wp\/v2\/posts"}],"about":[{"href":"https:\/\/eloficiodehistoriar.com.mx\/index.php?rest_route=\/wp\/v2\/types\/post"}],"author":[{"embeddable":true,"href":"https:\/\/eloficiodehistoriar.com.mx\/index.php?rest_route=\/wp\/v2\/users\/249"}],"replies":[{"embeddable":true,"href":"https:\/\/eloficiodehistoriar.com.mx\/index.php?rest_route=%2Fwp%2Fv2%2Fcomments&post=28144"}],"version-history":[{"count":1,"href":"https:\/\/eloficiodehistoriar.com.mx\/index.php?rest_route=\/wp\/v2\/posts\/28144\/revisions"}],"predecessor-version":[{"id":28147,"href":"https:\/\/eloficiodehistoriar.com.mx\/index.php?rest_route=\/wp\/v2\/posts\/28144\/revisions\/28147"}],"wp:featuredmedia":[{"embeddable":true,"href":"https:\/\/eloficiodehistoriar.com.mx\/index.php?rest_route=\/wp\/v2\/media\/28146"}],"wp:attachment":[{"href":"https:\/\/eloficiodehistoriar.com.mx\/index.php?rest_route=%2Fwp%2Fv2%2Fmedia&parent=28144"}],"wp:term":[{"taxonomy":"category","embeddable":true,"href":"https:\/\/eloficiodehistoriar.com.mx\/index.php?rest_route=%2Fwp%2Fv2%2Fcategories&post=28144"},{"taxonomy":"post_tag","embeddable":true,"href":"https:\/\/eloficiodehistoriar.com.mx\/index.php?rest_route=%2Fwp%2Fv2%2Ftags&post=28144"}],"curies":[{"name":"wp","href":"https:\/\/api.w.org\/{rel}","templated":true}]}}