{"id":28148,"date":"2022-06-22T09:20:06","date_gmt":"2022-06-22T15:20:06","guid":{"rendered":"https:\/\/eloficiodehistoriar.com.mx\/?p=28148"},"modified":"2022-06-22T09:20:06","modified_gmt":"2022-06-22T15:20:06","slug":"los-jesuitas-estan-en-la-historia-de-la-tarahumara-el-obispo-jose-llaguno-solia-sobrevolar-los-barrancos","status":"publish","type":"post","link":"https:\/\/eloficiodehistoriar.com.mx\/?p=28148","title":{"rendered":"Los jesuitas\u00a0est\u00e1n en la historia de la Tarahumara. El obispo Jos\u00e9 Llaguno sol\u00eda sobrevolar los barrancos"},"content":{"rendered":"<div id=\"article-cont\" class=\"main-cont article-cont analysis\">\n<div class=\"cabeza\">Jesuitas en la Tarahumara, la pastoral que lleg\u00f3 del aire<\/div>\n<div class=\"sumarios\"><\/div>\n<div class=\"credito-articulo\">Juli\u00e1n Andrade*<\/div>\n<div><\/div>\n<div id=\"article-text\" class=\"text\">\n<div class=\"col col1\">\n<div class=\"inicial\">Los jesuitas\u00a0est\u00e1n engarzados a la historia de la sierra Tarahumara. La memoria es fuerte. El obispo Jos\u00e9 Llaguno sol\u00eda sobrevolar los barrancos \u2013era piloto\u2013 y aterrizar en los lugares m\u00e1s complejos e inh\u00f3spitos. Las puertas de la avioneta hab\u00eda que amarrarlas con mecates y encomendarse a las habilidades del jesuita y, como \u00e9l dec\u00eda,\u00a0<q>a la voluntad de Dios<\/q>. Era un trabajo pastoral que llegaba por los aires.<\/div>\n<p>La Compa\u00f1\u00eda de Jes\u00fas hizo de Chihuahua uno de sus centros m\u00e1s relevantes. Esto es as\u00ed porque han acompa\u00f1ado a las comunidades ind\u00edgenas a lo largo del tiempo. Nunca fue sencillo, porque el trabajo social molestaba a los poderosos y, entre ellos, a los criminales.<\/p>\n<p>Los jesuitas aprendieron a trabajar en el filo del peligro, literalmente, porque son los testigos de una situaci\u00f3n que se fue deteriorando.<\/p>\n<p>Pero la tarde del lunes se rebas\u00f3 una frontera cuando sicarios asesinaron a los sacerdotes Javier Campos y Joaqu\u00edn Mora. Los mataron dentro de la Iglesia de Cerocahui y se llevaron sus cuerpos.<\/p>\n<p>Los asesinos persegu\u00edan a un sujeto que trat\u00f3 de refugiarse en el templo. Los padres Campos y Mora trataron de auxiliarlo y esto les cost\u00f3 la vida. Es la versi\u00f3n de los integrantes de la comunidad que ahora se encuentra en riesgo.<\/p>\n<p>Javier \u00c1vila,\u00a0<em>El Pato,\u00a0<\/em>un jesuita que tambi\u00e9n lleva toda la vida en la Tarahumara, se\u00f1al\u00f3 que el asesino probablemente estaba bajo el influjo de las drogas. \u00c1vila conoce, como pocos, una regi\u00f3n que ha padecido las pruebas m\u00e1s extremas, que permanece en una suerte de abandono, que permite la acci\u00f3n de bandas criminales.<\/p>\n<p>Hern\u00e1n Quezada, integrante del equipo de gobierno de La Compa\u00f1\u00eda de Jes\u00fas, hizo una pregunta relevante, angustiosa: \u00bfexiste alg\u00fan l\u00edmite? No lo sabemos, al menos no por ahora y cuando la violencia, con toda su crudeza, no deja de sorprendernos d\u00eda con d\u00eda.<\/p>\n<p>Lo que ocurri\u00f3, aunque fuera circunstancial, nos remite a ausencias que se han prolongado por el tiempo. Para los diversos gobiernos, la Tarahumara ha sido vista como un espacio para la extracci\u00f3n de sus recursos y no como una oportunidad para el desarrollo y la mejor\u00eda de la vida.<\/p>\n<\/div>\n<div class=\"col col2\">\n<p>Por eso es que la presencia de los jesuitas es tan importante, ya que han sabido tejer una red de relaciones con la comunidad, volvi\u00e9ndose parte de ella. Los religiosos han hecho un gran servicio social, que se refleja en el enorme cari\u00f1o que ah\u00ed les tienen y les ten\u00edan en particular a Campos y a Mora, quienes, a sus 79 y 81 a\u00f1os, quer\u00edan morir en la que sin duda es su casa, pero no de esa forma.<\/p>\n<p>En los a\u00f1os noventas, y ante la furia de no pocos personajes de la jerarqu\u00eda eclesi\u00e1stica, Pepe Llaguno, el obispo, se convirti\u00f3 en impulsor y fundador de la Comisi\u00f3n de Solidaridad y Derechos Humanos (Cosyddac), la que se volvi\u00f3 un instrumento indispensable para denunciar los abusos de que eran v\u00edctimas los rar\u00e1muris.<\/p>\n<p>La sociedad civil y la Iglesia trabajaron contra dos espectros igual de perniciosos: los narcotraficantes que se empezaban a infiltrar en la regi\u00f3n y los polic\u00edas que estaban coludidos con ellos, pero que de paso vulneraban toda clase de garant\u00edas. En eso siguen y seguir\u00e1n los jesuitas, dando testimonio, denunciando riesgos y arbitrariedades, porque es su misi\u00f3n.<\/p>\n<p>Saben a lo que se enfrentan y tienen presente que las diversas campa\u00f1as contra el narcotr\u00e1fico se convirtieron en un pretexto para la represi\u00f3n y el abuso, como en Baborigame, Guadalupe y Calvo, donde elementos del Ej\u00e9rcito destruyeron y quemaron viviendas.<\/p>\n<p>Desde entonces, desde hace a\u00f1os, el alzar la voz ante las injusticias se convirti\u00f3 en un reflejo, en una posibilidad de buscar que la situaci\u00f3n, cuando menos, no empeore.<\/p>\n<p>Pero ahora es un momento delicado porque sobreviven bajo fuego. Lo saben las autoridades y, por supuesto, en la Compa\u00f1\u00eda de Jes\u00fas. Habr\u00e1 que volver a las ense\u00f1anzas de Llaguno, a esa voluntad de resistencia ante los desaf\u00edos, a ese todo modo de controlar la voluntad para, en efecto, combatir al mal.<\/p>\n<p>*\u00a0<em>Periodista<\/em><\/p>\n<p>Twitter:\u00a0<a href=\"https:\/\/twitter.com\/@jandradej\">@jandradej<\/a><\/p>\n<p class=\"email\">\n<\/div>\n<\/div>\n<div class=\"go gui\">\n<div class=\"go-up\"><\/div>\n<\/div>\n<\/div>\n<div id=\"taboola-below-content-thumbnails\" class=\" trc_related_container trc_spotlight_widget tbl-feed-container tbl-feed-frame-DIVIDER  render-late-effect\" data-feed-container-num=\"1\" data-feed-main-container-id=\"taboola-below-content-thumbnails\" data-parent-placement-name=\"Below Content Thumbnails\" data-pub-lang=\"es\">\n<div class=\" tbl-feed-header tbl-logo-right-position\">\n<div class=\"tbl-feed-header-logo\"><\/div>\n<\/div>\n<\/div>\n","protected":false},"excerpt":{"rendered":"<p>Jesuitas en la Tarahumara, la pastoral que lleg\u00f3 del aire Juli\u00e1n Andrade* Los jesuitas\u00a0est\u00e1n engarzados a la historia de la sierra Tarahumara. La memoria es fuerte. El obispo Jos\u00e9 Llaguno sol\u00eda sobrevolar los barrancos \u2013era piloto\u2013 y aterrizar en los lugares m\u00e1s complejos e inh\u00f3spitos. Las puertas de la avioneta hab\u00eda que amarrarlas con mecates [&hellip;]<\/p>\n","protected":false},"author":249,"featured_media":28149,"comment_status":"open","ping_status":"closed","sticky":false,"template":"","format":"standard","meta":{"footnotes":""},"categories":[26],"tags":[],"class_list":["post-28148","post","type-post","status-publish","format-standard","has-post-thumbnail","hentry","category-mundo"],"_links":{"self":[{"href":"https:\/\/eloficiodehistoriar.com.mx\/index.php?rest_route=\/wp\/v2\/posts\/28148","targetHints":{"allow":["GET"]}}],"collection":[{"href":"https:\/\/eloficiodehistoriar.com.mx\/index.php?rest_route=\/wp\/v2\/posts"}],"about":[{"href":"https:\/\/eloficiodehistoriar.com.mx\/index.php?rest_route=\/wp\/v2\/types\/post"}],"author":[{"embeddable":true,"href":"https:\/\/eloficiodehistoriar.com.mx\/index.php?rest_route=\/wp\/v2\/users\/249"}],"replies":[{"embeddable":true,"href":"https:\/\/eloficiodehistoriar.com.mx\/index.php?rest_route=%2Fwp%2Fv2%2Fcomments&post=28148"}],"version-history":[{"count":1,"href":"https:\/\/eloficiodehistoriar.com.mx\/index.php?rest_route=\/wp\/v2\/posts\/28148\/revisions"}],"predecessor-version":[{"id":28150,"href":"https:\/\/eloficiodehistoriar.com.mx\/index.php?rest_route=\/wp\/v2\/posts\/28148\/revisions\/28150"}],"wp:featuredmedia":[{"embeddable":true,"href":"https:\/\/eloficiodehistoriar.com.mx\/index.php?rest_route=\/wp\/v2\/media\/28149"}],"wp:attachment":[{"href":"https:\/\/eloficiodehistoriar.com.mx\/index.php?rest_route=%2Fwp%2Fv2%2Fmedia&parent=28148"}],"wp:term":[{"taxonomy":"category","embeddable":true,"href":"https:\/\/eloficiodehistoriar.com.mx\/index.php?rest_route=%2Fwp%2Fv2%2Fcategories&post=28148"},{"taxonomy":"post_tag","embeddable":true,"href":"https:\/\/eloficiodehistoriar.com.mx\/index.php?rest_route=%2Fwp%2Fv2%2Ftags&post=28148"}],"curies":[{"name":"wp","href":"https:\/\/api.w.org\/{rel}","templated":true}]}}