{"id":28151,"date":"2022-06-22T09:22:54","date_gmt":"2022-06-22T15:22:54","guid":{"rendered":"https:\/\/eloficiodehistoriar.com.mx\/?p=28151"},"modified":"2022-06-22T09:22:54","modified_gmt":"2022-06-22T15:22:54","slug":"dolor-rabia-impotencia-e-incredulidad-ha-causado-el-asesinato-de-dos-jesuitas-en-la-sierra-tarahumara","status":"publish","type":"post","link":"https:\/\/eloficiodehistoriar.com.mx\/?p=28151","title":{"rendered":"Dolor, rabia, impotencia\u00a0e incredulidad ha causado el asesinato de dos jesuitas en la Sierra Tarahumara"},"content":{"rendered":"<div id=\"article-cont\" class=\"main-cont article-cont analysis\">\n<div class=\"cabeza\">Indignaci\u00f3n por el martirio de los jesuitas asesinados en la Tarahumara<\/div>\n<div class=\"sumarios\"><\/div>\n<div class=\"credito-articulo\">Bernardo Barranco V.<\/div>\n<div><\/div>\n<div id=\"article-text\" class=\"text\">\n<div class=\"col col1\">\n<div class=\"inicial\">Dolor, rabia, impotencia<em>\u00a0<\/em>e incredulidad ha causado el asesinato de dos jesuitas en la Sierra Tarahumara. No basta resignarnos con admitir que los sacerdotes fueron alcanzados por la violencia de la regi\u00f3n y del pa\u00eds.\u00a0<q>Les toc\u00f3<\/q>\u00a0como a tantos otros mexicanos que han perdido la vida en esta vor\u00e1gine de terror que vivimos desde el gobierno de Felipe Calder\u00f3n.<\/div>\n<p>Anteayer entre las 5 y 6 de la tarde, los sacerdotes jesuitas C\u00e9sar Joaqu\u00edn Mora Salazar y Javier Campos Morales, llamado\u00a0<em>Padre Gallo<\/em>, fueron asesinados por varios sicarios en el templo de Cerocahui en la Sierra Tarahumara. A\u00fan no hay mucha claridad de los hechos y desconocemos los motivos por los que levantaron los cuerpos de las v\u00edctimas.<\/p>\n<p>Reina un profundo desconcierto porque se trata de dos jesuitas misioneros, fieles al pueblo pobre y sufriente de la Tarahumara. Comprometidos con los ind\u00edgenas pobres entre los pobres. El peso hist\u00f3rico de esa misi\u00f3n se remonta al siglo XVII. Los jesuitas asesinados eran dos misioneros ya ancianos, que se hab\u00edan inculturado y consagraron toda su vida en la pastoral en favor de las comunidades, principalmente, rar\u00e1muris en la Tarahumara. Su presencia se remonta 40 a\u00f1os en la regi\u00f3n y fueron honrosos herederos del gran obispo jesuita Jos\u00e9 Llaguno (1925-92).<\/p>\n<p>Los jesuitas en la regi\u00f3n Tarahumara se han distinguido por ser solidarios con las comunidades marginadas, explotadas y reprimidas. No ense\u00f1aban la fe en abstracto; promov\u00edan el desarrollo econ\u00f3mico, la educaci\u00f3n, la organizaci\u00f3n social y los derechos humanos. Con todo dolor, en un comunicado, las comunidades eclesiales de base de la zona expresan infinita tristeza y rabia, pero mantienen la esperanza de que no habr\u00e1 impunidad. No s\u00f3lo sus vidas les fueron arrebatadas, sus cuerpos fueron desaparecidos. Refiri\u00e9ndose al\u00a0<em>Padre Gallo,\u00a0<\/em>quien les acompa\u00f1aba el comunicado, le recuerda:\u00a0<q>Espiritualidad, amor profundo e incondicional en el seguimiento de Jes\u00fas, fue la frase que Javier Campos Morales SJ, comparti\u00f3 en la Asamblea Diocesana de Animadores de Comunidades Eclesiales de Base, celebrada el 3 de junio de 2022<\/q>. La Compa\u00f1\u00eda de Jes\u00fas expres\u00f3 que estos hechos no son aislados. La Sierra Tarahumara, como muchas otras regiones del pa\u00eds, enfrenta condiciones de violencia y olvido que no han sido revertidas. Todos los d\u00edas hombres y mujeres son privados arbitrariamente de la vida, como hoy fueron asesinados nuestros hermanos. Prosigue:\u00a0<q>Demandamos que de forma inmediata se adopten todas las medidas de protecci\u00f3n para salvaguardar la vida de nuestros hermanos jesuitas, religiosas, laicos y de toda la comunidad de Cerocahui<\/q>.<\/p>\n<p>La Compa\u00f1\u00eda de Jes\u00fas ha tenido un papel muy importante en la cultura mexicana. Los jesuitas llegaron a fines del siglo XVI. Ya estaban instalados los franciscanos, los dominicos y los carmelitas. Por ello, sus misiones se orientaron territorialmente a Guanajuato, San Luis y Coahuila. Despu\u00e9s se expandieron a Durango, Sinaloa y Chihuahua. Forjaron ciudades y colegios. Fueron formando la intelectualidad colonial hasta que fueron expulsados por Carlos III de toda Am\u00e9rica por no acatar plenamente los mandatos de la corona. Los jesuitas hab\u00edan optado por defender la dignidad de los indios bajo los principios cristianos y la lealtad al Papa. Las revueltas guaran\u00edes detonaron el destierro con un gran costo para las colonias. Retornaron en el siglo XIX y no les fue f\u00e1cil adaptarse al M\u00e9xico independiente y liberal. En la actualidad, los jesuitas juegan un papel muy importante en el desarrollo de una Iglesia de los pobres y de la teolog\u00eda de la liberaci\u00f3n.<\/p>\n<\/div>\n<div class=\"col col2\">\n<p>Existe otra veta de an\u00e1lisis de este deplorable asesinato de dos sacerdotes buenos. Hoy, ser sacerdote en M\u00e9xico es ostentar una profesi\u00f3n peligrosa. Ser ministro de culto en M\u00e9xico es una funci\u00f3n de alto riesgo. Much\u00edsimos casos de curas asesinados siguen la ruta de la impunidad, el no esclarecimiento de los hechos y la lasitud institucional, incumpliendo con el esclarecimiento de los hechos ni aplicando justicia. Con verg\u00fcenza, nuestro pa\u00eds se destaca por ser donde m\u00e1s se asesina a integrantes del clero. Con datos del Centro Cat\u00f3lico, en los \u00faltimos 30 a\u00f1os han sido asesinados m\u00e1s de 70 sacerdotes cat\u00f3licos. Siete en lo que va en el sexenio de AMLO. Los motivos son m\u00faltiples como el robo, secuestro, la extorsi\u00f3n, m\u00f3viles pasionales y tambi\u00e9n pol\u00edticos. Las entidades m\u00e1s peligrosas de la Rep\u00fablica son Michoac\u00e1n, Guerrero, Distrito Federal y el estado de M\u00e9xico.<\/p>\n<p>Cabr\u00eda preguntarse sobre los evidentes signos de la desacralizaci\u00f3n del ministerio sacerdotal en la actual sociedad mexicana. Desde hace a\u00f1os me viene dando vueltas el tema. Pareciera que hay vaciamiento del sentido mist\u00e9rico de la pr\u00e1ctica religiosa de las estructuras religiosas. \u00bfDesinstitucionalizaci\u00f3n de la fe? \u00bfC\u00f3mo entender que la poblaci\u00f3n siga siendo tan religiosa pero cada vez m\u00e1s distanciadas de las instituciones y estructuras religiosas? La gran crisis que sufre la Iglesia en la sociedad contempor\u00e1nea es el descr\u00e9dito de su sacralidad. V\u00eda los medios, se percibe una conducta m\u00e1s pol\u00edtica, elitista y hasta disipada de actores religiosos, como el fallecido On\u00e9simo Cepeda, Juan Sandoval \u00ed\u00f1iguez y de Norberto Rivera. Han contribuido a una percepci\u00f3n mundanizada del ministerio sacerdotal. Ya no son l\u00edderes espirituales, sino actores profanos vac\u00edos con agendas fr\u00edvolas.<\/p>\n<p>El martirio de Javier y Joaqu\u00edn requiere, la recuperaci\u00f3n de sus cuerpos, el esclarecimiento de los hechos, aplicaci\u00f3n de la ley hacia los responsables, la protecci\u00f3n de las comunidades y confrontar eficazmente el crimen organizado. \u00bfQu\u00e9 dir\u00e1 el santo padre que le est\u00e1n matando a sus palomas?<\/p>\n<p class=\"email\">\n<\/div>\n<\/div>\n<div class=\"go gui\">\n<div class=\"go-up\"><\/div>\n<\/div>\n<\/div>\n<div id=\"taboola-below-content-thumbnails\" class=\" trc_related_container trc_spotlight_widget tbl-feed-container tbl-feed-frame-DIVIDER  render-late-effect\" data-feed-container-num=\"1\" data-feed-main-container-id=\"taboola-below-content-thumbnails\" data-parent-placement-name=\"Below Content Thumbnails\" data-pub-lang=\"es\">\n<div class=\" tbl-feed-header tbl-logo-right-position\">\n<div class=\"tbl-feed-header-logo\"><\/div>\n<\/div>\n<\/div>\n","protected":false},"excerpt":{"rendered":"<p>Indignaci\u00f3n por el martirio de los jesuitas asesinados en la Tarahumara Bernardo Barranco V. Dolor, rabia, impotencia\u00a0e incredulidad ha causado el asesinato de dos jesuitas en la Sierra Tarahumara. No basta resignarnos con admitir que los sacerdotes fueron alcanzados por la violencia de la regi\u00f3n y del pa\u00eds.\u00a0Les toc\u00f3\u00a0como a tantos otros mexicanos que han [&hellip;]<\/p>\n","protected":false},"author":249,"featured_media":28152,"comment_status":"open","ping_status":"closed","sticky":false,"template":"","format":"standard","meta":{"footnotes":""},"categories":[26],"tags":[],"class_list":["post-28151","post","type-post","status-publish","format-standard","has-post-thumbnail","hentry","category-mundo"],"_links":{"self":[{"href":"https:\/\/eloficiodehistoriar.com.mx\/index.php?rest_route=\/wp\/v2\/posts\/28151","targetHints":{"allow":["GET"]}}],"collection":[{"href":"https:\/\/eloficiodehistoriar.com.mx\/index.php?rest_route=\/wp\/v2\/posts"}],"about":[{"href":"https:\/\/eloficiodehistoriar.com.mx\/index.php?rest_route=\/wp\/v2\/types\/post"}],"author":[{"embeddable":true,"href":"https:\/\/eloficiodehistoriar.com.mx\/index.php?rest_route=\/wp\/v2\/users\/249"}],"replies":[{"embeddable":true,"href":"https:\/\/eloficiodehistoriar.com.mx\/index.php?rest_route=%2Fwp%2Fv2%2Fcomments&post=28151"}],"version-history":[{"count":1,"href":"https:\/\/eloficiodehistoriar.com.mx\/index.php?rest_route=\/wp\/v2\/posts\/28151\/revisions"}],"predecessor-version":[{"id":28153,"href":"https:\/\/eloficiodehistoriar.com.mx\/index.php?rest_route=\/wp\/v2\/posts\/28151\/revisions\/28153"}],"wp:featuredmedia":[{"embeddable":true,"href":"https:\/\/eloficiodehistoriar.com.mx\/index.php?rest_route=\/wp\/v2\/media\/28152"}],"wp:attachment":[{"href":"https:\/\/eloficiodehistoriar.com.mx\/index.php?rest_route=%2Fwp%2Fv2%2Fmedia&parent=28151"}],"wp:term":[{"taxonomy":"category","embeddable":true,"href":"https:\/\/eloficiodehistoriar.com.mx\/index.php?rest_route=%2Fwp%2Fv2%2Fcategories&post=28151"},{"taxonomy":"post_tag","embeddable":true,"href":"https:\/\/eloficiodehistoriar.com.mx\/index.php?rest_route=%2Fwp%2Fv2%2Ftags&post=28151"}],"curies":[{"name":"wp","href":"https:\/\/api.w.org\/{rel}","templated":true}]}}