{"id":28154,"date":"2022-06-22T09:30:24","date_gmt":"2022-06-22T15:30:24","guid":{"rendered":"https:\/\/eloficiodehistoriar.com.mx\/?p=28154"},"modified":"2022-06-22T09:30:24","modified_gmt":"2022-06-22T15:30:24","slug":"identificaron-a-los-autores-materiales-del-homicidio-de-los-jesuitas-javier-campos-y-joaquin-mora","status":"publish","type":"post","link":"https:\/\/eloficiodehistoriar.com.mx\/?p=28154","title":{"rendered":"Identificaron a los autores materiales del homicidio de los jesuitas Javier Campos y Joaqu\u00edn Mora"},"content":{"rendered":"<div id=\"article-cont\" class=\"main-cont article-cont actuality\">\n<div class=\"cabeza\">Del c\u00e1rtel de Sinaloa, el presunto homicida<\/div>\n<div class=\"sumarios\"><\/div>\n<div id=\"article-text\" class=\"text\">\n<div class=\"col col1\">\n<div class=\"credito-autor\">Gustavo Castillo Garc\u00eda<\/div>\n<div class=\"credito-titulo\"><\/div>\n<div class=\"hemero\">La Jornada<\/p>\n<\/div>\n<p class=\"s-s\">Autoridades federales y del estado de Chihuahua identificaron como uno de los autores materiales del homicidio de los sacerdotes jesuitas Javier Campos y Joaqu\u00edn Mora a Jos\u00e9 Noriel Portillo Gil,\u00a0<em>El Chueco,\u00a0<\/em>jefe de una c\u00e9lula de sicarios y traficantes de droga al servicio de\u00a0<em>Los Salazar,\u00a0<\/em>un grupo delictivo que forma parte del c\u00e1rtel de Sinaloa.<\/p>\n<p><em>Los Salazar\u00a0<\/em>es uno de los grupos que controlan el tr\u00e1fico de drogas en la sierra de esa entidad, e integrantes de esa organizaci\u00f3n fueron quienes perpetraron el asesinato de la corresponsal de\u00a0<em>La Jornada<\/em>, Miroslava Breach, el 23 de marzo de 2017 en la capital del estado.<\/p>\n<p>Informaci\u00f3n gubernamental refiere que Portillo Gil controla varias regiones de Chihuahua y que existe una orden de aprehensi\u00f3n en su contra por el secuestro y homicidio del profesor Patrik Braxton Andrews, de origen estadunidense, quien fue privado de la libertad cuando viajaba por las Barrancas del Cobre y la Sierra Tarahumara en octubre de 2018.<\/p>\n<p>De acuerdo con informes de inteligencia, en el grupo de sicarios de\u00a0<em>El Chueco<\/em>\u00a0participan algunos de sus familiares.<\/p>\n<p>Su organizaci\u00f3n es responsable del tr\u00e1fico, recolecci\u00f3n y distribuci\u00f3n de drogas hacia la zona occidente de la entidad, y Noriel Portillo Gil es considerado uno de los principales generadores de violencia en la sierra chihuahuense. Opera en los poblados de Tubares, Mesa de Arturo, Cieneguita de Trejo, Bahuichivo, Cerocahui y San Rafael y la cabecera municipal de Urique.<\/p>\n<\/div>\n<div class=\"col col2\">\n<p>Seg\u00fan reportes de autoridades locales, la fiscal\u00eda estatal ya integra la carpeta de investigaci\u00f3n por el crimen de los sacerdotes jesuitas a fin de obtener la correspondiente orden de captura.<\/p>\n<p class=\"sumario\">Coordinaci\u00f3n de fuerzas federales y estatales<\/p>\n<p class=\"s-s\">Tras condenar el asesinato de los jesuitas, el gabinete de Seguridad Nacional y la Secretar\u00eda de Seguridad y Protecci\u00f3n Ciudadana (SSPC) informaron que trabajaran de manera coordinada con las autoridades de esa entidad para detener a los homicidas.<\/p>\n<p>Asimismo, la instituci\u00f3n que encabeza Rosa Icela Rodr\u00edguez se\u00f1al\u00f3:\u00a0<q>Ya est\u00e1 identificado el responsable y se contin\u00faa con la investigaci\u00f3n para dar con su paradero y no permitir la impunidad<\/q>.<\/p>\n<p>La SSPC indic\u00f3 que\u00a0<q>por instrucciones del presidente Andr\u00e9s Manuel L\u00f3pez Obrador, desde el primer momento se estableci\u00f3 comunicaci\u00f3n con las autoridades locales para acordar la coordinaci\u00f3n y apoyo que permitan el esclarecimiento del caso<\/q>.<\/p>\n<\/div>\n<\/div>\n<div class=\"go gui\">\n<div class=\"go-up\"><\/div>\n<\/div>\n<\/div>\n","protected":false},"excerpt":{"rendered":"<p>Del c\u00e1rtel de Sinaloa, el presunto homicida Gustavo Castillo Garc\u00eda La Jornada Autoridades federales y del estado de Chihuahua identificaron como uno de los autores materiales del homicidio de los sacerdotes jesuitas Javier Campos y Joaqu\u00edn Mora a Jos\u00e9 Noriel Portillo Gil,\u00a0El Chueco,\u00a0jefe de una c\u00e9lula de sicarios y traficantes de droga al servicio de\u00a0Los [&hellip;]<\/p>\n","protected":false},"author":249,"featured_media":28155,"comment_status":"open","ping_status":"closed","sticky":false,"template":"","format":"standard","meta":{"footnotes":""},"categories":[26],"tags":[],"class_list":["post-28154","post","type-post","status-publish","format-standard","has-post-thumbnail","hentry","category-mundo"],"_links":{"self":[{"href":"https:\/\/eloficiodehistoriar.com.mx\/index.php?rest_route=\/wp\/v2\/posts\/28154","targetHints":{"allow":["GET"]}}],"collection":[{"href":"https:\/\/eloficiodehistoriar.com.mx\/index.php?rest_route=\/wp\/v2\/posts"}],"about":[{"href":"https:\/\/eloficiodehistoriar.com.mx\/index.php?rest_route=\/wp\/v2\/types\/post"}],"author":[{"embeddable":true,"href":"https:\/\/eloficiodehistoriar.com.mx\/index.php?rest_route=\/wp\/v2\/users\/249"}],"replies":[{"embeddable":true,"href":"https:\/\/eloficiodehistoriar.com.mx\/index.php?rest_route=%2Fwp%2Fv2%2Fcomments&post=28154"}],"version-history":[{"count":1,"href":"https:\/\/eloficiodehistoriar.com.mx\/index.php?rest_route=\/wp\/v2\/posts\/28154\/revisions"}],"predecessor-version":[{"id":28156,"href":"https:\/\/eloficiodehistoriar.com.mx\/index.php?rest_route=\/wp\/v2\/posts\/28154\/revisions\/28156"}],"wp:featuredmedia":[{"embeddable":true,"href":"https:\/\/eloficiodehistoriar.com.mx\/index.php?rest_route=\/wp\/v2\/media\/28155"}],"wp:attachment":[{"href":"https:\/\/eloficiodehistoriar.com.mx\/index.php?rest_route=%2Fwp%2Fv2%2Fmedia&parent=28154"}],"wp:term":[{"taxonomy":"category","embeddable":true,"href":"https:\/\/eloficiodehistoriar.com.mx\/index.php?rest_route=%2Fwp%2Fv2%2Fcategories&post=28154"},{"taxonomy":"post_tag","embeddable":true,"href":"https:\/\/eloficiodehistoriar.com.mx\/index.php?rest_route=%2Fwp%2Fv2%2Ftags&post=28154"}],"curies":[{"name":"wp","href":"https:\/\/api.w.org\/{rel}","templated":true}]}}