{"id":28157,"date":"2022-06-22T09:43:52","date_gmt":"2022-06-22T15:43:52","guid":{"rendered":"https:\/\/eloficiodehistoriar.com.mx\/?p=28157"},"modified":"2022-06-22T09:43:52","modified_gmt":"2022-06-22T15:43:52","slug":"el-actor-ben-stiller-ha-recogido-historias-de-refugiados-en-ucrania-estrella-de-peliculas-como-zoolander","status":"publish","type":"post","link":"https:\/\/eloficiodehistoriar.com.mx\/?p=28157","title":{"rendered":"El actor Ben Stiller ha recogido\u00a0historias de refugiados en Ucrania, estrella de pel\u00edculas como\u00a0Zoolander\u00a0"},"content":{"rendered":"<div id=\"article-cont\" class=\"main-cont article-cont actuality\">\n<div class=\"cabeza\"><q>Fue realmente duro ver las ruinas, tengo una percepci\u00f3n diferente de lo que se ve en televisi\u00f3n<\/q>: Stiller<\/div>\n<div class=\"sumarios\">\n<p>El actor y enviado de buena voluntad de la ONU le dijo al presidente ucranio:\u00a0<q>eres mi h\u00e9roe<\/q><\/p>\n<\/div>\n<div id=\"article-text\" class=\"text\">\n<div class=\"foto\">Afp y Reuters<\/div>\n<div class=\"col col1\">\n<div class=\"credito-titulo\"><\/div>\n<div class=\"hemero\">La Jornada<\/p>\n<\/div>\n<p class=\"s-s\">Par\u00eds.<\/p>\n<p class=\"s-s\">El actor estadunidense Ben Stiller asegur\u00f3 que ha recogido\u00a0<q>historias estremecedoras<\/q>\u00a0de refugiados en Ucrania, tras una visita como embajador de la ONU.<\/p>\n<p>La estrella de pel\u00edculas como\u00a0<em>Zoolander<\/em>\u00a0acudi\u00f3 al pa\u00eds invadido como embajador de la agencia de la ONU para los refugiados (Acnur).<\/p>\n<p><q>Las estremecedoras historias de la gente que sufri\u00f3 los primeros d\u00edas de esta guerra (&#8230;) fueron muy perturbadoras<\/q>\u00a0explic\u00f3 Stiller.<\/p>\n<p><q>Es imposible no sentirse afectado cuando se contempla la destrucci\u00f3n f\u00edsica de esos barrios<\/q>, indic\u00f3.<\/p>\n<p><q>Hab\u00eda un chico muy joven que hablaba de todo ello como si fuera una pel\u00edcula de terror (&#8230;), todos esos misiles que ca\u00edan, sin saber si ten\u00eda que quedarse o huir<\/q>, a\u00f1adi\u00f3.<\/p>\n<p><q>Es muy duro escuchar a un joven explicar esas cosas, te das cuenta que los efectos de la guerra no son siempre visibles<\/q>, mencion\u00f3.<\/p>\n<p><q>Definitivamente fue una experiencia diferente estar aqu\u00ed en persona y ver los efectos de la incursi\u00f3n y ver c\u00f3mo la gente est\u00e1 teniendo que enfrentarse. Es angustiante ver y escuchar las experiencias por las que ha pasado esta gente<\/q>, declar\u00f3.<\/p>\n<p><q>Fue duro verlo y creo que fue bueno haber venido para tener una percepci\u00f3n diferente que no se obtiene simplemente viendo la televisi\u00f3n<\/q>.<\/p>\n<p>\u201cEstuve en una casa casi en ruinas, en la cocina de una mujer. Nos invit\u00f3 unas fresas y solt\u00f3 esta frase incre\u00edblemente fuerte: \u2018tenemos que pensar c\u00f3mo salir adelante\u2019. No puedes evitar pensar en qu\u00e9 har\u00edas si tu casa estuviera medio destruida\u201d, coment\u00f3 el actor.<\/p>\n<\/div>\n<div class=\"col col2\">\n<p>La invasi\u00f3n rusa ha cobrado miles de vidas civiles, ha desplazado a millones de ucranios y ha reducido las ciudades a escombros. Mosc\u00fa dice que est\u00e1 involucrada en una\u00a0<q>operaci\u00f3n militar especial<\/q>\u00a0en Ucrania.<\/p>\n<p>Durante su viaje, que comenz\u00f3 en Polonia, Stiller visit\u00f3 un almac\u00e9n de Acnur en Rzeszow, as\u00ed como el paso fronterizo de Medyka. En Ucrania, viaj\u00f3 a Lviv, Irpin y Kiev, donde se reuni\u00f3 con el presidente Volodymir Zelensky, a quien dijo:\u00a0<q>eres mi h\u00e9roe<\/q>.<\/p>\n<p><q>Lo que ha logrado, la forma en c\u00f3mo consigui\u00f3 unir al pa\u00eds, es realmente inspirador<\/q>, enfatiz\u00f3.<\/p>\n<p class=\"sumario\">D\u00eda Mundial del Refugiado<\/p>\n<p class=\"s-s\">El actor comparti\u00f3 fotos de su viaje y public\u00f3 un mensaje pidiendo compasi\u00f3n en el D\u00eda Mundial del Refugiado. M\u00e1s de 12 millones han huido de sus hogares desde el comienzo de la invasi\u00f3n, seg\u00fan Acnur.<\/p>\n<p><q>Es natural que la gente quiera apartarse, especialmente en una situaci\u00f3n como \u00e9sta, con una invasi\u00f3n que lleva ya un tiempo (&#8230;) mientras lidiamos con nuestros propios problemas personales<\/q>, dijo Stiller.\u00a0<q>Pero creo que tambi\u00e9n es importante ser consciente de lo que ocurre en diferentes partes del mundo<\/q>.<\/p>\n<\/div>\n<\/div>\n<div class=\"go gui\">\n<div class=\"go-up\"><\/div>\n<\/div>\n<\/div>\n<div id=\"taboola-below-content-thumbnails\" class=\" trc_related_container trc_spotlight_widget tbl-feed-container tbl-feed-frame-DIVIDER  render-late-effect\" data-feed-container-num=\"1\" data-feed-main-container-id=\"taboola-below-content-thumbnails\" data-parent-placement-name=\"Below Content Thumbnails\" data-pub-lang=\"es\">\n<div class=\" tbl-feed-header tbl-logo-right-position\">\n<div class=\"tbl-feed-header-logo\"><\/div>\n<\/div>\n<\/div>\n","protected":false},"excerpt":{"rendered":"<p>Fue realmente duro ver las ruinas, tengo una percepci\u00f3n diferente de lo que se ve en televisi\u00f3n: Stiller El actor y enviado de buena voluntad de la ONU le dijo al presidente ucranio:\u00a0eres mi h\u00e9roe Afp y Reuters La Jornada Par\u00eds. El actor estadunidense Ben Stiller asegur\u00f3 que ha recogido\u00a0historias estremecedoras\u00a0de refugiados en Ucrania, tras [&hellip;]<\/p>\n","protected":false},"author":249,"featured_media":0,"comment_status":"open","ping_status":"closed","sticky":false,"template":"","format":"standard","meta":{"footnotes":""},"categories":[26],"tags":[],"class_list":["post-28157","post","type-post","status-publish","format-standard","hentry","category-mundo"],"_links":{"self":[{"href":"https:\/\/eloficiodehistoriar.com.mx\/index.php?rest_route=\/wp\/v2\/posts\/28157","targetHints":{"allow":["GET"]}}],"collection":[{"href":"https:\/\/eloficiodehistoriar.com.mx\/index.php?rest_route=\/wp\/v2\/posts"}],"about":[{"href":"https:\/\/eloficiodehistoriar.com.mx\/index.php?rest_route=\/wp\/v2\/types\/post"}],"author":[{"embeddable":true,"href":"https:\/\/eloficiodehistoriar.com.mx\/index.php?rest_route=\/wp\/v2\/users\/249"}],"replies":[{"embeddable":true,"href":"https:\/\/eloficiodehistoriar.com.mx\/index.php?rest_route=%2Fwp%2Fv2%2Fcomments&post=28157"}],"version-history":[{"count":1,"href":"https:\/\/eloficiodehistoriar.com.mx\/index.php?rest_route=\/wp\/v2\/posts\/28157\/revisions"}],"predecessor-version":[{"id":28158,"href":"https:\/\/eloficiodehistoriar.com.mx\/index.php?rest_route=\/wp\/v2\/posts\/28157\/revisions\/28158"}],"wp:attachment":[{"href":"https:\/\/eloficiodehistoriar.com.mx\/index.php?rest_route=%2Fwp%2Fv2%2Fmedia&parent=28157"}],"wp:term":[{"taxonomy":"category","embeddable":true,"href":"https:\/\/eloficiodehistoriar.com.mx\/index.php?rest_route=%2Fwp%2Fv2%2Fcategories&post=28157"},{"taxonomy":"post_tag","embeddable":true,"href":"https:\/\/eloficiodehistoriar.com.mx\/index.php?rest_route=%2Fwp%2Fv2%2Ftags&post=28157"}],"curies":[{"name":"wp","href":"https:\/\/api.w.org\/{rel}","templated":true}]}}