{"id":28159,"date":"2022-06-22T09:54:37","date_gmt":"2022-06-22T15:54:37","guid":{"rendered":"https:\/\/eloficiodehistoriar.com.mx\/?p=28159"},"modified":"2022-06-22T09:54:37","modified_gmt":"2022-06-22T15:54:37","slug":"obispo-de-veracruz-dio-a-conocer-que-dos-seminaristas-fueron-secuestraron-por-no-pagar-lo-que-les-pedian","status":"publish","type":"post","link":"https:\/\/eloficiodehistoriar.com.mx\/?p=28159","title":{"rendered":"Obispo de Veracruz dio a conocer que dos seminaristas fueron secuestraron por no pagar lo que les ped\u00edan"},"content":{"rendered":"<div>\n<h1 class=\"title\">Delincuencia no ha perdonado ni a Iglesias<\/h1>\n<h1 class=\"title\">Se\u00f1ala obispo de Veracruz<\/h1>\n<\/div>\n<h3 class=\"subtitle\">Dio a conocer que dos seminaristas fueron secuestraron por no pagar lo que les ped\u00edan y aunque no los mataron s\u00ed los golpearon<\/h3>\n<div class=\"lead-gallery \">\n<div class=\"teaser  owl-carousel owl-theme\">\n<div class=\"owl-wrapper-outer\">\n<div class=\"owl-wrapper\">\n<div class=\"owl-item\">\n<div class=\"img-container picture\">\n<div id=\"standard_1\" class=\"st-placement standard_1 inImage\">\n<div class=\"st-adunit st-reset st-show\">\n<div class=\"st-adunit-ad st-reset\">\n<div class=\"st-display-render st-reset\">\n<div class=\"st-reset\">\n<div class=\"important-styled st-canvas-container open Billboard_970x300 display-standard fssquz2\">\n<div class=\"important-styled st-canvas-el fhxwyqa\">\n<div class=\"important-styled st-canvas-container undefined fssquz2\">\n<div class=\"important-styled st-canvas-el fkwxnvd\">\n<div class=\"important-styled st-canvas-container undefined fssquz2\">\n<div class=\"important-styled st-canvas-el f1lqmgqa\">\n<div class=\"important-styled fiv2j0v\">\n<div class=\"important-styled display-render-wrapper fiv2j0v\">Luis Felipe Gallardo Mart\u00edn del Campo, obispo de Veracruz<\/div>\n<\/div>\n<\/div>\n<\/div>\n<\/div>\n<\/div>\n<\/div>\n<\/div>\n<\/div>\n<\/div>\n<\/div>\n<\/div>\n<\/div>\n<\/div>\n<\/div>\n<\/div>\n<\/div>\n<\/div>\n<\/div>\n<div id=\"affix-share\" class=\"sharing-menu no-affix\">\n<ul>\n<li>Danytza Flores<\/li>\n<li>Diario de Xalapa<\/li>\n<\/ul>\n<\/div>\n<div class=\"content-body clearfix \">\n<div id=\"content-body-225-8476131\">\n<p>Boca del R\u00edo, Ver.-<\/p>\n<p>Las iglesias cat\u00f3licas tampoco se encuentran ajenas al cobro de piso, acusa el obispo Em\u00e9rito de Veracruz,\u00a0<b>Luis Felipe Gallardo Mart\u00edn del Campo.<\/b><\/p>\n<p><i>\u201cMira esta es la cosa que\u00a0<b>ahora el derecho de piso ya no solo se lo piden a los comerciantes o a toda esta gente, sino a todas las iglesias<\/b>, ha habido caso de uno que era rector de un seminario en Guerrero, me parece que era una de las di\u00f3cesis del estado de Guerrero, sab\u00edan que manejaba el dinero de la di\u00f3cesis, pero era el encargado del seminario tambi\u00e9n, recientemente en la Di\u00f3cesis de Veracruz<\/i>\u201d, comenta.<\/p>\n<\/div>\n<\/div>\n<div class=\"advertisment \"><\/div>\n<article class=\"content-continued-body clearfix \">\n<div id=\"content-body-5851641-8476131\">\n<ul>\n<li><\/li>\n<\/ul>\n<p><b>En Veracruz no tiene reportes recientes de este delito,<\/b>\u00a0pero cuando fue obispo de la Di\u00f3cesis de Veracruz se reportaron dos casos.<\/p>\n<article class=\"local\nmedia col-md-4 inline-story \"><\/p>\n<div class=\"teaser \">\n<h4 class=\"title \">Fueron <b>dos seminaristas que secuestraron por no pagar lo que les ped\u00edan y aunque no los mataron s\u00ed los golpearon<\/b>.<\/h4>\n<\/div>\n<\/article>\n<p><i>\u201cSe tuvieron dos casos pero en ninguno se registr\u00f3 una muerte, solo secuestraban al sacerdote y los tiraban, pero vivos, solo con golpes, uno de los casos fueron dos seminaristas y r\u00e1pidamente los marinos los buscaron y los encontraron, otro fue por el rumbo de Acula, tirado a medio camino por Cosamaloapan, solo lo quer\u00edan extorsionar\u201d<\/i>, revela.<\/p>\n<p>En ese tenor, menciona que en el tema de inseguridad\u00a0<b>ya nadie se salva pues hasta integrantes de la comunidad religiosa\u00a0<\/b>han sido alcanzados por la delincuencia organizada del pa\u00eds.<\/p>\n<p>Agrega que es reprobable el asesinato de los sacerdotes jesuitas\u00a0<b>Javier Campos Morales y Joaqu\u00edn C\u00e9sar Mora Salazar<\/b>, ocurrido el pasado lunes 20 de junio a manos del crimen organizado en el estado de Chihuahua.<\/p>\n<p>El prelado reconoce que en Veracruz tambi\u00e9n habido asesinatos de presb\u00edteros, como ocurri\u00f3 hace tiempo en Poza Rica donde mataron a dos y en Tuxpan.<\/p>\n<p>A su parecer<b>\u00a0las estrategias de seguridad resultan inservibles en el pa\u00eds en la actualidad.<\/b><\/p>\n<ul>\n<li><\/li>\n<\/ul>\n<p><i>\u201cEs reprobable y es que mira nadie se salva, as\u00ed como les toca a padres de familia, nadie se salva de verdad estamos con el tema de la violencia claramente abandonados, estamos peor, realmente no han servido las estrategias, ninguna estrategia\u201d,<\/i>\u00a0comenta.<\/p>\n<p>El cl\u00e9rigo afirma que la inseguridad como el cobro de piso y las extorsiones son problemas a\u00f1ejos y est\u00e1n a la orden del d\u00eda y deber\u00eda actuarse urgentemente.<\/p>\n<\/div>\n<\/article>\n","protected":false},"excerpt":{"rendered":"<p>Delincuencia no ha perdonado ni a Iglesias Se\u00f1ala obispo de Veracruz Dio a conocer que dos seminaristas fueron secuestraron por no pagar lo que les ped\u00edan y aunque no los mataron s\u00ed los golpearon Luis Felipe Gallardo Mart\u00edn del Campo, obispo de Veracruz Danytza Flores Diario de Xalapa Boca del R\u00edo, Ver.- Las iglesias cat\u00f3licas [&hellip;]<\/p>\n","protected":false},"author":249,"featured_media":28160,"comment_status":"open","ping_status":"closed","sticky":false,"template":"","format":"standard","meta":{"footnotes":""},"categories":[26],"tags":[],"class_list":["post-28159","post","type-post","status-publish","format-standard","has-post-thumbnail","hentry","category-mundo"],"_links":{"self":[{"href":"https:\/\/eloficiodehistoriar.com.mx\/index.php?rest_route=\/wp\/v2\/posts\/28159","targetHints":{"allow":["GET"]}}],"collection":[{"href":"https:\/\/eloficiodehistoriar.com.mx\/index.php?rest_route=\/wp\/v2\/posts"}],"about":[{"href":"https:\/\/eloficiodehistoriar.com.mx\/index.php?rest_route=\/wp\/v2\/types\/post"}],"author":[{"embeddable":true,"href":"https:\/\/eloficiodehistoriar.com.mx\/index.php?rest_route=\/wp\/v2\/users\/249"}],"replies":[{"embeddable":true,"href":"https:\/\/eloficiodehistoriar.com.mx\/index.php?rest_route=%2Fwp%2Fv2%2Fcomments&post=28159"}],"version-history":[{"count":1,"href":"https:\/\/eloficiodehistoriar.com.mx\/index.php?rest_route=\/wp\/v2\/posts\/28159\/revisions"}],"predecessor-version":[{"id":28161,"href":"https:\/\/eloficiodehistoriar.com.mx\/index.php?rest_route=\/wp\/v2\/posts\/28159\/revisions\/28161"}],"wp:featuredmedia":[{"embeddable":true,"href":"https:\/\/eloficiodehistoriar.com.mx\/index.php?rest_route=\/wp\/v2\/media\/28160"}],"wp:attachment":[{"href":"https:\/\/eloficiodehistoriar.com.mx\/index.php?rest_route=%2Fwp%2Fv2%2Fmedia&parent=28159"}],"wp:term":[{"taxonomy":"category","embeddable":true,"href":"https:\/\/eloficiodehistoriar.com.mx\/index.php?rest_route=%2Fwp%2Fv2%2Fcategories&post=28159"},{"taxonomy":"post_tag","embeddable":true,"href":"https:\/\/eloficiodehistoriar.com.mx\/index.php?rest_route=%2Fwp%2Fv2%2Ftags&post=28159"}],"curies":[{"name":"wp","href":"https:\/\/api.w.org\/{rel}","templated":true}]}}