{"id":28165,"date":"2022-06-23T08:31:34","date_gmt":"2022-06-23T14:31:34","guid":{"rendered":"https:\/\/eloficiodehistoriar.com.mx\/?p=28165"},"modified":"2022-06-23T08:31:34","modified_gmt":"2022-06-23T14:31:34","slug":"ser-un-buen-sonidero-implica-traer-la-musica-por-dentro-para-disfrutar-y-darle-el-gusto-a-la-gente","status":"publish","type":"post","link":"https:\/\/eloficiodehistoriar.com.mx\/?p=28165","title":{"rendered":"Ser un buen sonidero implica\u00a0traer la m\u00fasica por dentro, para disfrutar y darle el gusto a la gente"},"content":{"rendered":"<div id=\"article-cont\" class=\"main-cont article-cont actuality\">\n<div class=\"cabeza\">Ser buen sonidero implica traer la m\u00fasica por dentro y darle gusto a la gente: Jos\u00e9 Luis M\u00e1rquez<\/div>\n<div class=\"sumarios\">\n<p>Con cumbia, guaracha y gran diversidad de ritmos, Sonido Barranquilla festejar\u00e1 el domingo 20 a\u00f1os \/\/ La tocada ser\u00e1 gratuita<\/p>\n<\/div>\n<div id=\"article-text\" class=\"text\">\n<div class=\"foto\"><\/div>\n<div class=\"col col1\">\n<div class=\"hemero\">La Jornada<\/p>\n<\/div>\n<p class=\"s-s\">Ser un buen sonidero implica\u00a0<q>traer la m\u00fasica por dentro, para disfrutar y darle el gusto a la gente<\/q>, afirma Jos\u00e9 Luis M\u00e1rquez, quien desde hace casi 20 a\u00f1os se encarga junto con su hermano, Francisco, del Sonido Barranquilla, originario del barrio del Zacatito en la Ciudad de M\u00e9xico.<\/p>\n<p>La historia de los hermanos comienza en los a\u00f1os 80, cuando de ni\u00f1os ambos coleccionaban discos de todo tipo que adquir\u00edan en las calles del barrio de Tepito.<\/p>\n<p><q>Empec\u00e9 con unas cosas y ya despu\u00e9s mi hermano tuvo la oportunidad de echarme la mano, y ya los dos iniciamos este sue\u00f1o como sonideros<\/q>, resume en entrevista con\u00a0<em>La Jornada<\/em>\u00a0Jos\u00e9 Luis. Sin embargo, el proyecto fue bastante m\u00e1s complicado,\u00a0<q>se necesitaba much\u00edsimo dinero para comprar un equipo de audio<\/q>, recuerda.<\/p>\n<p>Como parte de una familia de comerciantes, los M\u00e1rquez han tenido que trabajar toda su vida a fin de poder reunir el equipo de audio necesario para dedicarse a su pasi\u00f3n.\u00a0<q>Mi pap\u00e1 siempre ha sido comerciante, vend\u00eda en el barrio de Tepito grabadoras, relojes usados&#8230; \u00e9l nos ense\u00f1\u00f3 a repararlos. Es en lo que nosotros seguimos. Ahorita me estoy dedicando a reparar celulares, y mi hermano tiene un puesto de tacos. Siempre hemos sido comerciantes<\/q>, describe Jos\u00e9 Luis.<\/p>\n<p>Al cumplir 11 a\u00f1os, el t\u00e9cnico y antigua voz de Sonido Barranquilla decidi\u00f3 dejar sus estudios,\u00a0<q>y mi pap\u00e1 me dijo que el dinero no ca\u00eda del cielo, y que no quer\u00eda una mala persona en su casa, y me mand\u00f3 con \u00e9l a trabajar. La verdad al principio s\u00ed me daba pena, pero ya despu\u00e9s cuando vi c\u00f3mo se ganaba el dinero, me gust\u00f3, y as\u00ed empez\u00f3 todo lo del comercio<\/q>, agrega.<\/p>\n<p>Gracias a que ten\u00eda un ingreso propio, el joven sonidero logr\u00f3 adquirir los primeros aparatos que \u00e9l y su hermano necesitaban.\u00a0<q>Siempre he querido cumplir los sue\u00f1os de mis hermanos. Dios me dio la oportunidad de comprar un amplificador, una bocina, y as\u00ed empec\u00e9 a comprar las cosas<\/q>, cuenta. M\u00e1s tarde Francisco tambi\u00e9n se uni\u00f3 a esos esfuerzos y \u00e9l fund\u00f3 un club de baile que se llam\u00f3 Juventud Latina del Zacatito.<\/p>\n<p class=\"sumario\">Cari\u00f1o al ambiente que se crea en los barrios<\/p>\n<p class=\"s-s\">Con el tiempo el proyecto de Francisco se extingui\u00f3 y en 2003, \u00e9l y su hermano comenzaron oficialmente con su Sonido Barranquilla, llamado as\u00ed en honor a sus familiares que viven en Colombia.\u00a0<q>Cuando vienen para ac\u00e1, a veces nos traen un disco, o as\u00ed, y ellos nos van asesorando en la m\u00fasica<\/q>, explica Jos\u00e9 Luis M\u00e1rquez.<\/p>\n<p>Desde entonces, el sonidero ha sido una actividad que los M\u00e1rquez frecuentan principalmente por su cari\u00f1o a la m\u00fasica y el ambiente que se crea en los barrios de la Ciudad de M\u00e9xico.\u00a0<q>En s\u00ed lo hacemos por amor, nosotros tenemos nuestro trabajo, porque es un dinero seguro y, pues s\u00ed, hubo responsabilidades.Ahorita s\u00ed ha bajado el trabajo de sonidero<\/q>, a\u00f1ade.<\/p>\n<\/div>\n<div class=\"col col2\">\n<div class=\"foto\">\n<div class=\"pie-foto\">A ra\u00edz de la pandemia, los hermanos tuvieron que interrumpir las actividades de Sonido Barranquilla por m\u00e1s de dos a\u00f1os, algo que incluso represent\u00f3 una carga econ\u00f3mica. <q>No tenemos casa propia, pagamos renta donde guardamos el sonido. Nosotros tuvimos que absorber ese gasto<\/q>, sostiene el sonidero.<\/div>\n<\/div>\n<p><q>Lo que me gusta es que la gente lo disfruta, me gusta verla contenta, disfrutar<\/q>, reitera Jos\u00e9 Luis. En el barrio del Zacatito de la alcald\u00eda Miguel Hidalgo, el proyecto musical de los M\u00e1rquez es conocido principalmente por las cumbias y las guarachas que ponen; sin embargo, tambi\u00e9n han aprendido a adaptarse al ambiente y ofrecer una gran diversidad de ritmos, todo dependiendo de cada situaci\u00f3n.\u00a0<q>Cuando llega, uno se fija c\u00f3mo es la gente en su humor, luego luego se da cuenta uno para saber qu\u00e9 proyectarles de m\u00fasica, ponemos una canci\u00f3n, y si vemos que las personas responden, nos agarramos de ah\u00ed<\/q>, comenta.<\/p>\n<p>El Sonido Barranquilla encuentra su mayor nicho en fiestas familiares como 15 a\u00f1os o bodas, pero tambi\u00e9n existe un gran compromiso con su barrio de origen y su patrono. Aunque originalmente su aniversario se celebra en diciembre, la familia ha decidido establecer el 26 de junio como su fecha oficial, debido a que ese d\u00eda San Pelayo Mart\u00edn, patrono del barrio, es festejado.<\/p>\n<p>Salsa, high-energy, mambo y cha cha cha son otros de los g\u00e9neros que los M\u00e1rquez suelen ofrecer a su p\u00fablico. A los hermanos les gusta pensar que poco a poco Sonido Barranquilla ha empezado a ganarse un lugar entre los grandes de San Juan de Arag\u00f3n o la Villa en el ambiente sonidero.<\/p>\n<p>Desde que comenz\u00f3 su afici\u00f3n, los M\u00e1rquez han sido testigos del cambio que los sonideros han experimentado.\u00a0<q>Ha cambiado much\u00edsimo en los ritmos, no es lo mismo, la verdad. Tiene m\u00e1s sabor la m\u00fasica de antes que la de ahora, la de hoy dice lo mismo, todo se trata de amor\u00edos<\/q>, dice Jos\u00e9 Luis.<\/p>\n<p>El gusto por la m\u00fasica tambi\u00e9n ha pasado a las nuevas generaciones de la familia M\u00e1rquez, ahora el hijo de Francisco es quien se encarga del micr\u00f3fono, algo que le ha permitido a su t\u00edo Jos\u00e9 Luis alejarse de vicios,\u00a0<q>a m\u00ed s\u00ed me gusta echar trago, y pues es una responsabilidad tambi\u00e9n eso, y la verdad por eso fue que tom\u00e9 la decisi\u00f3n de dejar a mi sobrino que \u00e9l hablara<\/q>, afirma.<\/p>\n<p>Alexis M\u00e1rquez, de s\u00f3lo 18 a\u00f1os, tambi\u00e9n ha hecho ya sus aportes al sonidero,\u00a0<q>porque cada quien tiene el ritmo de la m\u00fasica y c\u00f3mo lo proyecta. Mucha gente, as\u00ed sonideros, bailan con su m\u00fasica, y uno los ve y es contagioso<\/q>, se\u00f1ala Jos\u00e9 Luis, quien ahora se encarga principalmente de hacer las conexiones del equipo.<\/p>\n<p>Sonido Barranquilla festejar\u00e1 su aniversario con una presentaci\u00f3n gratuita que se llevar\u00e1 a cabo el domingo, entre las calles R\u00edo Paran\u00e1 y R\u00edo Tlacotalpan, de la colonia Argentina en la Ciudad de M\u00e9xico.<\/p>\n<\/div>\n<\/div>\n<div class=\"go gui\">\n<div class=\"go-up\"><\/div>\n<\/div>\n<\/div>\n<div id=\"taboola-below-content-thumbnails\" class=\" trc_related_container trc_spotlight_widget tbl-feed-container tbl-feed-frame-DIVIDER  render-late-effect\" data-feed-container-num=\"1\" data-feed-main-container-id=\"taboola-below-content-thumbnails\" data-parent-placement-name=\"Below Content Thumbnails\" data-pub-lang=\"es\">\n<div class=\" tbl-feed-header tbl-logo-right-position\">\n<div class=\"tbl-feed-header-logo\"><\/div>\n<\/div>\n<\/div>\n","protected":false},"excerpt":{"rendered":"<p>Ser buen sonidero implica traer la m\u00fasica por dentro y darle gusto a la gente: Jos\u00e9 Luis M\u00e1rquez Con cumbia, guaracha y gran diversidad de ritmos, Sonido Barranquilla festejar\u00e1 el domingo 20 a\u00f1os \/\/ La tocada ser\u00e1 gratuita La Jornada Ser un buen sonidero implica\u00a0traer la m\u00fasica por dentro, para disfrutar y darle el gusto [&hellip;]<\/p>\n","protected":false},"author":249,"featured_media":28166,"comment_status":"open","ping_status":"closed","sticky":false,"template":"","format":"standard","meta":{"footnotes":""},"categories":[26],"tags":[],"class_list":["post-28165","post","type-post","status-publish","format-standard","has-post-thumbnail","hentry","category-mundo"],"_links":{"self":[{"href":"https:\/\/eloficiodehistoriar.com.mx\/index.php?rest_route=\/wp\/v2\/posts\/28165","targetHints":{"allow":["GET"]}}],"collection":[{"href":"https:\/\/eloficiodehistoriar.com.mx\/index.php?rest_route=\/wp\/v2\/posts"}],"about":[{"href":"https:\/\/eloficiodehistoriar.com.mx\/index.php?rest_route=\/wp\/v2\/types\/post"}],"author":[{"embeddable":true,"href":"https:\/\/eloficiodehistoriar.com.mx\/index.php?rest_route=\/wp\/v2\/users\/249"}],"replies":[{"embeddable":true,"href":"https:\/\/eloficiodehistoriar.com.mx\/index.php?rest_route=%2Fwp%2Fv2%2Fcomments&post=28165"}],"version-history":[{"count":1,"href":"https:\/\/eloficiodehistoriar.com.mx\/index.php?rest_route=\/wp\/v2\/posts\/28165\/revisions"}],"predecessor-version":[{"id":28167,"href":"https:\/\/eloficiodehistoriar.com.mx\/index.php?rest_route=\/wp\/v2\/posts\/28165\/revisions\/28167"}],"wp:featuredmedia":[{"embeddable":true,"href":"https:\/\/eloficiodehistoriar.com.mx\/index.php?rest_route=\/wp\/v2\/media\/28166"}],"wp:attachment":[{"href":"https:\/\/eloficiodehistoriar.com.mx\/index.php?rest_route=%2Fwp%2Fv2%2Fmedia&parent=28165"}],"wp:term":[{"taxonomy":"category","embeddable":true,"href":"https:\/\/eloficiodehistoriar.com.mx\/index.php?rest_route=%2Fwp%2Fv2%2Fcategories&post=28165"},{"taxonomy":"post_tag","embeddable":true,"href":"https:\/\/eloficiodehistoriar.com.mx\/index.php?rest_route=%2Fwp%2Fv2%2Ftags&post=28165"}],"curies":[{"name":"wp","href":"https:\/\/api.w.org\/{rel}","templated":true}]}}