{"id":28171,"date":"2022-06-23T08:41:16","date_gmt":"2022-06-23T14:41:16","guid":{"rendered":"https:\/\/eloficiodehistoriar.com.mx\/?p=28171"},"modified":"2022-06-23T08:41:16","modified_gmt":"2022-06-23T14:41:16","slug":"protagonistas-de-la-literatura-mexicana-se-convirtio-en-un-recital-de-poesia-y-musica-a-ricardo-yanez","status":"publish","type":"post","link":"https:\/\/eloficiodehistoriar.com.mx\/?p=28171","title":{"rendered":"\u00abProtagonistas de la literatura mexicana\u00bb se convirti\u00f3 en un recital de poes\u00eda y m\u00fasica a Ricardo Y\u00e1\u00f1ez."},"content":{"rendered":"<div id=\"article-cont\" class=\"main-cont article-cont actuality\">\n<div class=\"cabeza\">Celebran la m\u00fasica, el ritmo y las formas de la poes\u00eda de Ricardo Y\u00e1\u00f1ez<\/div>\n<div class=\"sumarios\"><\/div>\n<div id=\"article-text\" class=\"text\">\n<div class=\"col col1\">\n<div class=\"credito-autor\">Fabiola Palapa Quijas<\/div>\n<div class=\"credito-titulo\"><\/div>\n<div class=\"hemero\">La Jornada<\/p>\n<\/div>\n<p class=\"s-s\">El ciclo\u00a0<em>Protagonistas de la literatura mexicana<\/em>, organizado por el Instituto Nacional de Bellas Artes y Literatura (Inbal), se convirti\u00f3 en un recital de poes\u00eda y m\u00fasica dedicado a la figura de Ricardo Y\u00e1\u00f1ez.<\/p>\n<p>En el evento realizado la noche del martes en la Sala Manuel M. Ponce, el poeta y periodista jalisciense escuch\u00f3 las palabras de sus amigos poetas, Enrique G. Gallegos e Isolda Dosamantes, as\u00ed como el texto que envi\u00f3 Hermann Bellinghausen y ley\u00f3 Felipe V\u00e1zquez.<\/p>\n<p>La poeta y acad\u00e9mica Isolda Dosamantes expres\u00f3:\u00a0<q>Estamos reunidos aqu\u00ed para festejar a Ricardo como protagonista de las letras en el pa\u00eds. Estamos ante un autor que vive la poes\u00eda, que tiene como coordenadas principales a las emociones decantadas con una sabidur\u00eda que va entrelazando con un gran sentido del humor. Es un hombre capaz de transferir los sentimientos al lenguaje, un ejemplo de trabajo y constancia<\/q>.<\/p>\n<p>Dosamantes tambi\u00e9n mencion\u00f3 de manera especial el libro\u00a0<em>Desandar<\/em>, que recopila la obra del poeta de 1972 a 2013. \u201cCada libro del maestro Y\u00e1\u00f1ez tiene su propia personalidad, podemos consultar gran parte de su poes\u00eda hasta 2013 en\u00a0<em>Desandar<\/em>; sin embargo, hay una vida transversal que nos atraviesa y esa explosi\u00f3n que sucede en los poemas es abrir la caja de donde salen las emociones que vuelan al \u00e1nimo de quien lee y escucha.<\/p>\n<p><q>El trabajo literario de Y\u00e1\u00f1ez no se puede leer una sola vez. Cada lectura de un poema nos revela algo: m\u00fasica, ritmo, formas que nos permiten descubrir la experiencia vital.<\/q><\/p>\n<p>Enrique G. Gallegos festej\u00f3 los 50 a\u00f1os que se cumplen del primer poemario de Y\u00e1\u00f1ez,\u00a0<em>Divertimento<\/em>, y ley\u00f3 el texto que escribi\u00f3 acerca del poeta, en el que se refiri\u00f3 a la pol\u00edtica del poema del jalisciense. \u201cLa poes\u00eda es pol\u00edtica porque escribe nuevas visibilidades, construye mundos, cultiva emociones y reconstruye la piel. En este sentido, la poes\u00eda de Y\u00e1\u00f1ez es pol\u00edtica.<\/p>\n<\/div>\n<div class=\"col col2\">\n<p><q>La poes\u00eda de Y\u00e1\u00f1ez es un canto de lo colectivo y de la colectividad. Esto no significa que no exista el elemento individual en su poes\u00eda<\/q>. Gallegos explic\u00f3 que los poemas de Ricardo recurren a las formas tradicionales del verso, el soneto y la d\u00e9cima.<\/p>\n<p>El poeta, periodista y ensayista Hermann Bellinghausen, quien no pudo asistir al evento, envi\u00f3 el texto\u00a0<q>Ricardo Y\u00e1\u00f1ez donde pone el ojo, pone la voz<\/q>, en el que comparti\u00f3 que al mejor Y\u00e1\u00f1ez que conoce es al que ha le\u00eddo. Tambi\u00e9n record\u00f3 an\u00e9cdotas con el poeta en el mundo literario y su encuentro en\u00a0<em>La Jornada<\/em>, donde ambos colaboran, y se refiri\u00f3 a Y\u00e1\u00f1ez como\u00a0<q>el poeta de la casa<\/q>.<\/p>\n<p>Durante el evento, Ricardo Y\u00e1\u00f1ez ley\u00f3 un peque\u00f1o poema en el que mostr\u00f3 su emoci\u00f3n cuando se le cort\u00f3 la voz.<\/p>\n<p>\u201cSi acaso de amor yo muero, \/ y eso quiero, \/ que nadie llore por m\u00ed. \/ Pero si \/ no ocurriera como espero, \/ no es as\u00ed, \/ que nadie llore por m\u00ed. \/ Cierta vez amor entero \/ supe ser, fui. \/ Qu\u00e9 frescura aquel venero \/ del que beb\u00ed. \/ Volver\u00e1n, no desespero, \/ ese entonces, ese ah\u00ed\u2026 \/ Pero si de amor no muero \/ que nadie llore por m\u00ed.\u201d<\/p>\n<p>La velada continu\u00f3 con la m\u00fasica de la agrupaci\u00f3n Cinco Centavitos, que cant\u00f3, entre otras piezas,\u00a0<em>La oaxaque\u00f1a<\/em>,\u00a0<em>Cantar<\/em>,\u00a0<em>En un rosal florecido<\/em>,\u00a0<em>Que no es tristeza<\/em>,\u00a0<em>La Lupe<\/em>\u00a0y\u00a0<em>Emborr\u00e1chate por m\u00ed<\/em>.<\/p>\n<\/div>\n<\/div>\n<div class=\"go gui\">\n<div class=\"go-up\"><\/div>\n<\/div>\n<\/div>\n<div id=\"taboola-below-content-thumbnails\" class=\" trc_related_container trc_spotlight_widget tbl-feed-container tbl-feed-frame-DIVIDER  render-late-effect\" data-feed-container-num=\"1\" data-feed-main-container-id=\"taboola-below-content-thumbnails\" data-parent-placement-name=\"Below Content Thumbnails\" data-pub-lang=\"es\">\n<div class=\" tbl-feed-header tbl-logo-right-position\">\n<div class=\"tbl-feed-header-logo\"><\/div>\n<\/div>\n<\/div>\n","protected":false},"excerpt":{"rendered":"<p>Celebran la m\u00fasica, el ritmo y las formas de la poes\u00eda de Ricardo Y\u00e1\u00f1ez Fabiola Palapa Quijas La Jornada El ciclo\u00a0Protagonistas de la literatura mexicana, organizado por el Instituto Nacional de Bellas Artes y Literatura (Inbal), se convirti\u00f3 en un recital de poes\u00eda y m\u00fasica dedicado a la figura de Ricardo Y\u00e1\u00f1ez. En el evento [&hellip;]<\/p>\n","protected":false},"author":249,"featured_media":28172,"comment_status":"open","ping_status":"closed","sticky":false,"template":"","format":"standard","meta":{"footnotes":""},"categories":[26],"tags":[],"class_list":["post-28171","post","type-post","status-publish","format-standard","has-post-thumbnail","hentry","category-mundo"],"_links":{"self":[{"href":"https:\/\/eloficiodehistoriar.com.mx\/index.php?rest_route=\/wp\/v2\/posts\/28171","targetHints":{"allow":["GET"]}}],"collection":[{"href":"https:\/\/eloficiodehistoriar.com.mx\/index.php?rest_route=\/wp\/v2\/posts"}],"about":[{"href":"https:\/\/eloficiodehistoriar.com.mx\/index.php?rest_route=\/wp\/v2\/types\/post"}],"author":[{"embeddable":true,"href":"https:\/\/eloficiodehistoriar.com.mx\/index.php?rest_route=\/wp\/v2\/users\/249"}],"replies":[{"embeddable":true,"href":"https:\/\/eloficiodehistoriar.com.mx\/index.php?rest_route=%2Fwp%2Fv2%2Fcomments&post=28171"}],"version-history":[{"count":1,"href":"https:\/\/eloficiodehistoriar.com.mx\/index.php?rest_route=\/wp\/v2\/posts\/28171\/revisions"}],"predecessor-version":[{"id":28173,"href":"https:\/\/eloficiodehistoriar.com.mx\/index.php?rest_route=\/wp\/v2\/posts\/28171\/revisions\/28173"}],"wp:featuredmedia":[{"embeddable":true,"href":"https:\/\/eloficiodehistoriar.com.mx\/index.php?rest_route=\/wp\/v2\/media\/28172"}],"wp:attachment":[{"href":"https:\/\/eloficiodehistoriar.com.mx\/index.php?rest_route=%2Fwp%2Fv2%2Fmedia&parent=28171"}],"wp:term":[{"taxonomy":"category","embeddable":true,"href":"https:\/\/eloficiodehistoriar.com.mx\/index.php?rest_route=%2Fwp%2Fv2%2Fcategories&post=28171"},{"taxonomy":"post_tag","embeddable":true,"href":"https:\/\/eloficiodehistoriar.com.mx\/index.php?rest_route=%2Fwp%2Fv2%2Ftags&post=28171"}],"curies":[{"name":"wp","href":"https:\/\/api.w.org\/{rel}","templated":true}]}}