{"id":28174,"date":"2022-06-23T08:45:54","date_gmt":"2022-06-23T14:45:54","guid":{"rendered":"https:\/\/eloficiodehistoriar.com.mx\/?p=28174"},"modified":"2022-06-23T08:45:54","modified_gmt":"2022-06-23T14:45:54","slug":"los-angeles-childrens-choruscon-56-cantantes-con-musica-de-todos-los-tiempos-y-diversas-culturas","status":"publish","type":"post","link":"https:\/\/eloficiodehistoriar.com.mx\/?p=28174","title":{"rendered":"\u00abLos Angeles Children\u2019s Chorus\u00bbcon 56 cantantes con m\u00fasica de todos los tiempos y diversas culturas."},"content":{"rendered":"<div class=\"cabeza\">Llega al pa\u00eds el Coro Infantil de Los \u00c1ngeles; de \u00e9l surgi\u00f3 Billie Eilish<\/div>\n<div class=\"sumarios\"><\/div>\n<div id=\"article-text\" class=\"text tbl-forkorts-article\">\n<div class=\"foto\">\n<div class=\"pie-foto\">El LACC, Coro Infantil de Los \u00c1ngeles, se presentar\u00e1 en el pa\u00eds.<\/div>\n<div class=\"pie-foto\">Destacan sus participaciones con orquestas sinf\u00f3nicas y cantantes populares.<\/div>\n<div><\/div>\n<\/div>\n<div class=\"col\">\n<div class=\"credito-autor\">Ana M\u00f3nica Rodr\u00edguez<\/div>\n<div class=\"credito-titulo\"><\/div>\n<div class=\"hemero\">La Jornada<\/p>\n<\/div>\n<p class=\"s-s\">Por primera vez en territorio mexicano, el Coro Infantil de Los \u00c1ngeles (Los Angeles Children\u2019s Chorus, LACC, por sus siglas en ingl\u00e9s), fundado hace casi 36 a\u00f1os, lleg\u00f3 con 56 cantantes que han mostrado\u00a0<q>la flexibilidad de sus voces, con m\u00fasica de todos los tiempos y diversas culturas<\/q>.<\/p>\n<p>El LACC es reconocido como uno de los coros juveniles m\u00e1s importantes del mundo. Ha sido ganador del Grammy 2022 a la Mejor Interpretaci\u00f3n Coral en el \u00e1lbum Mahler Simphony No. 8 de la Filarm\u00f3nica de Los \u00c1ngeles, dirigida por Gustavo Dudamel.<\/p>\n<p>Tambi\u00e9n destaca su presentaci\u00f3n con John Mayer en The Tonight Show de NBC y su participaci\u00f3n en el nuevo concierto cinematogr\u00e1fico de su ex alumna Billie Eilish,<em>\u00a0Happier Than Ever: A Love Letter To Los Angeles\u00a0<\/em>en Disney+.<\/p>\n<p>Entre el c\u00famulo de trabajos, giras, colaboraciones y reconocimientos de LACC, tambi\u00e9n sobresale que fue protagonista de cuatro documentales de Freida Mock, ganadora del \u00d3scar. El material\u00a0<em>Sing!<\/em>\u00a0fue nominado al premio de la academia estadunidense.<\/p>\n<p>El director art\u00edstico Fernando Malvar-Ruiz relat\u00f3 a\u00a0<em>La Jornada<\/em>\u00a0que a cuatro a\u00f1os de encabezar la agrupaci\u00f3n era imprescindible visitar M\u00e9xico, donde ya tuvieron dos\u00a0<q>entra\u00f1ables<\/q>\u00a0presentaciones en Guanajuato y San Miguel de Allende.<\/p>\n<p>Malvar-Ruiz, educador reconocido internacionalmente, quien ha trabajado con coros infantiles y juveniles, enfatiz\u00f3 sobre esta visita:\u00a0<q>Era algo que ten\u00eda que cambiar, pues los v\u00ednculos sociales, culturales y econ\u00f3micos, entre este pa\u00eds y Los \u00c1ngeles son muy grandes. De hecho, en el coro tenemos ni\u00f1os con ascendencia mexicana. Me parec\u00eda incre\u00edble que no se hubiera visitado antes esta naci\u00f3n, pero ya con planes se tuvieron que posponer debido a la pandemia hasta que se levantaron las restricciones<\/q>.<\/p>\n<p>En esta gira, agreg\u00f3, tambi\u00e9n se presentar\u00e1n en la Parroquia de Mar\u00eda Reina, en San Miguel Puebla, con el Coro Normalista de esa ciudad y su orquesta sinf\u00f3nica (23 de junio); en el Templo de la Compa\u00f1\u00eda, en el Centro Hist\u00f3rico de la ciudad poblana (24 de junio), y el anfiteatro Sim\u00f3n Bol\u00edvar de la UNAM (26 de junio).<\/p>\n<p>El coro atiende anualmente a casi 400 ni\u00f1os de seis a 18 a\u00f1os de m\u00e1s de 40 comunidades de todo el sur de California\u00a0<q>a trav\u00e9s de sus siete coros y dos niveles principiantes: primeras experiencias en el canto y primeras experiencias en el canto coral<\/q>.<\/p>\n<p class=\"sumario\"><q>Alumnos normales<\/q><\/p>\n<p class=\"s-s\">Incluso,\u00a0<q>dependiendo de la agrupaci\u00f3n, los chicos pueden tener uno o dos ensayos a la semana. Son ni\u00f1os muy normales, y no creo en el estereotipo de que para cantar o hacer m\u00fasica hay que nacer con un talento especial. Todo mundo puede cantar porque todos nacemos con el mismo instrumento<\/q>, puntualiz\u00f3 Malvar-Ruiz, quien cumple su cuarta temporada como director art\u00edstico, labor que comenz\u00f3 en agosto de 2018.<\/p>\n<p>En el LACC, se ha puesto \u00e9nfasis en la flexibilidad del sonido. \u201cNo puedes grabar un disco de m\u00fasica pop con el mismo sonido de una Sinfon\u00eda de Gustav Mahler; entonces, ense\u00f1amos esa versatilidad vocal a los cantantes, lo cual nos da muchas oportunidades. Gracias a ello, tenemos estudiantes graduados que han logrado carreras importantes como Billie Eilish o su hermano Finneas O\u2019Connell; otros m\u00e1s se han convertido en directores de \u00f3pera o productores de m\u00fasica\u201d.<\/p>\n<p>Por ejemplo, dijo,\u00a0<q>a M\u00e9xico viajamos con tres coros y cada uno tiene un sonido diferente. Se combinan por la variedad del repertorio: el coro principal es el de voces blancas; luego, el de voces cambiadas, que son ni\u00f1os a quienes les ha modificado la voz y su voz es grave, de tenor y bajo; el de c\u00e1mara, que son ni\u00f1as, entre 16 y 18 a\u00f1os, con un sonido m\u00e1s maduro<\/q>.<\/p>\n<p>En Puebla y la Ciudad de M\u00e9xico, el p\u00fablico se deleitar\u00e1 cuando escuchen \u201ccanciones folcl\u00f3ricas arregladas para coros, como\u00a0<em>La Llorona, Cielito lindo o B\u00e9same mucho.\u00a0<\/em>En los conciertos que hemos presentado se nota la reacci\u00f3n de los espectadores con estas piezas\u201d.<\/p>\n<p>El LACC ha participado con la Filarm\u00f3nica de Los \u00c1ngeles, la \u00d3pera de Los \u00c1ngeles, la Sinf\u00f3nica de San Francisco y la Orquesta Sinf\u00f3nica de Londres, entre otras.<\/p>\n<p>Ha trabajado con directores como Gustavo Dudamel, Marin Alsop, Pierre Boulez, Yannik N\u00e9zet-Seguin, Michael Tilson y Thomas Valery Gergiev, as\u00ed como con ejecutantes como el violonchelista Yo-Yo Ma y el trompetista Wynton Marsalis; en el pop, con Billie Eilish, Beyonc\u00e9 Knowles, Paul McCartney, Josh Groban y en la \u00f3pera, con Kathleen Battle y Jessye Norman.<\/p>\n<\/div>\n<\/div>\n","protected":false},"excerpt":{"rendered":"<p>Llega al pa\u00eds el Coro Infantil de Los \u00c1ngeles; de \u00e9l surgi\u00f3 Billie Eilish El LACC, Coro Infantil de Los \u00c1ngeles, se presentar\u00e1 en el pa\u00eds. Destacan sus participaciones con orquestas sinf\u00f3nicas y cantantes populares. Ana M\u00f3nica Rodr\u00edguez La Jornada Por primera vez en territorio mexicano, el Coro Infantil de Los \u00c1ngeles (Los Angeles Children\u2019s [&hellip;]<\/p>\n","protected":false},"author":249,"featured_media":28175,"comment_status":"open","ping_status":"closed","sticky":false,"template":"","format":"standard","meta":{"footnotes":""},"categories":[26],"tags":[],"class_list":["post-28174","post","type-post","status-publish","format-standard","has-post-thumbnail","hentry","category-mundo"],"_links":{"self":[{"href":"https:\/\/eloficiodehistoriar.com.mx\/index.php?rest_route=\/wp\/v2\/posts\/28174","targetHints":{"allow":["GET"]}}],"collection":[{"href":"https:\/\/eloficiodehistoriar.com.mx\/index.php?rest_route=\/wp\/v2\/posts"}],"about":[{"href":"https:\/\/eloficiodehistoriar.com.mx\/index.php?rest_route=\/wp\/v2\/types\/post"}],"author":[{"embeddable":true,"href":"https:\/\/eloficiodehistoriar.com.mx\/index.php?rest_route=\/wp\/v2\/users\/249"}],"replies":[{"embeddable":true,"href":"https:\/\/eloficiodehistoriar.com.mx\/index.php?rest_route=%2Fwp%2Fv2%2Fcomments&post=28174"}],"version-history":[{"count":1,"href":"https:\/\/eloficiodehistoriar.com.mx\/index.php?rest_route=\/wp\/v2\/posts\/28174\/revisions"}],"predecessor-version":[{"id":28176,"href":"https:\/\/eloficiodehistoriar.com.mx\/index.php?rest_route=\/wp\/v2\/posts\/28174\/revisions\/28176"}],"wp:featuredmedia":[{"embeddable":true,"href":"https:\/\/eloficiodehistoriar.com.mx\/index.php?rest_route=\/wp\/v2\/media\/28175"}],"wp:attachment":[{"href":"https:\/\/eloficiodehistoriar.com.mx\/index.php?rest_route=%2Fwp%2Fv2%2Fmedia&parent=28174"}],"wp:term":[{"taxonomy":"category","embeddable":true,"href":"https:\/\/eloficiodehistoriar.com.mx\/index.php?rest_route=%2Fwp%2Fv2%2Fcategories&post=28174"},{"taxonomy":"post_tag","embeddable":true,"href":"https:\/\/eloficiodehistoriar.com.mx\/index.php?rest_route=%2Fwp%2Fv2%2Ftags&post=28174"}],"curies":[{"name":"wp","href":"https:\/\/api.w.org\/{rel}","templated":true}]}}