{"id":28177,"date":"2022-06-23T08:56:13","date_gmt":"2022-06-23T14:56:13","guid":{"rendered":"https:\/\/eloficiodehistoriar.com.mx\/?p=28177"},"modified":"2022-06-23T08:56:13","modified_gmt":"2022-06-23T14:56:13","slug":"william-jensen-xalapeno-aceptado-en-harvard","status":"publish","type":"post","link":"https:\/\/eloficiodehistoriar.com.mx\/?p=28177","title":{"rendered":"William Jensen, xalape\u00f1o aceptado en Harvard"},"content":{"rendered":"<div>\n<h3 class=\"title\">William Jensen, xalape\u00f1o aceptado en Harvard<\/h3>\n<\/div>\n<h3 class=\"subtitle\">William Jensen D\u00edaz tiene 35 a\u00f1os de edad<\/h3>\n<h3 class=\"subtitle\">Acumula 12 a\u00f1os de trabajo en la cooperaci\u00f3n internacional, en el sector energ\u00e9tico<\/h3>\n<div class=\"lead-gallery \">\n<div class=\"teaser  owl-carousel owl-theme\">\n<div class=\"owl-wrapper-outer\">\n<div class=\"owl-wrapper\">\n<div class=\"owl-item\">\n<div class=\"img-container picture\">\n<div id=\"standard_1\" class=\"st-placement standard_1 inImage\">\n<div class=\"st-adunit st-reset st-show\">\n<div class=\"st-adunit-ad st-reset\">\n<div class=\"st-display-render st-reset\">\n<div class=\"st-reset\">\n<div class=\"important-styled st-canvas-container open Billboard_970x300 display-standard fssquz2\">\n<div class=\"important-styled st-canvas-el fhxwyqa\">\n<div class=\"important-styled st-canvas-container undefined fssquz2\">\n<div class=\"important-styled st-canvas-el fkwxnvd\">\n<div class=\"important-styled st-canvas-container undefined fssquz2\">\n<div class=\"important-styled st-canvas-el f1lqmgqa\">\n<div class=\"important-styled fiv2j0v\">\n<div class=\"important-styled display-render-wrapper fiv2j0v\">William Jensen se pronuncia a favor de cualquier tipo de colaboraci\u00f3n para un bien com\u00fan<\/div>\n<\/div>\n<\/div>\n<\/div>\n<\/div>\n<\/div>\n<\/div>\n<\/div>\n<\/div>\n<\/div>\n<\/div>\n<\/div>\n<\/div>\n<\/div>\n<\/div>\n<\/div>\n<\/div>\n<\/div>\n<\/div>\n<div id=\"affix-share\" class=\"sharing-menu affix\">\n<ul>\n<li>Maribel S\u00e1nchez<\/li>\n<li>Diario de Xalapa<\/li>\n<\/ul>\n<\/div>\n<div class=\"content-body clearfix \">\n<div id=\"content-body-225-8481482\">\n<p><b>William Jensen D\u00edaz es xalape\u00f1o, tiene 35 a\u00f1os de edad\u00a0<\/b>y con entusiasmo exhorta a todos los estudiantes a no ponerse l\u00edmites. Hoy \u00e9l est\u00e1 a unos d\u00edas de dejar M\u00e9xico pues ha sido seleccionado para ingresar a la Escuela de Gobierno John F. Kennedy de la Universidad de Harvard.<\/p>\n<p>La admisi\u00f3n lo llena de entusiasmo, pues adem\u00e1s de que cursar\u00e1 su segundo posgrado\u00a0<i>\u2014maestr\u00eda en Administraci\u00f3n P\u00fablica\u2014<\/i>, tambi\u00e9n formar\u00e1 parte del \u00ab<i>Edward Mason Program<\/i>\u00ab, exclusivo para l\u00edderes de pa\u00edses y econom\u00edas emergentes.<\/p>\n<\/div>\n<\/div>\n<div class=\"advertisment \">\n<div id=\"dfp-nota-1x3s\" data-google-query-id=\"CLSVxdLow_gCFQR3AQodYicMNw\">\n<div id=\"google_ads_iframe_\/2000002\/diariodexalapa\/mexico_nota_1x3_0__container__\">Ser considerado para integrarse a uno de los programas de posgrado en gobierno m\u00e1s competidos del mundo le ha requerido esfuerzo, dedicaci\u00f3n y disciplina. Adem\u00e1s, es necesaria una experiencia laboral de m\u00e1s de 10 a\u00f1os. <b>\u00c9l acumula 12 a\u00f1os de trabajo en la cooperaci\u00f3n internacional, en el sector energ\u00e9tico<\/b>.<\/div>\n<\/div>\n<\/div>\n<article class=\"content-continued-body clearfix \">\n<div id=\"content-body-5851641-8481482\">\n<div class=\"local\nmedia \"><\/p>\n<div class=\"teaser \">\n<div class=\"img-container picture\">\n<div id=\"standard_9\" class=\"st-placement standard_9 inImageRestricted\">\n<div class=\"st-adunit st-reset st-show\">\n<div class=\"st-adunit-ad st-reset\">\n<div class=\"st-display-render st-reset\">\n<div class=\"st-reset\">\n<div class=\"important-styled st-canvas-container open LeaderboardModule display-standard fssquz2\">\n<div class=\"important-styled st-canvas-el fhxwyqa\">\n<div class=\"important-styled st-canvas-container undefined fssquz2\">\n<div class=\"important-styled st-canvas-el fihdufu\">\n<div class=\"important-styled st-canvas-container undefined fssquz2\">\n<div class=\"important-styled st-canvas-el fhxwyqa\">\n<div class=\"important-styled f1u5e9na\">\n<div class=\"important-styled display-render-wrapper f1u5e9na\"><\/div>\n<\/div>\n<\/div>\n<\/div>\n<div class=\"important-styled st-canvas-container undefined fssquz2\">\n<div class=\"important-styled st-canvas-el f1rh6x5f\">\n<div class=\"important-styled display-render x-to-close f9k8010\"><i>\u201cEstas dos experiencias educativas tienen el objetivo de fortalecer mis capacidades anal\u00edticas y de liderazgo para fomentar el desarrollo econ\u00f3mico, social y pol\u00edtico\u201d<\/i>, expresa en entrevista.<\/div>\n<\/div>\n<\/div>\n<\/div>\n<\/div>\n<\/div>\n<\/div>\n<\/div>\n<\/div>\n<\/div>\n<\/div>\n<\/div>\n<\/div>\n<\/div>\n<\/div>\n<p>Desde muy temprana edad,\u00a0<b>William recuerda que sus intereses estaban centrados en la administraci\u00f3n y el servicio p\u00fablicos<\/b>. Con esa claridad, concluy\u00f3 una licenciatura y vino la primera recompensa a su esfuerzo.<\/p>\n<p><b>En 2015, gan\u00f3 la beca Chevening del gobierno del Reino Unido<\/b>\u00a0para estudiar la maestr\u00eda en Pol\u00edticas P\u00fablicas Internacionales, en\u00a0<i>University College London.<\/i><\/p>\n<p>El profesional, quien es asociado del Consejo Mexicano de Asuntos Internacionales, se ha enfocado en los temas de sustentabilidad, energ\u00edas limpias y cambio clim\u00e1tico en el pa\u00eds.<\/p>\n<ul>\n<li><b>Te puede interesar:\u00a0<\/b><a href=\"https:\/\/www.diariodexalapa.com.mx\/local\/colaborador-de-la-nasa-muestra-cuerpos-celestes-a-menores-de-edad-8224303.html\" target=\"_blank\" rel=\"Follow noopener\"><b>Colaborador de la NASA muestra cuerpos celestes a menores de edad<\/b><\/a><\/li>\n<\/ul>\n<p>Con vocaci\u00f3n de servicio, tiene entre sus metas seguir aprendiendo sobre cu\u00e1les son las mejores pr\u00e1cticas que les han funcionado a otras naciones para aplicarlas en el pa\u00eds.<\/p>\n<p><b>CRISIS CLIM\u00c1TICA<\/b><\/p>\n<p>M\u00e9xico, advierte, es uno de los pa\u00edses con m\u00e1s riesgo ante la crisis clim\u00e1tica al estar expuesto a los dos oc\u00e9anos, a huracanes, lluvias, sequ\u00edas y cambios importantes en los patrones clim\u00e1ticos en general.<\/p>\n<div class=\"local\nmedia \"><\/p>\n<div class=\"teaser \">\n<div class=\"img-container picture\">\n<div id=\"standard_10\" class=\"st-placement standard_10 inImage\">\n<div class=\"st-adunit st-reset st-show\">\n<div class=\"st-adunit-ad st-reset\">\n<div class=\"st-display-render st-reset\">\n<div class=\"st-reset\">\n<div class=\"important-styled st-canvas-container open Billboard_970x300 display-standard fssquz2\">\n<div class=\"important-styled st-canvas-el fhxwyqa\">\n<div class=\"important-styled st-canvas-container undefined fssquz2\">\n<div class=\"important-styled st-canvas-el fqa0wxe\">\n<div class=\"important-styled st-canvas-container undefined fssquz2\">\n<div class=\"important-styled st-canvas-el fpnjtgy\">\n<div class=\"important-styled fiv2j0v\">\n<div class=\"important-styled display-render-wrapper fiv2j0v\"><i>\u201cLa cooperaci\u00f3n internacional es clave para enfrentar los retos porque no solamente son de M\u00e9xico, son desaf\u00edos globales\u201d,<\/i>\u00a0expresa para luego explicar que no significa que un pa\u00eds imponga su visi\u00f3n.<\/div>\n<\/div>\n<\/div>\n<\/div>\n<\/div>\n<\/div>\n<\/div>\n<\/div>\n<\/div>\n<\/div>\n<\/div>\n<\/div>\n<\/div>\n<\/div>\n<\/div>\n<\/div>\n<p>Opina que<b>\u00a0es necesaria una colaboraci\u00f3n en igualdad de circunstancias y experiencias para generar una fraternidad entre los pa\u00edses<\/b>, para poder ver qu\u00e9 posibles soluciones se aplicaron y no funcionaron, y evitar que otros las repitan.<\/p>\n<article class=\"cultura\nmedia col-md-4 inline-story \"><\/p>\n<div class=\"teaser \">\n<h4 class=\"title \">A la pregunta de si cree que hay en M\u00e9xico profesionales capacitados para hacer frente a los retos en el tema de crisis clim\u00e1tica, asegura que \u201c<i>hay un talento impresionante, tanto en ingenieros en energ\u00edas renovables como tambi\u00e9n ambientales y civiles\u201d,<\/i>\u00a0sin embargo, no ve mal recurrir a extranjeros.<\/h4>\n<\/div>\n<\/article>\n<p><b>William Jensen reitera tener la convicci\u00f3n de que una naci\u00f3n no tiene por qu\u00e9 repetir los mismos errores<\/b>\u00a0que ya cometi\u00f3 otro pa\u00eds.<\/p>\n<p><i>\u201cM\u00e9xico por s\u00ed solo no puede solucionar un problema global y ning\u00fan pa\u00eds puede lograrlo, por m\u00e1s poderoso que sea. Esa es una de las grandes ense\u00f1anzas del cambio clim\u00e1tico y la cooperaci\u00f3n internacional\u201d.<\/i><\/p>\n<p>Al ahondar en los retos que conlleva la crisis clim\u00e1tica, pone en primer lugar el tema social y las afectaciones a las poblaciones m\u00e1s vulnerables, espec\u00edficamente con lo que se avizora en la escasez de agua.<\/p>\n<p>En segundo sitio menciona que el mundo est\u00e1 yendo cada vez m\u00e1s r\u00e1pido hacia la transici\u00f3n energ\u00e9tica y las energ\u00edas limpias; las empresas ahora no solo necesitan de la energ\u00eda el\u00e9ctrica como un servicio normal, sino que necesitan que esa energ\u00eda el\u00e9ctrica provenga de energ\u00edas limpias y renovables para poder comercializar los productos que producen.<\/p>\n<p><i>\u201cSi M\u00e9xico no avanza lo suficientemente r\u00e1pido para tener muchas energ\u00edas renovables, su competitividad podr\u00eda ser bastante afectada porque nuevas inversiones ya no llegar\u00edan y las que est\u00e1n tendr\u00edan que desplazarse a otros lugares donde s\u00ed se les garantice que se est\u00e1n produciendo con la energ\u00eda limpia\u201d.<\/i><\/p>\n<p>Un tercer punto en el cual le gusta enfocarse es que\u00a0<b>la transici\u00f3n energ\u00e9tica y las energ\u00edas renovables<\/b>\u00a0tambi\u00e9n sirven para beneficiar directamente al ciudadano.<\/p>\n<ul>\n<li><\/li>\n<\/ul>\n<p>Las describe como muy democr\u00e1ticas en el sentido de que ya no es tan necesaria la generaci\u00f3n de electricidad con muchas plantas enormes, sino que uno en su casa puede tener paneles solares para poder generar su propia electricidad.<\/p>\n<p>Hacerlo de esta manera, indica,\u00a0<b>le da al ciudadano un poder y un control muy importante y democr\u00e1tico sobre el uso de la energ\u00eda.<\/b><\/p>\n<p>William Jensen se pronuncia a favor de cualquier tipo de colaboraci\u00f3n para un bien com\u00fan.<\/p>\n<\/div>\n<\/article>\n","protected":false},"excerpt":{"rendered":"<p>William Jensen, xalape\u00f1o aceptado en Harvard William Jensen D\u00edaz tiene 35 a\u00f1os de edad Acumula 12 a\u00f1os de trabajo en la cooperaci\u00f3n internacional, en el sector energ\u00e9tico William Jensen se pronuncia a favor de cualquier tipo de colaboraci\u00f3n para un bien com\u00fan Maribel S\u00e1nchez Diario de Xalapa William Jensen D\u00edaz es xalape\u00f1o, tiene 35 a\u00f1os [&hellip;]<\/p>\n","protected":false},"author":249,"featured_media":28178,"comment_status":"open","ping_status":"closed","sticky":false,"template":"","format":"standard","meta":{"footnotes":""},"categories":[26],"tags":[],"class_list":["post-28177","post","type-post","status-publish","format-standard","has-post-thumbnail","hentry","category-mundo"],"_links":{"self":[{"href":"https:\/\/eloficiodehistoriar.com.mx\/index.php?rest_route=\/wp\/v2\/posts\/28177","targetHints":{"allow":["GET"]}}],"collection":[{"href":"https:\/\/eloficiodehistoriar.com.mx\/index.php?rest_route=\/wp\/v2\/posts"}],"about":[{"href":"https:\/\/eloficiodehistoriar.com.mx\/index.php?rest_route=\/wp\/v2\/types\/post"}],"author":[{"embeddable":true,"href":"https:\/\/eloficiodehistoriar.com.mx\/index.php?rest_route=\/wp\/v2\/users\/249"}],"replies":[{"embeddable":true,"href":"https:\/\/eloficiodehistoriar.com.mx\/index.php?rest_route=%2Fwp%2Fv2%2Fcomments&post=28177"}],"version-history":[{"count":1,"href":"https:\/\/eloficiodehistoriar.com.mx\/index.php?rest_route=\/wp\/v2\/posts\/28177\/revisions"}],"predecessor-version":[{"id":28179,"href":"https:\/\/eloficiodehistoriar.com.mx\/index.php?rest_route=\/wp\/v2\/posts\/28177\/revisions\/28179"}],"wp:featuredmedia":[{"embeddable":true,"href":"https:\/\/eloficiodehistoriar.com.mx\/index.php?rest_route=\/wp\/v2\/media\/28178"}],"wp:attachment":[{"href":"https:\/\/eloficiodehistoriar.com.mx\/index.php?rest_route=%2Fwp%2Fv2%2Fmedia&parent=28177"}],"wp:term":[{"taxonomy":"category","embeddable":true,"href":"https:\/\/eloficiodehistoriar.com.mx\/index.php?rest_route=%2Fwp%2Fv2%2Fcategories&post=28177"},{"taxonomy":"post_tag","embeddable":true,"href":"https:\/\/eloficiodehistoriar.com.mx\/index.php?rest_route=%2Fwp%2Fv2%2Ftags&post=28177"}],"curies":[{"name":"wp","href":"https:\/\/api.w.org\/{rel}","templated":true}]}}