{"id":28184,"date":"2022-06-24T09:15:50","date_gmt":"2022-06-24T15:15:50","guid":{"rendered":"https:\/\/eloficiodehistoriar.com.mx\/?p=28184"},"modified":"2022-06-24T09:15:50","modified_gmt":"2022-06-24T15:15:50","slug":"misa-en-memoria-de-los-jesuitas-asesinados-javier-campos-morales-y-joaquin-cesar-mora-salazar-en-mexico","status":"publish","type":"post","link":"https:\/\/eloficiodehistoriar.com.mx\/?p=28184","title":{"rendered":"Misa en memoria de los jesuitas asesinados Javier Campos Morales y Joaqu\u00edn C\u00e9sar Mora Salazar, en M\u00e9xico.\u00a0"},"content":{"rendered":"<h2 id=\"article-title-tts\" class=\"title title-default\">De 1988 a la fecha han sido ultimados unos 70 religiosos: centro cat\u00f3lico<\/h2>\n<div class=\"article-info\"><a class=\"author\" href=\"https:\/\/www.jornada.com.mx\/author\/carolina-gomez-mena.html\">Carolina G\u00f3mez Mena<\/a> .<\/div>\n<div id=\"article-content-images\" class=\"content-items-media\"><\/div>\n<div class=\"foto-pie\">Misa en memoria de los jesuitas asesinados Javier Campos Morales y Joaqu\u00edn C\u00e9sar Mora Salzar, en la Ciudad de M\u00e9xico.<\/div>\n<div class=\"article-row\">\n<div class=\"social-links right\">\n<div id=\"content-sintesis-audio\" class=\"sintesis-audio\">\n<div class=\"speak-cont btn-group\">\n<form><\/form>\n<\/div>\n<\/div>\n<\/div>\n<div class=\"article-main\">\n<div class=\"row\">\n<div id=\"article-content-tts\" class=\"article-content ljn-nota-contenido\">\n<div id=\"content_nitf\">\n<p><em>Ciudad de M\u00e9xico.<\/em><\/p>\n<p>Tras el asesinato de los sacerdotes jesuitas Javier Campos Morales y Joaqu\u00edn C\u00e9sar Mora Salazar, diversas congregaciones de sacerdotes y religiosas, agrupaciones de inspiraci\u00f3n cristiana y la Conferencia del Episcopado Mexicano (CEM) expresaron su repudio a la violencia y exigieron justicia, algunas lo han hecho a trav\u00e9s de sus redes y de forma directa con la Compa\u00f1\u00eda de Jes\u00fas.<\/p>\n<div class=\"teads-inread teads-display\">\n<div id=\"teads0\" class=\"teads-player\">Se han expresado el Instituto Misioneros Servidores de la Palabra, Misioneros del Esp\u00edritu Santo, la Compa\u00f1\u00eda de Santa Teresa de Jes\u00fas, Carmelitas del Sagrado Coraz\u00f3n, Maristas de Champagnat, los Franciscanos, la Conferencia de Superiores Mayores de Religiosos, la Comisi\u00f3n Episcopal para la Pastoral Social y Pastoral de Pueblos Originarios y Afromexicanos.<\/div>\n<\/div>\n<p>La Provincia Franciscana en M\u00e9xico llam\u00f3 a \u201chacer oraci\u00f3n por el eterno descanso de los dos sacerdotes asesinados y por el cese de la violencia en nuestro pa\u00eds. Nos unimos al dolor y al reclamo que embarga a nuestros hermanos de la Provincia Mexicana de la Compa\u00f1\u00eda de Jes\u00fas\u201d.<\/p>\n<p>Omar Sotelo, director del Centro Cat\u00f3lico Multimedial (CCM) y religioso de la Sociedad San Pablo, expuso que desde 1988 van cerca de 70 religiosos asesinados, y que hasta ahora el sexenio con m\u00e1s homicidios fue el de Enrique Pe\u00f1a Nieto, con 26. En el actual sexenio son siete sacerdotes asesinados. \u201cEsto sigue colocando a M\u00e9xico como uno de los pa\u00edses m\u00e1s peligrosos para el ejercicio sacerdotal\u201d. Adem\u00e1s de muertes han ocurrido secuestros, desapariciones y extorsiones.<\/p>\n<p>El Instituto Mexicano de Doctrina Social Cristiana calific\u00f3 como \u201cterrible la situaci\u00f3n que vivimos\u201d y dijo que \u201cnuestra misi\u00f3n como cristianos es trabajar por la justicia, la reconciliaci\u00f3n y la paz\u201d y demandaron que en este \u201cpa\u00eds dolido \u00a1ya basta, ni una muerte m\u00e1s!\u201d<\/p>\n<p>La Red Educativa La Salle expuso: \u201cnos solidarizamos con la comunidad jesuita y externamos nuestra posici\u00f3n en contra de la violencia. Creemos firmemente en la paz, la justicia y el respeto a la vida. Exigimos un pa\u00eds seguro\u201d.<\/p>\n<div class=\"teads-inread teads-display\">\n<div id=\"teads1\" class=\"teads-player\">La CEM sostuvo que \u201ces tiempo de revisar las estrategias de seguridad que est\u00e1n fracasando\u201d, y que \u201ces responsabilidad de los gobernantes aplicar la ley con justicia para erradicar la impunidad\u201d. Hizo un \u201crespetuoso llamado a nuestras autoridades pol\u00edticas a convocar a un di\u00e1logo nacional para emprender acciones inteligentes e integrales con el fin de alcanzar la paz mediante una participaci\u00f3n conjunta\u201d.<\/div>\n<\/div>\n<\/div>\n<\/div>\n<\/div>\n<div class=\"row\">\n<div id=\"b_bloque_videoi_01\" class=\"loadOnScroll active\">\n<div id=\"publi-1x1-videoi\" class=\"ad-content\" data-google-query-id=\"COGalO-vxvgCFVcxAQodVBsJdw\">\n<div id=\"google_ads_iframe_\/70932171\/Videointelligence_1x1_0__container__\"><iframe id=\"google_ads_iframe_\/70932171\/Videointelligence_1x1_0\" tabindex=\"0\" title=\"3rd party ad content\" role=\"region\" name=\"google_ads_iframe_\/70932171\/Videointelligence_1x1_0\" width=\"1\" height=\"1\" frameborder=\"0\" marginwidth=\"0\" marginheight=\"0\" scrolling=\"no\" aria-label=\"Advertisement\" data-google-container-id=\"c\" data-load-complete=\"true\" data-mce-fragment=\"1\"><\/iframe><\/p>\n<div id=\"667b5dbd-14df-44de-9f47-b2b8199014a6\" class=\"pbs\" data-pbs-root=\"true\" data-pbs-position=\"static\"><\/div>\n<\/div>\n<\/div>\n<\/div>\n<\/div>\n<div class=\"article-meta\"><\/div>\n<\/div>\n<\/div>\n","protected":false},"excerpt":{"rendered":"<p>De 1988 a la fecha han sido ultimados unos 70 religiosos: centro cat\u00f3lico Carolina G\u00f3mez Mena . Misa en memoria de los jesuitas asesinados Javier Campos Morales y Joaqu\u00edn C\u00e9sar Mora Salzar, en la Ciudad de M\u00e9xico. Ciudad de M\u00e9xico. Tras el asesinato de los sacerdotes jesuitas Javier Campos Morales y Joaqu\u00edn C\u00e9sar Mora Salazar, [&hellip;]<\/p>\n","protected":false},"author":249,"featured_media":28185,"comment_status":"open","ping_status":"closed","sticky":false,"template":"","format":"standard","meta":{"footnotes":""},"categories":[26],"tags":[],"class_list":["post-28184","post","type-post","status-publish","format-standard","has-post-thumbnail","hentry","category-mundo"],"_links":{"self":[{"href":"https:\/\/eloficiodehistoriar.com.mx\/index.php?rest_route=\/wp\/v2\/posts\/28184","targetHints":{"allow":["GET"]}}],"collection":[{"href":"https:\/\/eloficiodehistoriar.com.mx\/index.php?rest_route=\/wp\/v2\/posts"}],"about":[{"href":"https:\/\/eloficiodehistoriar.com.mx\/index.php?rest_route=\/wp\/v2\/types\/post"}],"author":[{"embeddable":true,"href":"https:\/\/eloficiodehistoriar.com.mx\/index.php?rest_route=\/wp\/v2\/users\/249"}],"replies":[{"embeddable":true,"href":"https:\/\/eloficiodehistoriar.com.mx\/index.php?rest_route=%2Fwp%2Fv2%2Fcomments&post=28184"}],"version-history":[{"count":1,"href":"https:\/\/eloficiodehistoriar.com.mx\/index.php?rest_route=\/wp\/v2\/posts\/28184\/revisions"}],"predecessor-version":[{"id":28186,"href":"https:\/\/eloficiodehistoriar.com.mx\/index.php?rest_route=\/wp\/v2\/posts\/28184\/revisions\/28186"}],"wp:featuredmedia":[{"embeddable":true,"href":"https:\/\/eloficiodehistoriar.com.mx\/index.php?rest_route=\/wp\/v2\/media\/28185"}],"wp:attachment":[{"href":"https:\/\/eloficiodehistoriar.com.mx\/index.php?rest_route=%2Fwp%2Fv2%2Fmedia&parent=28184"}],"wp:term":[{"taxonomy":"category","embeddable":true,"href":"https:\/\/eloficiodehistoriar.com.mx\/index.php?rest_route=%2Fwp%2Fv2%2Fcategories&post=28184"},{"taxonomy":"post_tag","embeddable":true,"href":"https:\/\/eloficiodehistoriar.com.mx\/index.php?rest_route=%2Fwp%2Fv2%2Ftags&post=28184"}],"curies":[{"name":"wp","href":"https:\/\/api.w.org\/{rel}","templated":true}]}}