{"id":28190,"date":"2022-06-24T09:33:09","date_gmt":"2022-06-24T15:33:09","guid":{"rendered":"https:\/\/eloficiodehistoriar.com.mx\/?p=28190"},"modified":"2022-06-24T09:33:09","modified_gmt":"2022-06-24T15:33:09","slug":"mau-aczino-lanza-su-sencillo-la-capital-del-pecado","status":"publish","type":"post","link":"https:\/\/eloficiodehistoriar.com.mx\/?p=28190","title":{"rendered":"Mau Aczino lanza su sencillo \u00abLa capital del pecado\u00bb"},"content":{"rendered":"<div id=\"article-cont\" class=\"main-cont article-cont actuality\">\n<div class=\"cabeza\"><em>La capital del pecado<\/em>\u00a0habla sobre la inseguridad en el transporte p\u00fablico: Aczino<\/div>\n<div class=\"sumarios\"><\/div>\n<div id=\"article-text\" class=\"text\">\n<div class=\"foto\">\n<div class=\"pie-foto\">El rapero mexiquense Mau Aczino lanza su sencillo <em>La capital del pecado<\/em>, que denuncia y narra la violencia y la inseguridad en muchos barrios del pa\u00eds.<\/div>\n<div><\/div>\n<\/div>\n<div class=\"col col1\">\n<div class=\"credito-autor\">Javier Hern\u00e1ndez Chelico<\/div>\n<div class=\"credito-titulo\"><\/div>\n<div class=\"hemero\">La Jornada<\/p>\n<\/div>\n<p class=\"s-s\">Una de las manifestaciones surgidas de la cultura hip hop es el rap, el cual, desde finales del siglo pasado ha sido el veh\u00edculo sonoro de diferentes generaciones de j\u00f3venes para manifestar, la mayor\u00eda de las veces, su inconformidad de manera provocativa. La r\u00edtmica recitaci\u00f3n sigue vigente en nuestros d\u00edas y ahora, un joven hace una declaraci\u00f3n de principios \u201cSoy Mauricio Hern\u00e1ndez, me dicen Mau Aczino. Soy un rapero del estado de M\u00e9xico, de Ciudad Neza. Estoy presentando un nuevo sencillo: se llama\u00a0<em>La capital del pecado<\/em>\u00a0y habla sobre la inseguridad que hay en el transporte p\u00fablico\u201d<\/p>\n<p>Con lenguaje lac\u00f3nico, el contenido letr\u00edstico de la canci\u00f3n\u00a0<em>La capital del pecado<\/em>\u00a0denuncia y narra la violencia actual que permea en muchos barrios de las ciudades del pa\u00eds; Aczino agrega detalles sobre el tema. \u201cEsta canci\u00f3n cuenta dos historias: la de un asaltante que es ultimado por un vengador an\u00f3nimo y la de un estudiante que es asesinado por un ladr\u00f3n. Una parte de la canci\u00f3n dice: \u2018Ah\u00ed hay gente que llora\/porque un muchacho muri\u00f3\/todos est\u00e1n de luto\/y lo recuerdan con honor\/sal\u00eda de madrugada para cumplir su labor\/hasta que un oscuro d\u00eda\/ya no regres\u00f3\/sal\u00eda a estudiar\/ ayudaba a su madre despertando temprano y durmiendo tarde\/luchaba d\u00eda a d\u00eda\/ con su vida\/ contra el hambre\/ hasta que le fue arrebatada por las manos de un cobarde\u201d\u2019.<\/p>\n<p>Empatado al lanzamiento de este sencillo, circula el video. \u201cSale Luis Felipe Tovar protagonizando las escenas e hizo un trabajo incre\u00edble. Me encanta ver el video, es uno de los mejores que he hecho en toda mi vida y, tuve el honor de compartir la c\u00e1mara con el maestro. La idea del video surgi\u00f3 porque hubo un suceso que me impacto mucho: un asalto all\u00e1 por mis rumbos \u2013Los Reyes la Paz\u2013 donde mataron a un chico que se enfrent\u00f3 a los asaltantes, entonces esa historia no la plasme como tal, pero s\u00ed fue una referencia, igual, un par de experiencia donde me han asaltado en el transporte p\u00fablico. Pero esta canci\u00f3n no buscaba encontrar la causa del porqu\u00e9 la gente se sube a robar, ni qui\u00e9n tiene la culpa; s\u00f3lo describe la sensaci\u00f3n que tiene la v\u00edctima cuando le pasa. De la rabia de \u2018me robaron por lo que trabaj\u00e9\u2019. Para esta canci\u00f3n, s\u00f3lo busqu\u00e9 la voz del usuario asaltado. La moraleja est\u00e1 clara: hay que salir a ganarse la vida honradamente. Me gust\u00f3 la canci\u00f3n porque no le puse una conclusi\u00f3n, porque quien sale a ganarse la vida honradamente tambi\u00e9n muri\u00f3. Al final, s\u00f3lo es un retrato de lo que pasa\u201d.<\/p>\n<\/div>\n<div class=\"col col2\">\n<p class=\"sumario\">Renovada cara del rap<\/p>\n<p class=\"s-s\">Como remate, el\u00a0<em>freestyler<\/em>\u00a0mexicano opina sobre esta modalidad de escribir canciones que muestra una renovada cara del rap. \u201c\u00daltimamente el rap hab\u00eda perdido, como ese lado de luchar, de alzar la voz; era m\u00e1s presumir, incluso, idolatrar a los delincuentes; hay muchas canciones que dicen \u2018yo soy el que mueve la droga; como si fueran\u00a0<em>narcocorridos<\/em>, pr\u00e1cticamente; y creo que del otro lado, est\u00e1 el que busca alzar la voz y quiere educar a fuerzas \u00bfno? Entonces, como que no se tiene ese equilibrio entre un rap que llame la atenci\u00f3n \u2013que est\u00e9 movido\u2013 y uno que te haga pensar, reflexionar. Y es lo que busc\u00e1bamos con esta canci\u00f3n: tener un coro que estuviera llamativo, un ritmo que llamara la atenci\u00f3n y una letra que comunicara lo que quer\u00edamos\u201d.<\/p>\n<\/div>\n<\/div>\n<div class=\"go gui\">\n<div class=\"go-up\"><\/div>\n<\/div>\n<\/div>\n<div id=\"taboola-below-content-thumbnails\" class=\" trc_related_container trc_spotlight_widget tbl-feed-container tbl-feed-frame-DIVIDER  render-late-effect\" data-feed-container-num=\"1\" data-feed-main-container-id=\"taboola-below-content-thumbnails\" data-parent-placement-name=\"Below Content Thumbnails\" data-pub-lang=\"es\">\n<div class=\" tbl-feed-header tbl-logo-right-position\">\n<div class=\"tbl-feed-header-logo\"><\/div>\n<\/div>\n<\/div>\n","protected":false},"excerpt":{"rendered":"<p>La capital del pecado\u00a0habla sobre la inseguridad en el transporte p\u00fablico: Aczino El rapero mexiquense Mau Aczino lanza su sencillo La capital del pecado, que denuncia y narra la violencia y la inseguridad en muchos barrios del pa\u00eds. Javier Hern\u00e1ndez Chelico La Jornada Una de las manifestaciones surgidas de la cultura hip hop es el [&hellip;]<\/p>\n","protected":false},"author":249,"featured_media":28191,"comment_status":"open","ping_status":"closed","sticky":false,"template":"","format":"standard","meta":{"footnotes":""},"categories":[26],"tags":[],"class_list":["post-28190","post","type-post","status-publish","format-standard","has-post-thumbnail","hentry","category-mundo"],"_links":{"self":[{"href":"https:\/\/eloficiodehistoriar.com.mx\/index.php?rest_route=\/wp\/v2\/posts\/28190","targetHints":{"allow":["GET"]}}],"collection":[{"href":"https:\/\/eloficiodehistoriar.com.mx\/index.php?rest_route=\/wp\/v2\/posts"}],"about":[{"href":"https:\/\/eloficiodehistoriar.com.mx\/index.php?rest_route=\/wp\/v2\/types\/post"}],"author":[{"embeddable":true,"href":"https:\/\/eloficiodehistoriar.com.mx\/index.php?rest_route=\/wp\/v2\/users\/249"}],"replies":[{"embeddable":true,"href":"https:\/\/eloficiodehistoriar.com.mx\/index.php?rest_route=%2Fwp%2Fv2%2Fcomments&post=28190"}],"version-history":[{"count":1,"href":"https:\/\/eloficiodehistoriar.com.mx\/index.php?rest_route=\/wp\/v2\/posts\/28190\/revisions"}],"predecessor-version":[{"id":28192,"href":"https:\/\/eloficiodehistoriar.com.mx\/index.php?rest_route=\/wp\/v2\/posts\/28190\/revisions\/28192"}],"wp:featuredmedia":[{"embeddable":true,"href":"https:\/\/eloficiodehistoriar.com.mx\/index.php?rest_route=\/wp\/v2\/media\/28191"}],"wp:attachment":[{"href":"https:\/\/eloficiodehistoriar.com.mx\/index.php?rest_route=%2Fwp%2Fv2%2Fmedia&parent=28190"}],"wp:term":[{"taxonomy":"category","embeddable":true,"href":"https:\/\/eloficiodehistoriar.com.mx\/index.php?rest_route=%2Fwp%2Fv2%2Fcategories&post=28190"},{"taxonomy":"post_tag","embeddable":true,"href":"https:\/\/eloficiodehistoriar.com.mx\/index.php?rest_route=%2Fwp%2Fv2%2Ftags&post=28190"}],"curies":[{"name":"wp","href":"https:\/\/api.w.org\/{rel}","templated":true}]}}