{"id":28193,"date":"2022-06-24T09:43:19","date_gmt":"2022-06-24T15:43:19","guid":{"rendered":"https:\/\/eloficiodehistoriar.com.mx\/?p=28193"},"modified":"2022-06-24T09:43:19","modified_gmt":"2022-06-24T15:43:19","slug":"atracan-veleros-participantes-del-festival-velas-latinoamerica-2022","status":"publish","type":"post","link":"https:\/\/eloficiodehistoriar.com.mx\/?p=28193","title":{"rendered":"Atracan veleros participantes del Festival Velas Latinoamerica 2022"},"content":{"rendered":"<div>\n<h4 class=\"title\">Atracan veleros participantes del Festival Velas Latinoamerica 2022, con\u00f3celos<\/h4>\n<\/div>\n<h3 class=\"subtitle\">Con mucha alegr\u00eda fueron recibidos veleros participantes del Festival Velas Latinoam\u00e9rica 2022<\/h3>\n<div class=\"lead-gallery \">\n<div class=\"teaser  owl-carousel owl-theme\">\n<div class=\"owl-wrapper-outer\">\n<div class=\"owl-wrapper\">\n<div class=\"owl-item\">\n<div class=\"img-container picture\">\n<div id=\"standard_1\" class=\"st-placement standard_1 inImage\">\n<div class=\"st-adunit st-reset st-show\">\n<div class=\"st-adunit-ad st-reset\">\n<div class=\"st-reset render-mode-normal\">\n<div class=\"st-video-creative st-reset\">\n<div class=\"video-creative-container st-reset\">El velero Cuauht\u00e9moc de M\u00e9xico fue ovacionado por los turistas al ver su llegada al puerto de Veracruz para formar parte del Festival Velas Latinoamerica 2022<\/div>\n<\/div>\n<\/div>\n<\/div>\n<\/div>\n<\/div>\n<\/div>\n<\/div>\n<\/div>\n<\/div>\n<\/div>\n<\/div>\n<div id=\"affix-share\" class=\"sharing-menu affix\">\n<ul>\n<li>Danytza Flores<\/li>\n<li>Diario de Xalapa<\/li>\n<\/ul>\n<\/div>\n<div class=\"content-body clearfix \">\n<div id=\"content-body-225-8483947\">\n<p>Veracruz, Ver.-<\/p>\n<p>Entre\u00a0<b>m\u00fasica de mariachis, sones jarochos y aplausos<\/b>\u00a0fueron recibidos los cadetes que viajan a abordo de los veleros que participan en el\u00a0<b>Festival Velas Latinoam\u00e9rica<\/b>\u00a0<b>2022<\/b>, que arribaron pasado el mediod\u00eda de este jueves 23 de junio al puerto de Veracruz.<\/p>\n<p>Los veleros recibidos fueron:<\/p>\n<p>El \u201c<i>Libertad<\/i>\u201d de\u00a0<b>Argentina<\/b>;<\/p>\n<p>\u201c<i>Cisne Branco<\/i>\u201d de\u00a0<b>Brasil<\/b>;<\/p>\n<p><i>\u201cCapit\u00e1n Miranda\u201d<\/i>\u00a0de\u00a0<b>Uruguay<\/b><\/p>\n<p>y el buque escuela \u201c<i>Cuauht\u00e9moc\u201d<\/i>\u00a0de\u00a0<b>M\u00e9xico.<\/b><\/p>\n<p><b>Para el s\u00e1bado se espera el arribo del buque escuela Gloria<\/b>, con bandera de Colombia, que se sumar\u00e1 a esta traves\u00eda.<\/p>\n<\/div>\n<\/div>\n<article class=\"content-continued-body clearfix \">\n<div id=\"content-body-5851641-8483947\">\n<h2>\u00bfD\u00f3nde fue el recibimiento de los veleros?<\/h2>\n<p>El recibimiento fue en el muelle\u00a0<b>tur\u00edstico de la T<\/b>, ubicado a un costado de la macroplaza del malec\u00f3n de Veracruz, en donde se dieron cita desde muy temprano familiares de los cadetes, veracruzanos y turistas para participar en la recepci\u00f3n.<\/p>\n<p>Fue alrededor de las 12:30 horas que el m\u00e1stil y las velas de las embarcaciones comenzaron a verse en el horizonte, movi\u00e9ndose desde la zona conocida como fondeadero, en donde<b>\u00a0descansaron durante una noche antes del atraque.<\/b><\/p>\n<p><b>Una hora despu\u00e9s comenz\u00f3 a verse la entrada al puerto de Veracruz<\/b>, a trav\u00e9s de la escollera poniente y escolados por embarcaciones interceptoras de la Secretar\u00eda de Marina, as\u00ed como del buque Papaloapan que descansa en estos muelles.<\/p>\n<p><b>Pilotos de la Semar realizaron un espect\u00e1culo a\u00e9reo en aviones y helic\u00f3pteros<\/b>, con los cuales sobrevolaron parte de la ciudad y el mar alrededor de los veleros, portando la bandera nacional y estandartes de las fuerzas armadas nacionales.<\/p>\n<p>Los veleros estar\u00e1n desde este 23 y hasta el 28 de junio en el malec\u00f3n de Veracruz, la\u00a0<i>Secretar\u00eda de Marina<\/i>\u00a0permitir\u00e1 que el p\u00fablico ingrese a los veleros durante los cinco d\u00edas del\u00a0<b>Festival de Velas Latinoam\u00e9rica 2022<\/b>\u00a0en un horario de 10:00 de la ma\u00f1ana a 8:00 de la noche.<\/p>\n<p>Los cadetes participar\u00e1n durante este tiempo en diversos eventos, para<b>\u00a0el viernes ser\u00e1n guiados en una visita a Orizaba, San Juan de Ul\u00faa y el Museo Naval<\/b>. El fin de semana visitar\u00e1n el parque Acu\u00e1tico INBURSA y el Centro Hist\u00f3rico de Veracruz.<\/p>\n<p>El s\u00e1bado el itinerario contempla una visita en Cotaxtla, la Escuela Naval de Ant\u00f3n Lizardo, el lanzamiento de la primera bola en el partido de b\u00e9isbol de El Rojo del \u00c1guila de Veracruz, y para la noche una cena de gala en recintos navales.<\/p>\n<div class=\"body-lead-gallery \">\n<div class=\"teaser  owl-carousel owl-theme\">\n<div class=\"owl-wrapper-outer\">\n<div class=\"owl-wrapper\">\n<div class=\"owl-item\">\n<div class=\"img-container picture\">\n<div id=\"standard_9\" class=\"st-placement standard_9 inImageRestricted\">\n<div class=\"st-adunit st-reset st-show\">\n<div class=\"st-adunit-ad st-reset\">\n<div class=\"st-display-render st-reset\">\n<div class=\"st-reset\">\n<div class=\"important-styled st-canvas-container open Skyscraper display-standard fssquz2\">\n<div class=\"important-styled st-canvas-el fhxwyqa\">\n<div class=\"important-styled st-canvas-container undefined fssquz2\">\n<div class=\"important-styled st-canvas-el f2u5qzw\">\n<div class=\"important-styled st-canvas-container undefined fssquz2\">\n<div class=\"important-styled st-canvas-el fpcseeq\">\n<div class=\"important-styled f15u4dl3\">\n<div class=\"important-styled display-render-wrapper f15u4dl3\"><b>Estos nav\u00edos iniciaron su recorrido el 13 de febrero <\/b>en R\u00edo de Janeiro, Brasil; han visitado las ciudades de Montevideo, Uruguay; Mar del Plata, Argentina; Punta Arenas y Valpara\u00edso, Chile; Callao, Per\u00fa; Guayaquil, Ecuador; Ciudad de Panam\u00e1; Cartagena de Indias, Colombia; Santo Domingo, Rep\u00fablica Dominicana y Curazao, para culminar su traves\u00eda en el puerto jarocho.<\/div>\n<\/div>\n<\/div>\n<\/div>\n<\/div>\n<\/div>\n<\/div>\n<\/div>\n<\/div>\n<\/div>\n<\/div>\n<\/div>\n<\/div>\n<\/div>\n<\/div>\n<\/div>\n<\/div>\n<\/div>\n<\/div>\n<h2>\u00bfQu\u00e9 autoridades asistieron al Festival de Velas Latinoamerica 2022?<\/h2>\n<section>\n<div class=\"teaser \">\n<div class=\"infographicWrapper\">A la ceremonia asisti\u00f3 el gobernador <b>Cuitl\u00e1huac Garc\u00eda<\/b>\u00a0como los alcaldes de Veracruz y Boca del R\u00edo,\u00a0<b>Patricia Lobeira y Juan Manuel Unanue Abascal<\/b>\u00a0as\u00ed como autoridades navales.<\/div>\n<\/div>\n<\/section>\n<p>Cabe destacar que para el Festival de Velas Latinoam\u00e9rica 2022 tienen planeado un programa de visitas guiadas, recorridos tur\u00edsticos y una ceremonia para el 125 aniversario de la Heroica Escuela Naval Militar.<\/p>\n<\/div>\n<\/article>\n","protected":false},"excerpt":{"rendered":"<p>Atracan veleros participantes del Festival Velas Latinoamerica 2022, con\u00f3celos Con mucha alegr\u00eda fueron recibidos veleros participantes del Festival Velas Latinoam\u00e9rica 2022 El velero Cuauht\u00e9moc de M\u00e9xico fue ovacionado por los turistas al ver su llegada al puerto de Veracruz para formar parte del Festival Velas Latinoamerica 2022 Danytza Flores Diario de Xalapa Veracruz, Ver.- Entre\u00a0m\u00fasica [&hellip;]<\/p>\n","protected":false},"author":249,"featured_media":28194,"comment_status":"open","ping_status":"closed","sticky":false,"template":"","format":"standard","meta":{"footnotes":""},"categories":[26],"tags":[],"class_list":["post-28193","post","type-post","status-publish","format-standard","has-post-thumbnail","hentry","category-mundo"],"_links":{"self":[{"href":"https:\/\/eloficiodehistoriar.com.mx\/index.php?rest_route=\/wp\/v2\/posts\/28193","targetHints":{"allow":["GET"]}}],"collection":[{"href":"https:\/\/eloficiodehistoriar.com.mx\/index.php?rest_route=\/wp\/v2\/posts"}],"about":[{"href":"https:\/\/eloficiodehistoriar.com.mx\/index.php?rest_route=\/wp\/v2\/types\/post"}],"author":[{"embeddable":true,"href":"https:\/\/eloficiodehistoriar.com.mx\/index.php?rest_route=\/wp\/v2\/users\/249"}],"replies":[{"embeddable":true,"href":"https:\/\/eloficiodehistoriar.com.mx\/index.php?rest_route=%2Fwp%2Fv2%2Fcomments&post=28193"}],"version-history":[{"count":1,"href":"https:\/\/eloficiodehistoriar.com.mx\/index.php?rest_route=\/wp\/v2\/posts\/28193\/revisions"}],"predecessor-version":[{"id":28195,"href":"https:\/\/eloficiodehistoriar.com.mx\/index.php?rest_route=\/wp\/v2\/posts\/28193\/revisions\/28195"}],"wp:featuredmedia":[{"embeddable":true,"href":"https:\/\/eloficiodehistoriar.com.mx\/index.php?rest_route=\/wp\/v2\/media\/28194"}],"wp:attachment":[{"href":"https:\/\/eloficiodehistoriar.com.mx\/index.php?rest_route=%2Fwp%2Fv2%2Fmedia&parent=28193"}],"wp:term":[{"taxonomy":"category","embeddable":true,"href":"https:\/\/eloficiodehistoriar.com.mx\/index.php?rest_route=%2Fwp%2Fv2%2Fcategories&post=28193"},{"taxonomy":"post_tag","embeddable":true,"href":"https:\/\/eloficiodehistoriar.com.mx\/index.php?rest_route=%2Fwp%2Fv2%2Ftags&post=28193"}],"curies":[{"name":"wp","href":"https:\/\/api.w.org\/{rel}","templated":true}]}}