{"id":28197,"date":"2022-06-25T09:27:56","date_gmt":"2022-06-25T15:27:56","guid":{"rendered":"https:\/\/eloficiodehistoriar.com.mx\/?p=28197"},"modified":"2022-06-25T09:27:56","modified_gmt":"2022-06-25T15:27:56","slug":"los-colores-de-la-diversidad-exposicion-reune-imagenes-de-banderas-representativas-del-movimiento-lgbt","status":"publish","type":"post","link":"https:\/\/eloficiodehistoriar.com.mx\/?p=28197","title":{"rendered":"\u00abLos colores de la diversidad\u00bb exposici\u00f3n re\u00fane im\u00e1genes de banderas representativas del movimiento LGBT"},"content":{"rendered":"<div id=\"article-cont\" class=\"main-cont article-cont actuality\">\n<div class=\"cabeza\">Dos muestras en la Galer\u00eda Abierta del Senado reivindican los derechos LGBT+<\/div>\n<div class=\"sumarios\"><\/div>\n<div id=\"article-text\" class=\"text\">\n<div class=\"col col1\">\n<div class=\"credito-autor\">Carlos Paul<\/div>\n<div class=\"credito-titulo\"><\/div>\n<div class=\"hemero\">La Jornada<\/p>\n<\/div>\n<p class=\"s-s\"><em>Los colores de la diversidad\u00a0<\/em>es el t\u00edtulo de la exposici\u00f3n que re\u00fane m\u00e1s de 20 im\u00e1genes de banderas representativas del movimiento LGBT+. Se inaugur\u00f3 este viernes junto con la muestra\u00a0<em>Muxes: Flores de Guiechachi,\u00a0<\/em>de Nuria L\u00f3pez Torres, en la Galer\u00eda Abierta del Senado de la Rep\u00fablica, que abarca la barda perimetral de ese \u00f3rgano legislativo (Paseo de la Reforma 135).<\/p>\n<p>Las exhibiciones se presentan en el contexto del D\u00eda Internacional del Orgullo LGBT+, que se celebra para reafirmar el sentimiento de orgullo sobre las identidades y orientaciones sexuales y de g\u00e9nero tradicionalmente marginadas y reprimidas, y que tambi\u00e9n sirve para visibilizar su presencia en la sociedad y sus justos reclamos.<\/p>\n<p>Ambas muestras fueron organizadas por el Museo Memoria y Tolerancia y la Junta de Coordinaci\u00f3n Pol\u00edtica, del Senado de la Rep\u00fablica, por conducto de Casa Nuestra.<\/p>\n<p><em>Muxes: Flores de Guiechachi\u00a0<\/em>es parte del trabajo que la fot\u00f3grafa espa\u00f1ola L\u00f3pez Torres ha realizado en torno a la sexualidad en M\u00e9xico, as\u00ed como en Espa\u00f1a, Cuba, Brasil, Ir\u00e1n y Turqu\u00eda, explic\u00f3 a\u00a0<em>La Jornada<\/em>\u00a0Martha L\u00f3pez, directora de Programas y Administraci\u00f3n en la C\u00e1mara de Senadores.<\/p>\n<p>El proyecto fotogr\u00e1fico implic\u00f3 unos dos a\u00f1os de trabajo; aborda la cuesti\u00f3n de la identidad de g\u00e9nero en el istmo de Tehuantepec, Oaxaca, \u201cdonde las muxes \u2013mujeres transg\u00e9nero\u2013 son consideradas un tercer g\u00e9nero dentro de su sociedad\u201d.<\/p>\n<p>De acuerdo con el curador de la exposici\u00f3n, Juan Manuel Corrales, las muxes son reconocidas y valoradas, tanto en su comunidad como en la familia, y por medio de la indumentaria tradicional pretenden reafirmar su pasado.<\/p>\n<p><q>La figura de los muxes y la aceptaci\u00f3n de la homosexualidad est\u00e1 \u00edntimamente ligada a la situaci\u00f3n de la mujer en la familia y la sociedad, as\u00ed como al papel que desempe\u00f1an en ellas. Sin ser un aut\u00e9ntico matriarcado, se puede decir que en esa parte de Oaxaca la mujer tiene una presencia importante en el espacio p\u00fablico. Ellas manipulan, transforman y venden la materia prima que los hombres proporcionan, sean productos obtenidos del campo o del mar. Poseen cierta independencia econ\u00f3mica y reconocimiento social, lo cual hace que el peso del universo femenino legitime a las muxes y su figura dentro de la sociedad istme\u00f1a<\/q>, apunt\u00f3 Corrales en la c\u00e9dula introductoria de la exposici\u00f3n.<\/p>\n<\/div>\n<div class=\"col col2\">\n<p>Por otra parte,\u00a0<em>Los colores de la diversidad,<\/em>\u00a0coment\u00f3 Martha L\u00f3pez,\u00a0<q>re\u00fane m\u00e1s de 20 im\u00e1genes de banderas representativas del movimiento LGBT+; aunque muchas personas usan la bandera del arco\u00edris para representar a dicha comunidad, no es la \u00fanica con la que se identifica. Hay diferentes grupos que han desarrollado sus propias banderas a manera de crear conciencia sobre qui\u00e9nes son, qu\u00e9 necesitan y las experiencias que han vivido<\/q>.<\/p>\n<p>Las im\u00e1genes de las banderas, explic\u00f3 la funcionaria, van acompa\u00f1adas por c\u00e9dulas que informan el nombre del creador y a\u00f1o en que fue confeccionada, as\u00ed como una explicaci\u00f3n sobre el color, la est\u00e9tica y la forma de lo que representan.<\/p>\n<p>Entre la diversidad de banderas que existen se encuentran la LGBT, la l\u00e9sbica, la bisexual, la transg\u00e9nero,<\/p>\n<p>Con la curadur\u00eda de Mar\u00eda Fernanda Abaroa,\u00a0<em>Los colores de la diversidad,\u00a0<\/em><q>es un llamado a la empat\u00eda, inclusi\u00f3n y respeto de la dignidad humana<\/q>.<\/p>\n<p>El objetivo, apunt\u00f3 la especialista,\u00a0<q>es dar visibilidad a las banderas m\u00e1s representativas que conforman la poblaci\u00f3n LGBT+, siendo ese colectivo uno de los m\u00e1s vulnerados en nuestro pa\u00eds; as\u00ed como para reforzar la idea en la sociedad, de que ning\u00fan prejuicio est\u00e1 por encima de nuestras garant\u00edas individuales<\/q>.<\/p>\n<p><em>Los colores de la diversidad<\/em>\u00a0y\u00a0<em>Muxes: Flores de Guiechachi<\/em>\u00a0se podr\u00e1 apreciar en la Galer\u00eda Abierta del Senado de la Rep\u00fablica, que abarca la barda perimetral de ese \u00f3rgano legislativo. Concluye a finales de julio.<\/p>\n<\/div>\n<\/div>\n<div class=\"go gui\">\n<div class=\"go-up\"><\/div>\n<\/div>\n<\/div>\n<div id=\"taboola-below-content-thumbnails\" class=\" trc_related_container trc_spotlight_widget tbl-feed-container tbl-feed-frame-DIVIDER  render-late-effect\" data-feed-container-num=\"1\" data-feed-main-container-id=\"taboola-below-content-thumbnails\" data-parent-placement-name=\"Below Content Thumbnails\" data-pub-lang=\"es\">\n<div class=\" tbl-feed-header tbl-logo-right-position\">\n<div class=\"tbl-feed-header-logo\"><\/div>\n<\/div>\n<\/div>\n","protected":false},"excerpt":{"rendered":"<p>Dos muestras en la Galer\u00eda Abierta del Senado reivindican los derechos LGBT+ Carlos Paul La Jornada Los colores de la diversidad\u00a0es el t\u00edtulo de la exposici\u00f3n que re\u00fane m\u00e1s de 20 im\u00e1genes de banderas representativas del movimiento LGBT+. Se inaugur\u00f3 este viernes junto con la muestra\u00a0Muxes: Flores de Guiechachi,\u00a0de Nuria L\u00f3pez Torres, en la Galer\u00eda [&hellip;]<\/p>\n","protected":false},"author":249,"featured_media":28198,"comment_status":"open","ping_status":"closed","sticky":false,"template":"","format":"standard","meta":{"footnotes":""},"categories":[26],"tags":[],"class_list":["post-28197","post","type-post","status-publish","format-standard","has-post-thumbnail","hentry","category-mundo"],"_links":{"self":[{"href":"https:\/\/eloficiodehistoriar.com.mx\/index.php?rest_route=\/wp\/v2\/posts\/28197","targetHints":{"allow":["GET"]}}],"collection":[{"href":"https:\/\/eloficiodehistoriar.com.mx\/index.php?rest_route=\/wp\/v2\/posts"}],"about":[{"href":"https:\/\/eloficiodehistoriar.com.mx\/index.php?rest_route=\/wp\/v2\/types\/post"}],"author":[{"embeddable":true,"href":"https:\/\/eloficiodehistoriar.com.mx\/index.php?rest_route=\/wp\/v2\/users\/249"}],"replies":[{"embeddable":true,"href":"https:\/\/eloficiodehistoriar.com.mx\/index.php?rest_route=%2Fwp%2Fv2%2Fcomments&post=28197"}],"version-history":[{"count":1,"href":"https:\/\/eloficiodehistoriar.com.mx\/index.php?rest_route=\/wp\/v2\/posts\/28197\/revisions"}],"predecessor-version":[{"id":28199,"href":"https:\/\/eloficiodehistoriar.com.mx\/index.php?rest_route=\/wp\/v2\/posts\/28197\/revisions\/28199"}],"wp:featuredmedia":[{"embeddable":true,"href":"https:\/\/eloficiodehistoriar.com.mx\/index.php?rest_route=\/wp\/v2\/media\/28198"}],"wp:attachment":[{"href":"https:\/\/eloficiodehistoriar.com.mx\/index.php?rest_route=%2Fwp%2Fv2%2Fmedia&parent=28197"}],"wp:term":[{"taxonomy":"category","embeddable":true,"href":"https:\/\/eloficiodehistoriar.com.mx\/index.php?rest_route=%2Fwp%2Fv2%2Fcategories&post=28197"},{"taxonomy":"post_tag","embeddable":true,"href":"https:\/\/eloficiodehistoriar.com.mx\/index.php?rest_route=%2Fwp%2Fv2%2Ftags&post=28197"}],"curies":[{"name":"wp","href":"https:\/\/api.w.org\/{rel}","templated":true}]}}