{"id":28200,"date":"2022-06-25T09:31:32","date_gmt":"2022-06-25T15:31:32","guid":{"rendered":"https:\/\/eloficiodehistoriar.com.mx\/?p=28200"},"modified":"2022-06-25T09:31:32","modified_gmt":"2022-06-25T15:31:32","slug":"en-mexico-mas-de-20-millones-de-personas-tienen-problemas-de-alcoholismo","status":"publish","type":"post","link":"https:\/\/eloficiodehistoriar.com.mx\/?p=28200","title":{"rendered":"En M\u00e9xico m\u00e1s de 20 millones de personas tienen problemas de alcoholismo"},"content":{"rendered":"<div class=\"cabeza\">M\u00e1s de 20 millones de mexicanos tienen problemas de alcoholismo: especialistas<\/div>\n<div class=\"sumarios\"><\/div>\n<div id=\"article-text\" class=\"text tbl-forkorts-article\">\n<div class=\"foto\">\n<div class=\"pie-foto\">El consumo de alcohol se dispara en los fines de semana y alcanza a menores de entre 12 y 15 a\u00f1os.<\/div>\n<div><\/div>\n<\/div>\n<div class=\"col\">\n<div class=\"credito-autor\">Andrea Becerril<\/div>\n<div class=\"credito-titulo\"><\/div>\n<div class=\"hemero\">La Jornada<\/p>\n<\/div>\n<p class=\"s-s\">En M\u00e9xico m\u00e1s de 20 millones de personas tienen problemas de alcoholismo, advirti\u00f3 el vicepresidente em\u00e9rito de la Central Mexicana de Servicios Generales de Alcoh\u00f3licos An\u00f3nimos, (AA) Jos\u00e9 Alfredo Hern\u00e1ndez Linares, durante un acto realizado en el Senado en el que legisladores y especialistas expresaron preocupaci\u00f3n por el aumento de que cada vez m\u00e1s ni\u00f1os de entre 12 y 15 a\u00f1os caen con esa adicci\u00f3n.<\/p>\n<p>Durante la inauguraci\u00f3n del foro\u00a0<q>40 a\u00f1os salvando vidas y generando aliados<\/q>, que organiz\u00f3 el coordinador del PRD, Miguel \u00c1ngel Mancera, el vicepresidente de la Central Mexicana de Servicios Generales de AA, Juan Arturo Sabines, expuso que M\u00e9xico no se caracteriza por ser un pa\u00eds de consumo diario de alcohol, como sucede en naciones de Europa del este, pero s\u00ed tiene un consumo excesivo durante los fines de semana, con la participaci\u00f3n de adolescentes.<\/p>\n<p>Hay estudios que se\u00f1alan, detall\u00f3, que los menores de edad llegan a ingerir hasta 13 bebidas por episodio, mientras que la media de ingesta excesiva para una mujer es de cuatro copas en una tarde.<\/p>\n<p>Sabines recalc\u00f3 que un menor de edad no deber\u00eda consumir ni una copa de alcohol, porque esto est\u00e1 clasificado como\u00a0<q>uso nocivo<\/q>, adem\u00e1s que su sistema cognitivo y su sistema nervioso central no han terminado de madurar. Sin embargo, detall\u00f3, se han relajado las medidas para prohibir esta ingesti\u00f3n en ni\u00f1os y adolescentes.<\/p>\n<p>El vicepresidente de la Central Mexicana de Servicios Generales de AA insisti\u00f3 en que se trata de un tema que se debe revisar, ya que \u201cM\u00e9xico tiene el mayor n\u00famero hist\u00f3rico de puntos de ventas de alcohol y hay centros de distribuci\u00f3n de cervezas a granel cerca de las universidades, por ejemplo.<\/p>\n<p>Si un menor de edad comienza a consumir alcohol a edades tempranas, activa de manera m\u00e1s inmediata el mecanismo de recompensa, lo cual lo va a llevar a la postre a ser una persona dependiente de la bebida.<\/p>\n<p>Hizo notar, asimismo, que durante la pandemia la mayor\u00eda de las personas no modificaron su patr\u00f3n de consumo de alcohol, s\u00f3lo 5 por ciento de la poblaci\u00f3n tanto en adolescentes como en adultos lo increment\u00f3.<\/p>\n<p>Advirti\u00f3 que el alcoholismo mata cada a\u00f1o a 3 millones de personas en el mundo y genera 200 tipos de enfermedades, entre ellas, c\u00e1ncer de boca, de est\u00f3mago y de es\u00f3fago.<\/p>\n<p>En tanto, el vicepresidente em\u00e9rito de la Central Mexicana de Servicios Generales de AA, Jos\u00e9 Alfredo Hern\u00e1ndez Linares, indic\u00f3 que la asociaci\u00f3n tiene cerca de 200 mil personas en recuperaci\u00f3n, de los 20 millones que tienen problema de alcoholismo en M\u00e9xico, quienes viven en desgracia emocional y enferman a sus familias con su adicci\u00f3n.<\/p>\n<p>Por su parte, el senador Mancera resalt\u00f3 que adem\u00e1s de crear pol\u00edticas p\u00fablicas efectivas para disminuir la adicci\u00f3n al alcohol, se debe insistir en que la toma de conciencia comienza en las primeras etapas del desarrollo del problema, por lo cual es indispensable un di\u00e1logo con los ni\u00f1os, para que conozcan los riesgos del consumo de alcohol.<\/p>\n<p>Esta adicci\u00f3n ya no se reporta a los 17 a\u00f1os, sino a partir de los 12 lo que implica un\u00a0<q>factor de riesgo mortal<\/q>, expres\u00f3 y alert\u00f3 sobre la combinaci\u00f3n de alcohol con mariguana, que ya se vende.<\/p>\n<\/div>\n<\/div>\n","protected":false},"excerpt":{"rendered":"<p>M\u00e1s de 20 millones de mexicanos tienen problemas de alcoholismo: especialistas El consumo de alcohol se dispara en los fines de semana y alcanza a menores de entre 12 y 15 a\u00f1os. Andrea Becerril La Jornada En M\u00e9xico m\u00e1s de 20 millones de personas tienen problemas de alcoholismo, advirti\u00f3 el vicepresidente em\u00e9rito de la Central [&hellip;]<\/p>\n","protected":false},"author":249,"featured_media":28201,"comment_status":"open","ping_status":"closed","sticky":false,"template":"","format":"standard","meta":{"footnotes":""},"categories":[26],"tags":[],"class_list":["post-28200","post","type-post","status-publish","format-standard","has-post-thumbnail","hentry","category-mundo"],"_links":{"self":[{"href":"https:\/\/eloficiodehistoriar.com.mx\/index.php?rest_route=\/wp\/v2\/posts\/28200","targetHints":{"allow":["GET"]}}],"collection":[{"href":"https:\/\/eloficiodehistoriar.com.mx\/index.php?rest_route=\/wp\/v2\/posts"}],"about":[{"href":"https:\/\/eloficiodehistoriar.com.mx\/index.php?rest_route=\/wp\/v2\/types\/post"}],"author":[{"embeddable":true,"href":"https:\/\/eloficiodehistoriar.com.mx\/index.php?rest_route=\/wp\/v2\/users\/249"}],"replies":[{"embeddable":true,"href":"https:\/\/eloficiodehistoriar.com.mx\/index.php?rest_route=%2Fwp%2Fv2%2Fcomments&post=28200"}],"version-history":[{"count":1,"href":"https:\/\/eloficiodehistoriar.com.mx\/index.php?rest_route=\/wp\/v2\/posts\/28200\/revisions"}],"predecessor-version":[{"id":28202,"href":"https:\/\/eloficiodehistoriar.com.mx\/index.php?rest_route=\/wp\/v2\/posts\/28200\/revisions\/28202"}],"wp:featuredmedia":[{"embeddable":true,"href":"https:\/\/eloficiodehistoriar.com.mx\/index.php?rest_route=\/wp\/v2\/media\/28201"}],"wp:attachment":[{"href":"https:\/\/eloficiodehistoriar.com.mx\/index.php?rest_route=%2Fwp%2Fv2%2Fmedia&parent=28200"}],"wp:term":[{"taxonomy":"category","embeddable":true,"href":"https:\/\/eloficiodehistoriar.com.mx\/index.php?rest_route=%2Fwp%2Fv2%2Fcategories&post=28200"},{"taxonomy":"post_tag","embeddable":true,"href":"https:\/\/eloficiodehistoriar.com.mx\/index.php?rest_route=%2Fwp%2Fv2%2Ftags&post=28200"}],"curies":[{"name":"wp","href":"https:\/\/api.w.org\/{rel}","templated":true}]}}