{"id":28219,"date":"2022-06-26T09:05:17","date_gmt":"2022-06-26T15:05:17","guid":{"rendered":"https:\/\/eloficiodehistoriar.com.mx\/?p=28219"},"modified":"2022-06-26T09:05:17","modified_gmt":"2022-06-26T15:05:17","slug":"el-seminario-de-cultura-mexicana-realizo-15o-coloquio-recientemente-en-orizaba-tema-la-igualdad","status":"publish","type":"post","link":"https:\/\/eloficiodehistoriar.com.mx\/?p=28219","title":{"rendered":"El Seminario de Cultura Mexicana, realiz\u00f3 15o. coloquio, recientemente en Orizaba, tema la igualdad."},"content":{"rendered":"<div id=\"article-cont\" class=\"main-cont article-cont analysis\">\n<div class=\"cabeza\">Conocimientos y afectos<\/div>\n<div class=\"sumarios\"><\/div>\n<div class=\"credito-articulo\">\u00c1ngeles Gonz\u00e1lez Gamio<\/div>\n<div><\/div>\n<div id=\"article-text\" class=\"text\">\n<div class=\"col col1\">\n<div class=\"inicial\">Experiencia muy gratificante\u00a0es un encuentro en el que prevalecen los afectos y se intercambian conocimientos. Eso fue lo que caracteriz\u00f3 el 15 coloquio nacional del Seminario de Cultura Mexicana, que se realiz\u00f3 recientemente en la preciosa ciudad de Orizaba, Veracruz, con el tema de la igualdad.<\/div>\n<p>Asistieron la mayor\u00eda de los 23 miembros titulares y un nutrido grupo de representantes de 43 de las 62 corresponsal\u00edas de distintos estados de la Rep\u00fablica, que son el alma de la instituci\u00f3n.<\/p>\n<p>Entre los cerca de 200 asistentes se encontraban integrantes de dos universidades participantes con profesores, acad\u00e9micos, funcionarios y estudiantes \u2013Universidad Veracruzana y la Pedag\u00f3gica Nacional\u2013. No faltaron las actividades culturales, como la inauguraci\u00f3n de la exposici\u00f3n de la artista local Tere L\u00f3pez Peterson, la exhibici\u00f3n de la pel\u00edcula muda\u00a0<em>El pu\u00f1o de hierro<\/em>\u00a0y el recorrido por la ex f\u00e1brica R\u00edo Blanco, donde el historiador Javier Garciadiego dict\u00f3 una interesante conferencia sobre la c\u00e9lebre huelga que fue un antecedente de la Revoluci\u00f3n Mexicana. Como broche de oro, la \u00faltima noche otro miembro titular, el talentoso cellista Carlos Prieto dio un concierto en el precioso teatro Ignacio de la Llave.<\/p>\n<p>Orizaba est\u00e1 situada en un peque\u00f1o valle rodeada de escarpadas monta\u00f1as boscosas y hace honor a su nombre en n\u00e1huatl: Ahuilizapan, que significa\u00a0<q>lugar de las aguas alegres<\/q>. Un r\u00edo de buenos caudales cruza la ciudad y a su vera se desarrolla un lindo paseo en el que se pueden apreciar distintas clases de animales y muestras de arquitectura del pasado, entre otras, antiguos arcos y puentes.<\/p>\n<p>Durante el periodo virreinal los estancos de tabaco y los ingenios azucareros le brindaron prosperidad econ\u00f3mica, as\u00ed como el comercio, ya que era paso obligado entre las ciudades de M\u00e9xico y Veracruz. Su riqueza hidr\u00e1ulica propici\u00f3 el desarrollo fabril durante el siglo XIX, el cual no siempre se dio con justicia y equidad.<\/p>\n<p>En la f\u00e1brica textil de R\u00edo Blanco, el 7 de enero de 1907, cerca de 2 mil obreros se amotinaron afuera de las instalaciones de la empresa para protestar contra la sentencia del gobierno porfirista que ordenaba el regreso al trabajo tras una suspensi\u00f3n de labores. Se instaba a los obreros a terminar con la huelga sin atender ninguna de las demandas. Enfurecidos, atacaron varias instalaciones, entre otras la tienda de raya y varias m\u00e1s de las compa\u00f1\u00edas de la misma localidad.<\/p>\n<\/div>\n<div class=\"col col2\">\n<p>La respuesta fue la intervenci\u00f3n del Ej\u00e9rcito, que dej\u00f3 200 obreros asesinados, 400 prisioneros, 25 soldados muertos, 40 heridos y m\u00e1s de mil 500 despedidos.<\/p>\n<p>Las instalaciones de la f\u00e1brica a\u00fan existen, incluida la enorme y bella mansi\u00f3n donde habitaban los due\u00f1os, que conserva el mobiliario original y funciona como hotel. Aqu\u00ed fue la interesante pl\u00e1tica de Garciadiego.<\/p>\n<p>El resto de las actividades se realizaron en el Poliforum Mier y Pesado, una construcci\u00f3n espectacular del arquitecto Juan Segura, rodeada de jardines y una enorme fuente. Originalmente se construy\u00f3 para albergar una residencia para mujeres de la tercera edad, como una de las tantas obras de asistencia social que realiz\u00f3 la Fundaci\u00f3n Mier y Pesado, cuya historia vale la pena recordar: la familia Pesado fue de las m\u00e1s opulentas y de abolengo de la regi\u00f3n de Orizaba; Isabel, una de las hijas, acrecent\u00f3 la fortuna al casarse en 1868 con Antonio de Mier y Celis, un exitoso empresario de la Ciudad de M\u00e9xico.<\/p>\n<p>La pareja compart\u00eda un alto compromiso filantr\u00f3pico y apoyaban las causas de diversos problemas sociales de M\u00e9xico. La vocaci\u00f3n social y humanitaria de do\u00f1a Isabel se profundiz\u00f3 a ra\u00edz de la muerte de su \u00fanico hijo a unas horas de nacer. Eso la llev\u00f3, tras el fallecimiento de su marido, a legar su gran fortuna para crear la Fundaci\u00f3n Mier y Pesado, que habr\u00eda de dedicarse a proporcionar educaci\u00f3n de excelencia a ni\u00f1os y j\u00f3venes desprotegidos y brindar cuidados con calidez a los adultos mayores.<\/p>\n<p>En 2013 la edificaci\u00f3n fue catalogada como patrimonio cultural del estado de Veracruz; en 2017 la adquiri\u00f3 el ayuntamiento para convertirse en el Poliforum Mier y Pesado, que actualmente es una de las construcciones m\u00e1s emblem\u00e1ticas de Orizaba.<\/p>\n<p>Hay que ir, conocer todas las maravillas que guarda y probar las gordas infladas rellenas de frijol, el chileatole, las garnachas y los pambazos. No deje de probar la cerveza elaborada ah\u00ed mismo y el excelente caf\u00e9 de la zona.<\/p>\n<p class=\"email\">\n<\/div>\n<\/div>\n<div class=\"go gui\">\n<div class=\"go-up\"><\/div>\n<\/div>\n<\/div>\n","protected":false},"excerpt":{"rendered":"<p>Conocimientos y afectos \u00c1ngeles Gonz\u00e1lez Gamio Experiencia muy gratificante\u00a0es un encuentro en el que prevalecen los afectos y se intercambian conocimientos. Eso fue lo que caracteriz\u00f3 el 15 coloquio nacional del Seminario de Cultura Mexicana, que se realiz\u00f3 recientemente en la preciosa ciudad de Orizaba, Veracruz, con el tema de la igualdad. Asistieron la mayor\u00eda [&hellip;]<\/p>\n","protected":false},"author":249,"featured_media":28220,"comment_status":"open","ping_status":"closed","sticky":false,"template":"","format":"standard","meta":{"footnotes":""},"categories":[26],"tags":[],"class_list":["post-28219","post","type-post","status-publish","format-standard","has-post-thumbnail","hentry","category-mundo"],"_links":{"self":[{"href":"https:\/\/eloficiodehistoriar.com.mx\/index.php?rest_route=\/wp\/v2\/posts\/28219","targetHints":{"allow":["GET"]}}],"collection":[{"href":"https:\/\/eloficiodehistoriar.com.mx\/index.php?rest_route=\/wp\/v2\/posts"}],"about":[{"href":"https:\/\/eloficiodehistoriar.com.mx\/index.php?rest_route=\/wp\/v2\/types\/post"}],"author":[{"embeddable":true,"href":"https:\/\/eloficiodehistoriar.com.mx\/index.php?rest_route=\/wp\/v2\/users\/249"}],"replies":[{"embeddable":true,"href":"https:\/\/eloficiodehistoriar.com.mx\/index.php?rest_route=%2Fwp%2Fv2%2Fcomments&post=28219"}],"version-history":[{"count":1,"href":"https:\/\/eloficiodehistoriar.com.mx\/index.php?rest_route=\/wp\/v2\/posts\/28219\/revisions"}],"predecessor-version":[{"id":28221,"href":"https:\/\/eloficiodehistoriar.com.mx\/index.php?rest_route=\/wp\/v2\/posts\/28219\/revisions\/28221"}],"wp:featuredmedia":[{"embeddable":true,"href":"https:\/\/eloficiodehistoriar.com.mx\/index.php?rest_route=\/wp\/v2\/media\/28220"}],"wp:attachment":[{"href":"https:\/\/eloficiodehistoriar.com.mx\/index.php?rest_route=%2Fwp%2Fv2%2Fmedia&parent=28219"}],"wp:term":[{"taxonomy":"category","embeddable":true,"href":"https:\/\/eloficiodehistoriar.com.mx\/index.php?rest_route=%2Fwp%2Fv2%2Fcategories&post=28219"},{"taxonomy":"post_tag","embeddable":true,"href":"https:\/\/eloficiodehistoriar.com.mx\/index.php?rest_route=%2Fwp%2Fv2%2Ftags&post=28219"}],"curies":[{"name":"wp","href":"https:\/\/api.w.org\/{rel}","templated":true}]}}