{"id":28222,"date":"2022-06-26T09:10:43","date_gmt":"2022-06-26T15:10:43","guid":{"rendered":"https:\/\/eloficiodehistoriar.com.mx\/?p=28222"},"modified":"2022-06-26T09:10:43","modified_gmt":"2022-06-26T15:10:43","slug":"llegue-a-mis-74-anos-hace-mucho-que-digo-y-lo-reitero-aqui-que-la-vida-no-me-debe-nada","status":"publish","type":"post","link":"https:\/\/eloficiodehistoriar.com.mx\/?p=28222","title":{"rendered":"Llegu\u00e9 a mis 74 a\u00f1os. Hace mucho que digo, y lo reitero aqu\u00ed, que la vida no me debe nada."},"content":{"rendered":"<div id=\"article-cont\" class=\"main-cont article-cont analysis\">\n<div class=\"cabeza\">A esta altura de mi vida&#8230;<\/div>\n<div class=\"sumarios\"><\/div>\n<div class=\"credito-articulo\">Eric Nepomuceno<\/div>\n<div><\/div>\n<div id=\"article-text\" class=\"text\">\n<div class=\"col col1\">\n<div class=\"inicial\">El pasado mi\u00e9rcoles 22\u00a0de junio llegu\u00e9 a mis 74 a\u00f1os. Hace mucho que digo, y lo reitero aqu\u00ed, que la vida no me debe nada.<\/div>\n<p>He convivido muy de cerca con algunas de las mejores cabezas de mi tiempo. Tuve y tengo amigos y amigas de grandeza especial. Tengo la misma compa\u00f1era desde hace 51 a\u00f1os, cinco meses y ocho d\u00edas, un hijo que me llena de orgullo.<\/p>\n<p>Supe sobrevivir a p\u00e9rdidas infinitas, primero la de mi padre, despu\u00e9s la de amigos y amigas del alma. El vac\u00edo no dejar\u00e1 jam\u00e1s de existir, pero hay que vivir la vida con ese hueco y con la memoria plena de lo que fueron y, de cierta manera, siguen siendo.<\/p>\n<p>En mis tiempos de reportero logr\u00e9 salir ileso de la cobertura de la guerrilla urbana en Argentina (1973-1976) y de guerras civiles en el Sahara y en Centroam\u00e9rica, principalmente en El Salvador (1976-1983).<\/p>\n<p>Pas\u00e9 por dos exilios, primero en Argentina (1973-1976), luego en una Espa\u00f1a que todav\u00eda estaba cargada de la herencia nefasta de Francisco Franco (1976-1979).<\/p>\n<p>Una vida especialmente intensa, que, insisto, no me debe nada, absolutamente nada.<\/p>\n<p>Lo que jam\u00e1s supuse, siquiera en los momentos de m\u00e1s bruma, es que llegar\u00eda a mi edad viendo lo que ocurre en mi pa\u00eds. Jam\u00e1s.<\/p>\n<p>Esa decadencia feroz empez\u00f3, conviene no olvidar, con el golpe institucional que en 2016 alej\u00f3 a Dilma Rousseff de la presidencia e instal\u00f3 en su lugar un ladronzuelo vulgar llamado Michel Temer.<\/p>\n<p>A \u00e9l le debemos el desmonte de la estatal Petrobr\u00e1s y la actual pol\u00edtica de precios, la cual hace que lo producido en reales, la moneda nacional, sea pagado en d\u00f3lares. Y tambi\u00e9n la transformaci\u00f3n de una empresa integrada de petr\u00f3leo en otra, que perdi\u00f3 refiner\u00edas y redes de distribuci\u00f3n.<\/p>\n<p>Entonces vino el sucesor, la m\u00e1s abyecta figura de la historia de la Rep\u00fablica brasile\u00f1a: Jair Bolsonaro. La cat\u00e1strofe se extendi\u00f3 y destroza o amenaza destrozar todo lo que nos tom\u00f3 d\u00e9cadas construir.<\/p>\n<\/div>\n<div class=\"col col2\">\n<p>Por m\u00e1s que yo entienda que a ra\u00edz del golpe militar de 1964, el cual instaur\u00f3 una dictadura feroz que dur\u00f3 21 a\u00f1os, lo primero que se desmantel\u00f3 fue la educaci\u00f3n, creando generaciones de brasile\u00f1os sumergidos en la m\u00e1s profunda ignorancia, todav\u00eda me abruma que Bolsonaro haya sido electo presidente.<\/p>\n<p>Conozco tambi\u00e9n la dimensi\u00f3n del da\u00f1o provocado a Brasil por el trabajo de un juez deshonesto y manipulador, Sergio Moro, que detuvo ilegalmente al ex presidente Lula da Silva, lo que ayud\u00f3 a la victoria de Jair Bolsonaro. Desde un primer momento entend\u00ed que Moro actu\u00f3, para demonizar la pol\u00edtica brasile\u00f1a, con pleno respaldo de los medios oligop\u00f3licos de comunicaci\u00f3n, de parte sustancial de los militares, de los due\u00f1os del dinero. Y que cont\u00f3 con la omisi\u00f3n c\u00f3mplice de los integrantes de la instancia m\u00e1xima de Justicia, el Supremo Tribunal Federal, que tardaron a\u00f1os para llegar a la conclusi\u00f3n obvia: todo el juicio, y la prisi\u00f3n de Lula fueron una farsa, \u00e9ste fue anulado y el ex presidente liberado.<\/p>\n<p>S\u00e9 todo eso, lo entiendo, pero una pregunta sigue sofocando mi alma: \u00bfC\u00f3mo es posible que haya tanta gente que votar\u00eda otra vez por ese esperpento asqueroso, ese aprendiz de fascista?<\/p>\n<p>El Brasil de 2023 ser\u00e1 un mont\u00f3n de polvo, el de la ruina que ser\u00e1 dejada por Bolsonaro. \u00bfPor d\u00f3nde empezar la reconstrucci\u00f3n?<\/p>\n<p>Guardo en el alma una esperanza inoxidable: que tan pronto sea catapultado del sill\u00f3n presidencial y pierda la inmunidad concedida por la ley, Bolsonaro sea directamente conducido a un tribunal para responder por la infinidad de cr\u00edmenes que cometi\u00f3 a lo largo de su inmundo mandato.<\/p>\n<p>Y esa esperanza me ayuda a aguantar lo que falta hasta que ese d\u00eda finalmente llegue.<\/p>\n<p>Que la vida siga sin deberme nada.<\/p>\n<p class=\"email\">\n<\/div>\n<\/div>\n<div class=\"go gui\">\n<div class=\"go-up\"><\/div>\n<\/div>\n<\/div>\n","protected":false},"excerpt":{"rendered":"<p>A esta altura de mi vida&#8230; Eric Nepomuceno El pasado mi\u00e9rcoles 22\u00a0de junio llegu\u00e9 a mis 74 a\u00f1os. Hace mucho que digo, y lo reitero aqu\u00ed, que la vida no me debe nada. He convivido muy de cerca con algunas de las mejores cabezas de mi tiempo. Tuve y tengo amigos y amigas de grandeza [&hellip;]<\/p>\n","protected":false},"author":249,"featured_media":28223,"comment_status":"open","ping_status":"closed","sticky":false,"template":"","format":"standard","meta":{"footnotes":""},"categories":[26],"tags":[],"class_list":["post-28222","post","type-post","status-publish","format-standard","has-post-thumbnail","hentry","category-mundo"],"_links":{"self":[{"href":"https:\/\/eloficiodehistoriar.com.mx\/index.php?rest_route=\/wp\/v2\/posts\/28222","targetHints":{"allow":["GET"]}}],"collection":[{"href":"https:\/\/eloficiodehistoriar.com.mx\/index.php?rest_route=\/wp\/v2\/posts"}],"about":[{"href":"https:\/\/eloficiodehistoriar.com.mx\/index.php?rest_route=\/wp\/v2\/types\/post"}],"author":[{"embeddable":true,"href":"https:\/\/eloficiodehistoriar.com.mx\/index.php?rest_route=\/wp\/v2\/users\/249"}],"replies":[{"embeddable":true,"href":"https:\/\/eloficiodehistoriar.com.mx\/index.php?rest_route=%2Fwp%2Fv2%2Fcomments&post=28222"}],"version-history":[{"count":1,"href":"https:\/\/eloficiodehistoriar.com.mx\/index.php?rest_route=\/wp\/v2\/posts\/28222\/revisions"}],"predecessor-version":[{"id":28224,"href":"https:\/\/eloficiodehistoriar.com.mx\/index.php?rest_route=\/wp\/v2\/posts\/28222\/revisions\/28224"}],"wp:featuredmedia":[{"embeddable":true,"href":"https:\/\/eloficiodehistoriar.com.mx\/index.php?rest_route=\/wp\/v2\/media\/28223"}],"wp:attachment":[{"href":"https:\/\/eloficiodehistoriar.com.mx\/index.php?rest_route=%2Fwp%2Fv2%2Fmedia&parent=28222"}],"wp:term":[{"taxonomy":"category","embeddable":true,"href":"https:\/\/eloficiodehistoriar.com.mx\/index.php?rest_route=%2Fwp%2Fv2%2Fcategories&post=28222"},{"taxonomy":"post_tag","embeddable":true,"href":"https:\/\/eloficiodehistoriar.com.mx\/index.php?rest_route=%2Fwp%2Fv2%2Ftags&post=28222"}],"curies":[{"name":"wp","href":"https:\/\/api.w.org\/{rel}","templated":true}]}}