{"id":28225,"date":"2022-06-26T09:20:13","date_gmt":"2022-06-26T15:20:13","guid":{"rendered":"https:\/\/eloficiodehistoriar.com.mx\/?p=28225"},"modified":"2022-06-26T09:21:20","modified_gmt":"2022-06-26T15:21:20","slug":"28225","status":"publish","type":"post","link":"https:\/\/eloficiodehistoriar.com.mx\/?p=28225","title":{"rendered":"la esclerosis m\u00faltiple. En M\u00e9xico, se estima que hay alrededor de 20 mil pacientes con esclerosis m\u00faltiple"},"content":{"rendered":"<div>\n<h1 class=\"title\">\u00bfSabes qu\u00e9 es la esclerosis m\u00faltiple? Dra. Abigail te explica<\/h1>\n<\/div>\n<h3 class=\"subtitle\">En M\u00e9xico, se estima que hay alrededor de 20 mil pacientes con esclerosis m\u00faltiple<\/h3>\n<div class=\"lead-gallery \">\n<div class=\"teaser owl-carousel owl-theme\">\n<div class=\"owl-wrapper-outer\">\n<div class=\"owl-wrapper\">\n<div class=\"owl-item\">\n<div class=\"img-container picture\">\n<div id=\"standard_1\" class=\"st-placement standard_1 inImage\">\n<div class=\"st-adunit st-reset st-show\">\n<div class=\"st-adunit-ad st-reset\">\n<div class=\"st-display-render st-reset\">\n<div class=\"st-reset\">\n<div class=\"important-styled st-canvas-container open Billboard_970x250 display-standard fssquz2\">\n<div class=\"important-styled st-canvas-el fhxwyqa\">\n<div class=\"important-styled st-canvas-container undefined fssquz2\">\n<div class=\"important-styled st-canvas-el fafobvh\">\n<div class=\"important-styled st-canvas-container undefined fssquz2\">\n<div class=\"important-styled st-canvas-el f1lqmgqa\">\n<div class=\"important-styled f1aojdez\">\n<div class=\"important-styled display-render-wrapper f1aojdez\">La esclerosis m\u00faltiple es una enfermedad del cerebro y la m\u00e9dula espinal que puede provocar discapacidad<\/div>\n<\/div>\n<\/div>\n<\/div>\n<\/div>\n<\/div>\n<\/div>\n<\/div>\n<\/div>\n<\/div>\n<\/div>\n<\/div>\n<\/div>\n<\/div>\n<\/div>\n<\/div>\n<\/div>\n<\/div>\n<\/div>\n<div id=\"affix-share\" class=\"sharing-menu no-affix\">\n<ul>\n<li>Dra. Abigail Bello<\/li>\n<li>Diario de Xalapa<\/li>\n<\/ul>\n<\/div>\n<div class=\"content-body clearfix \">\n<div id=\"content-body-225-8505081\">\n<p>La esclerosis m\u00faltiple es una enfermedad del cerebro y la m\u00e9dula espinal (sistema nervioso central) que puede provocar discapacidad.<\/p>\n<p>Con la esclerosis m\u00faltiple, el sistema inmunitario ataca la vaina protectora (mielina) que recubre las fibras nerviosas y\u00a0<b><a href=\"https:\/\/www.mayoclinic.org\/es-es\/diseases-conditions\/multiple-sclerosis\/symptoms-causes\/syc-20350269#:~:text=La%20esclerosis%20m%C3%BAltiple%20es%20un,que%20tiene%20un%20cable%20el%C3%A9ctrico\" target=\"_blank\" rel=\"Follow noopener\">causa problemas de comunicaci\u00f3n entre el cerebro y el resto del cuerpo<\/a>.<\/b><\/p>\n<\/div>\n<\/div>\n<div class=\"advertisment \">\n<div id=\"dfp-nota-1x3s\" data-google-query-id=\"CJSU2OKzy_gCFQ0RAQodtcUEnA\">\n<div id=\"google_ads_iframe_\/2000002\/diariodexalapa\/mexico_nota_1x3_0__container__\">De acuerdo al <b><a href=\"https:\/\/www.gob.mx\/salud\/prensa\/124-esclerosis-multiple-enfermedad-neurodegenerativa-y-multifactorial\" target=\"_blank\" rel=\"Follow noopener\">informe oficial<\/a><\/b>, en M\u00e9xico, se estima que hay alrededor de 20 mil pacientes con esclerosis m\u00faltiple.<\/div>\n<\/div>\n<\/div>\n<article class=\"content-continued-body clearfix \">\n<div id=\"content-body-5851641-8505081\">\n<ul>\n<li><\/li>\n<\/ul>\n<p>Una persona con esclerosis m\u00faltiple puede ser productiva laboralmente, dependiendo del grado del padecimiento.<\/p>\n<div id=\"standard_12\" class=\"st-placement standard_12 inArticle\"><\/div>\n<h2>\u00bfCu\u00e1les son los s\u00edntomas?<\/h2>\n<p>Los signos y s\u00edntomas de la esclerosis m\u00faltiple pueden ser muy distintos de una persona a otra y durante el transcurso de la enfermedad, seg\u00fan la ubicaci\u00f3n de las fibras nerviosas afectadas.<\/p>\n<article class=\"doble-via_salud media col-md-4 inline-story \">\n<div class=\"teaser \">\n<h4 class=\"title \"><b>Los s\u00edntomas con frecuencia son:<\/b><\/h4>\n<\/div>\n<\/article>\n<ul>\n<li><i>Entumecimiento, hormigueo o debilidad en una o m\u00e1s extremidades; que se produce t\u00edpicamente en un lado del cuerpo a la vez, o en las piernas y el tronco: brazos y manos.<\/i><\/li>\n<li><i>Sensaciones de choques el\u00e9ctricos que se producen con ciertos movimientos del cuello, en especial, al inclinarlo hacia adelante.<\/i><\/li>\n<li><i>Temblores, falta de coordinaci\u00f3n o marcha inestable.<\/i><\/li>\n<li><i>Hablar arrastrando las palabras.<\/i><\/li>\n<li><i>Fatiga.<\/i><\/li>\n<li><i>Mareos.<\/i><\/li>\n<li><i>Hormigueo o dolor en distintas partes del cuerpo.<\/i><\/li>\n<li><i>Problemas con la funci\u00f3n sexual, los intestinos y la vejiga.<\/i><\/li>\n<li><i>Dificultad para caminar.<\/i><\/li>\n<li><i>P\u00e9rdida del equilibro.<\/i><\/li>\n<li><i>Los problemas de visi\u00f3n tambi\u00e9n son frecuentes, incluidos:<\/i><\/li>\n<li><i>P\u00e9rdida de visi\u00f3n parcial o completa, por lo general en un ojo a la vez, a menudo con dolor al mover el ojo.<\/i><\/li>\n<li><i>Dificultad para percibir los colores.<\/i><\/li>\n<li><i>Visi\u00f3n doble prolongada.<\/i><\/li>\n<li><i>Visi\u00f3n borrosa.<\/i><\/li>\n<\/ul>\n<h2>\u00bfCu\u00e1l es el tratamiento que se debe llevar?<\/h2>\n<p>La esclerosis m\u00faltiple no tiene cura. No obstante, algunos tratamientos ayudan a acelerar la recuperaci\u00f3n de los ataques, cambiar el curso de la enfermedad y controlar los s\u00edntomas.<\/p>\n<ul>\n<li><\/li>\n<\/ul>\n<p>El especialista que trata la esclerosis m\u00faltiple es el neur\u00f3logo.<\/p>\n<p>La Dra.\u00a0<b>Abigail Bello<\/b>\u00a0invita a ver el programa\u00a0<i>\u2018Especialistas M\u00e9dicos al Cuidado de su Salud<\/i>\u2019; el pr\u00f3ximo viernes, a las 20 horas, nos acompa\u00f1ar\u00e1 el especialista en cirug\u00eda y urolog\u00eda pedi\u00e1trica, doctor\u00a0<b>Daniel A. Chan V\u00e1zquez<\/b>, con el tema: \u2018El dolor abdominal en los ni\u00f1os\u2019.<\/p>\n<p><b>Lo transmitiremos por Facebook: Especialistas M\u00e9dicos al Cuidado de su Salud<\/b>.<\/p>\n<\/div>\n<\/article>\n","protected":false},"excerpt":{"rendered":"<p>\u00bfSabes qu\u00e9 es la esclerosis m\u00faltiple? Dra. Abigail te explica En M\u00e9xico, se estima que hay alrededor de 20 mil pacientes con esclerosis m\u00faltiple La esclerosis m\u00faltiple es una enfermedad del cerebro y la m\u00e9dula espinal que puede provocar discapacidad Dra. Abigail Bello Diario de Xalapa La esclerosis m\u00faltiple es una enfermedad del cerebro y [&hellip;]<\/p>\n","protected":false},"author":249,"featured_media":28226,"comment_status":"open","ping_status":"closed","sticky":false,"template":"","format":"standard","meta":{"footnotes":""},"categories":[26],"tags":[],"class_list":["post-28225","post","type-post","status-publish","format-standard","has-post-thumbnail","hentry","category-mundo"],"_links":{"self":[{"href":"https:\/\/eloficiodehistoriar.com.mx\/index.php?rest_route=\/wp\/v2\/posts\/28225","targetHints":{"allow":["GET"]}}],"collection":[{"href":"https:\/\/eloficiodehistoriar.com.mx\/index.php?rest_route=\/wp\/v2\/posts"}],"about":[{"href":"https:\/\/eloficiodehistoriar.com.mx\/index.php?rest_route=\/wp\/v2\/types\/post"}],"author":[{"embeddable":true,"href":"https:\/\/eloficiodehistoriar.com.mx\/index.php?rest_route=\/wp\/v2\/users\/249"}],"replies":[{"embeddable":true,"href":"https:\/\/eloficiodehistoriar.com.mx\/index.php?rest_route=%2Fwp%2Fv2%2Fcomments&post=28225"}],"version-history":[{"count":3,"href":"https:\/\/eloficiodehistoriar.com.mx\/index.php?rest_route=\/wp\/v2\/posts\/28225\/revisions"}],"predecessor-version":[{"id":28229,"href":"https:\/\/eloficiodehistoriar.com.mx\/index.php?rest_route=\/wp\/v2\/posts\/28225\/revisions\/28229"}],"wp:featuredmedia":[{"embeddable":true,"href":"https:\/\/eloficiodehistoriar.com.mx\/index.php?rest_route=\/wp\/v2\/media\/28226"}],"wp:attachment":[{"href":"https:\/\/eloficiodehistoriar.com.mx\/index.php?rest_route=%2Fwp%2Fv2%2Fmedia&parent=28225"}],"wp:term":[{"taxonomy":"category","embeddable":true,"href":"https:\/\/eloficiodehistoriar.com.mx\/index.php?rest_route=%2Fwp%2Fv2%2Fcategories&post=28225"},{"taxonomy":"post_tag","embeddable":true,"href":"https:\/\/eloficiodehistoriar.com.mx\/index.php?rest_route=%2Fwp%2Fv2%2Ftags&post=28225"}],"curies":[{"name":"wp","href":"https:\/\/api.w.org\/{rel}","templated":true}]}}