{"id":28244,"date":"2022-06-27T10:10:02","date_gmt":"2022-06-27T16:10:02","guid":{"rendered":"https:\/\/eloficiodehistoriar.com.mx\/?p=28244"},"modified":"2022-06-27T10:10:02","modified_gmt":"2022-06-27T16:10:02","slug":"el-papel-de-las-editoras-de-libros-ha-cambiado-significativamente","status":"publish","type":"post","link":"https:\/\/eloficiodehistoriar.com.mx\/?p=28244","title":{"rendered":"El papel de las editoras de libros ha cambiado significativamente"},"content":{"rendered":"<div>\n<h1 class=\"title\">Pasi\u00f3n, esfuerzo y compromiso, necesarios para ser editora de libros<\/h1>\n<\/div>\n<h3 class=\"subtitle\">Participan expertas en la \u201cMesa Virtual de Editoras Universitarias\u201d<\/h3>\n<div class=\"lead-gallery \">\n<div class=\"teaser  owl-carousel owl-theme\">\n<div class=\"owl-wrapper-outer\">\n<div class=\"owl-wrapper\">\n<div class=\"owl-item\">\n<div class=\"img-container picture\">\n<div id=\"standard_1\" class=\"st-placement standard_1 inImage\">\n<div class=\"st-adunit st-reset st-show\">\n<div class=\"st-adunit-ad st-reset\">\n<div class=\"st-display-render st-reset\">\n<div class=\"st-reset\">\n<div class=\"important-styled st-canvas-container open Billboard_970x250 display-standard fssquz2\">\n<div class=\"important-styled st-canvas-el fhxwyqa\">\n<div class=\"important-styled st-canvas-container undefined fssquz2\">\n<div class=\"important-styled st-canvas-el fafobvh\">\n<div class=\"important-styled st-canvas-container undefined fssquz2\">\n<div class=\"important-styled st-canvas-el f1lqmgqa\">\n<div class=\"important-styled f1aojdez\">\n<div class=\"important-styled display-render-wrapper f1aojdez\">Magda Cabrera, Ang\u00e9lica Guerra y Andrea Leticia Campos<\/div>\n<\/div>\n<\/div>\n<\/div>\n<\/div>\n<\/div>\n<\/div>\n<\/div>\n<\/div>\n<\/div>\n<\/div>\n<\/div>\n<\/div>\n<\/div>\n<\/div>\n<\/div>\n<\/div>\n<\/div>\n<\/div>\n<div id=\"affix-share\" class=\"sharing-menu affix\">\n<ul>\n<li>Maribel S\u00e1nchez<\/li>\n<li>Diario de Xalapa<\/li>\n<\/ul>\n<\/div>\n<div class=\"content-body clearfix \">\n<div id=\"content-body-225-8508292\">\n<p><i>De las d\u00e9cadas de los 80 y 90 del siglo pasado a 2022,\u00a0<b>el papel de las editoras de libros ha cambiado significativamente.\u00a0<\/b>Ahora, adem\u00e1s del cuidado de la edici\u00f3n buscan una mayor cercan\u00eda con el autor, organizan presentaciones de libros y hasta participan en las mesas de di\u00e1logo. S<b>e desempe\u00f1an como gestoras y promotoras, coinciden profesionales de la Universidad Veracruzana.<\/b><\/i><\/p>\n<p>En la actividad<b>\u00a0\u201cMesa Virtual de Editoras Universitarias\u201d,\u00a0<\/b>tres licenciadas en Letras ahondaron en una labor que, consideran,\u00a0<b>requiere pasi\u00f3n, esfuerzo y un gran compromiso<\/b>, s\u00ed con ellas pero m\u00e1s con el libro, \u201cporque es el protagonista\u201d.<\/p>\n<\/div>\n<\/div>\n<div class=\"advertisment \">\n<div id=\"dfp-nota-1x3s\" data-google-query-id=\"CM67iaiAzvgCFdFqAQodGlQENQ\">\n<div id=\"google_ads_iframe_\/2000002\/diariodexalapa\/mexico_nota_1x3_0__container__\"><i>Magda Cabrera Hern\u00e1ndez, Ang\u00e9lica Guerra Dauz\u00f3n y Andrea Leticia Ram\u00edrez Campos, moderadas por Alma Espinosa Arroyo, perciben en esta labor, contrario a otras \u00e1reas, una mayor presencia de mujeres que de hombres. <\/i>Magda Cabrera, quien\u00a0<b>cuenta con una trayectoria de 40 a\u00f1os<\/b>, cree que se debe a que las mujeres tienden a ser m\u00e1s detallistas, pacientes, dedicadas y comprometidas.\u00a0<b>\u201cSobre todo pacientes, pues hay p\u00e1rrafos que lees no una sino hasta diez veces, hasta encontrar la mejor manera de que sea entendido por cualquier lector\u201d.<\/b><\/div>\n<\/div>\n<\/div>\n<article class=\"content-continued-body clearfix \">\n<div id=\"content-body-5851641-8508292\">\n<p>A pesar de lo observado, las editoras lamentan que\u00a0<b>en los puestos directivos a\u00fan falte mucho camino por andar.<\/b>\u00a0En el caso de la Editorial de la Universidad Veracruzana, solo la escritora e investigadora Celia del Palacio ha ocupado ese puesto \u2014aclaran no es exclusivo de este sello sino una constante en todo el pa\u00eds\u2014.<\/p>\n<p><i>Al hacer un recuento de c\u00f3mo ha evolucionado el trabajo de las personas dedicadas a la edici\u00f3n, hablaron de su incursi\u00f3n en un mundo en el cual les toc\u00f3 corregir y hacer marcas en rollos de papel de 15 cent\u00edmetros de ancho por varios metros de largo.<\/i><\/p>\n<p>Ellas ten\u00edan una formaci\u00f3n acad\u00e9mica pero que no las preparaba para la edici\u00f3n;\u00a0<b>aprend\u00edan con la pr\u00e1ctica y en trabajo colaborativo. A<\/b>nte estas experiencias, celebran hayan llegado cursos y talleres, y ahora, en la Facultad de Letras Espa\u00f1olas de la UV, ya haya una profesionalizaci\u00f3n.<\/p>\n<ul>\n<li><\/li>\n<\/ul>\n<p><b>Para las tres editoras, su trabajo es un privilegio, porque adem\u00e1s de percibir un salario adquieren conocimiento. Contribuir en el proceso de hacer un libro\u00a0<\/b>\u2014dicen\u2014<b>\u00a0es ponerle alas a su labor, pues puede llegar a lugares insospechados.<\/b><\/p>\n<\/div>\n<\/article>\n","protected":false},"excerpt":{"rendered":"<p>Pasi\u00f3n, esfuerzo y compromiso, necesarios para ser editora de libros Participan expertas en la \u201cMesa Virtual de Editoras Universitarias\u201d Magda Cabrera, Ang\u00e9lica Guerra y Andrea Leticia Campos Maribel S\u00e1nchez Diario de Xalapa De las d\u00e9cadas de los 80 y 90 del siglo pasado a 2022,\u00a0el papel de las editoras de libros ha cambiado significativamente.\u00a0Ahora, adem\u00e1s [&hellip;]<\/p>\n","protected":false},"author":249,"featured_media":28245,"comment_status":"open","ping_status":"closed","sticky":false,"template":"","format":"standard","meta":{"footnotes":""},"categories":[26],"tags":[],"class_list":["post-28244","post","type-post","status-publish","format-standard","has-post-thumbnail","hentry","category-mundo"],"_links":{"self":[{"href":"https:\/\/eloficiodehistoriar.com.mx\/index.php?rest_route=\/wp\/v2\/posts\/28244","targetHints":{"allow":["GET"]}}],"collection":[{"href":"https:\/\/eloficiodehistoriar.com.mx\/index.php?rest_route=\/wp\/v2\/posts"}],"about":[{"href":"https:\/\/eloficiodehistoriar.com.mx\/index.php?rest_route=\/wp\/v2\/types\/post"}],"author":[{"embeddable":true,"href":"https:\/\/eloficiodehistoriar.com.mx\/index.php?rest_route=\/wp\/v2\/users\/249"}],"replies":[{"embeddable":true,"href":"https:\/\/eloficiodehistoriar.com.mx\/index.php?rest_route=%2Fwp%2Fv2%2Fcomments&post=28244"}],"version-history":[{"count":1,"href":"https:\/\/eloficiodehistoriar.com.mx\/index.php?rest_route=\/wp\/v2\/posts\/28244\/revisions"}],"predecessor-version":[{"id":28246,"href":"https:\/\/eloficiodehistoriar.com.mx\/index.php?rest_route=\/wp\/v2\/posts\/28244\/revisions\/28246"}],"wp:featuredmedia":[{"embeddable":true,"href":"https:\/\/eloficiodehistoriar.com.mx\/index.php?rest_route=\/wp\/v2\/media\/28245"}],"wp:attachment":[{"href":"https:\/\/eloficiodehistoriar.com.mx\/index.php?rest_route=%2Fwp%2Fv2%2Fmedia&parent=28244"}],"wp:term":[{"taxonomy":"category","embeddable":true,"href":"https:\/\/eloficiodehistoriar.com.mx\/index.php?rest_route=%2Fwp%2Fv2%2Fcategories&post=28244"},{"taxonomy":"post_tag","embeddable":true,"href":"https:\/\/eloficiodehistoriar.com.mx\/index.php?rest_route=%2Fwp%2Fv2%2Ftags&post=28244"}],"curies":[{"name":"wp","href":"https:\/\/api.w.org\/{rel}","templated":true}]}}