{"id":28248,"date":"2022-06-28T09:26:18","date_gmt":"2022-06-28T15:26:18","guid":{"rendered":"https:\/\/eloficiodehistoriar.com.mx\/?p=28248"},"modified":"2022-06-28T09:26:18","modified_gmt":"2022-06-28T15:26:18","slug":"el-presidente-lopez-obrador-informo-que-habia-50-migrantes-asfixiados-en-texas","status":"publish","type":"post","link":"https:\/\/eloficiodehistoriar.com.mx\/?p=28248","title":{"rendered":"El presidente L\u00f3pez Obrador inform\u00f3 que hab\u00eda 50 migrantes asfixiados en Texas"},"content":{"rendered":"<h2 id=\"article-title-tts\" class=\"title title-default\">Entre las v\u00edctimas, 22 mexicanos, 7 guatemaltecos, 2 hondure\u00f1os: AMLO<\/h2>\n<div class=\"article-info\"><a class=\"author\" href=\"https:\/\/www.jornada.com.mx\/author\/alonso-urrutia-y-emir-olivares.html\">Alonso Urrutia y Emir Olivares<\/a><\/div>\n<div class=\"article-info\">.<\/div>\n<div class=\"foto-pie\">La polic\u00eda resguarda el \u00e1rea en la que fue hallado un tr\u00e1iler con 50 migrantes muertos, en una carretera secundaria cercana a San Antonio, Texas, el 27 de junio de 2022.<\/div>\n<div><\/div>\n<div><em>Ciudad de M\u00e9xico.<\/em><\/div>\n<div>El presidente Andr\u00e9s Manuel L\u00f3pez Obrador inform\u00f3 hoy que en total hab\u00eda 50 migrantes que murieron asfixiados en el tr\u00e1iler hallado el lunes en Texas, entre ellos 22 mexicanos, 7 guatemaltecos y 2 hondure\u00f1os.<\/div>\n<div class=\"article-row\">\n<div class=\"article-main\">\n<div class=\"row\">\n<div id=\"article-content-tts\" class=\"article-content ljn-nota-contenido\">\n<div id=\"content_nitf\">\n<div class=\"teads-inread\">\n<div class=\"teads-ui-components-adchoices\"><\/div>\n<div id=\"teads0\" class=\"teads-player\">El resto a\u00fan falta por identificar, se\u00f1al\u00f3 el mandatario, al iniciar la conferencia matutina del martes.<\/div>\n<\/div>\n<p>Inform\u00f3 que su reuni\u00f3n con el presidente Joe Biden, en Washington, ser\u00e1 el 12 de julio, con la migraci\u00f3n como tema \u00abcentral\u00bb, como lo demuestra \u00abesta amarga prueba\u00bb.<\/p>\n<p>Durante su conferencia de prensa, ofreci\u00f3 su p\u00e9same a los familiares de los migrantes fallecidos y anunci\u00f3 que su gobierno apoyar\u00e1 el traslado de los cuerpos a M\u00e9xico, al tiempo que colaborar\u00e1 en las investigaciones con las autoridades competentes de Estados Unidos,<\/p>\n<p>\u00abEs un tema b\u00e1sico a tratar (con Biden)\u00bb, dijo el presidente. \u00abLo hemos venido planteando. Pero hace falta, y esta es una amarga prueba, de que hay que seguir insistiendo en apoyar a la gente para que no tenga necesidad de abandonar sus pueblos para irse a buscar la vida del otro lado de la frontera\u00bb.<\/p>\n<p>Consider\u00f3 que estos hechos lamentables tienen que ver con la situaci\u00f3n de pobreza, \u00abde desesperaci\u00f3n de hermanos centroamericanos, de mexicanos. Suceden porque tambi\u00e9n hay tr\u00e1fico de personas, y falta de controles, en este caso en la frontera de Mdxico con Estados Unidos y al interior de Estados Unidos\u00bb.<\/p>\n<div class=\"teads-inread\">\n<div id=\"teads1\" class=\"teads-player\">El canciller Marcelo Ebrard escribi\u00f3 en su cuenta de Twitter que \u00abestamos de luto, tragedia enorme\u00bb. Agreg\u00f3 que M\u00e9xico participa en las investigaciones en coordinaci\u00f3n con el Departamento de Seguridad Interna de Estados Unidos.<\/div>\n<\/div>\n<\/div>\n<\/div>\n<\/div>\n<div class=\"row\">\n<div id=\"b_bloque_videoi_01\" class=\"loadOnScroll active\">\n<div id=\"publi-1x1-videoi\" class=\"ad-content\" data-google-query-id=\"CLihkoK50PgCFcVZAQod3PMNCg\">\n<div id=\"google_ads_iframe_\/70932171\/Videointelligence_1x1_0__container__\"><iframe id=\"google_ads_iframe_\/70932171\/Videointelligence_1x1_0\" tabindex=\"0\" title=\"3rd party ad content\" role=\"region\" name=\"google_ads_iframe_\/70932171\/Videointelligence_1x1_0\" width=\"1\" height=\"1\" frameborder=\"0\" marginwidth=\"0\" marginheight=\"0\" scrolling=\"no\" aria-label=\"Advertisement\" data-google-container-id=\"c\" data-load-complete=\"true\" data-mce-fragment=\"1\"><\/iframe><\/div>\n<\/div>\n<\/div>\n<\/div>\n<\/div>\n<\/div>\n","protected":false},"excerpt":{"rendered":"<p>Entre las v\u00edctimas, 22 mexicanos, 7 guatemaltecos, 2 hondure\u00f1os: AMLO Alonso Urrutia y Emir Olivares . La polic\u00eda resguarda el \u00e1rea en la que fue hallado un tr\u00e1iler con 50 migrantes muertos, en una carretera secundaria cercana a San Antonio, Texas, el 27 de junio de 2022. Ciudad de M\u00e9xico. El presidente Andr\u00e9s Manuel L\u00f3pez [&hellip;]<\/p>\n","protected":false},"author":249,"featured_media":28249,"comment_status":"open","ping_status":"closed","sticky":false,"template":"","format":"standard","meta":{"footnotes":""},"categories":[26],"tags":[],"class_list":["post-28248","post","type-post","status-publish","format-standard","has-post-thumbnail","hentry","category-mundo"],"_links":{"self":[{"href":"https:\/\/eloficiodehistoriar.com.mx\/index.php?rest_route=\/wp\/v2\/posts\/28248","targetHints":{"allow":["GET"]}}],"collection":[{"href":"https:\/\/eloficiodehistoriar.com.mx\/index.php?rest_route=\/wp\/v2\/posts"}],"about":[{"href":"https:\/\/eloficiodehistoriar.com.mx\/index.php?rest_route=\/wp\/v2\/types\/post"}],"author":[{"embeddable":true,"href":"https:\/\/eloficiodehistoriar.com.mx\/index.php?rest_route=\/wp\/v2\/users\/249"}],"replies":[{"embeddable":true,"href":"https:\/\/eloficiodehistoriar.com.mx\/index.php?rest_route=%2Fwp%2Fv2%2Fcomments&post=28248"}],"version-history":[{"count":1,"href":"https:\/\/eloficiodehistoriar.com.mx\/index.php?rest_route=\/wp\/v2\/posts\/28248\/revisions"}],"predecessor-version":[{"id":28250,"href":"https:\/\/eloficiodehistoriar.com.mx\/index.php?rest_route=\/wp\/v2\/posts\/28248\/revisions\/28250"}],"wp:featuredmedia":[{"embeddable":true,"href":"https:\/\/eloficiodehistoriar.com.mx\/index.php?rest_route=\/wp\/v2\/media\/28249"}],"wp:attachment":[{"href":"https:\/\/eloficiodehistoriar.com.mx\/index.php?rest_route=%2Fwp%2Fv2%2Fmedia&parent=28248"}],"wp:term":[{"taxonomy":"category","embeddable":true,"href":"https:\/\/eloficiodehistoriar.com.mx\/index.php?rest_route=%2Fwp%2Fv2%2Fcategories&post=28248"},{"taxonomy":"post_tag","embeddable":true,"href":"https:\/\/eloficiodehistoriar.com.mx\/index.php?rest_route=%2Fwp%2Fv2%2Ftags&post=28248"}],"curies":[{"name":"wp","href":"https:\/\/api.w.org\/{rel}","templated":true}]}}