{"id":28251,"date":"2022-06-28T09:38:42","date_gmt":"2022-06-28T15:38:42","guid":{"rendered":"https:\/\/eloficiodehistoriar.com.mx\/?p=28251"},"modified":"2022-06-28T09:38:42","modified_gmt":"2022-06-28T15:38:42","slug":"lopez-obrador-se-juega-su-caracter-historico-en-la-medida-en-no-pacificar-al-pais-dice-mario-patron-rector","status":"publish","type":"post","link":"https:\/\/eloficiodehistoriar.com.mx\/?p=28251","title":{"rendered":"L\u00f3pez Obrador \u201cse juega su car\u00e1cter hist\u00f3rico\u201d en la medida en no pacificar al pa\u00eds dice Mario Patr\u00f3n, rector"},"content":{"rendered":"<h2 id=\"article-title-tts\" class=\"title title-default\">Falta explicaci\u00f3n clara del asesinato de jesuitas: rector de la UIA Puebla<\/h2>\n<div class=\"article-info\"><a class=\"author\" href=\"https:\/\/www.jornada.com.mx\/author\/arturo-sanchez-jimenez.html\">Arturo S\u00e1nchez Jim\u00e9nez<\/a>.<\/div>\n<div id=\"article-content-images\" class=\"content-items-media\"><\/div>\n<div class=\"foto-pie\">Los jesuitas Javier Campos Morales y Joaqu\u00edn Mora Salazar fueron sepultados ayer por la tarde en el atrio de la parroquia San Francisco Javier, en Cerocahui, donde fueron asesinados.<\/div>\n<div><\/div>\n<div class=\"article-row\">\n<div class=\"social-links right\">\n<div id=\"content-sintesis-audio\" class=\"sintesis-audio\">\n<div class=\"speak-cont btn-group\">\n<form><em>Ciudad de M\u00e9xico.<\/em><\/p>\n<p>En los dos a\u00f1os y medio que le quedan al sexenio, el gobierno de Andr\u00e9s Manuel L\u00f3pez Obrador \u201cse juega su car\u00e1cter hist\u00f3rico\u201d en la medida en que logre o no pacificar al pa\u00eds y reformar las instituciones de justicia, de acuerdo con Mario Patr\u00f3n, rector de la Universidad Iberoamericana de Puebla.<\/p>\n<\/form>\n<\/div>\n<\/div>\n<\/div>\n<div class=\"article-main\">\n<div class=\"row\">\n<div id=\"article-content-tts\" class=\"article-content ljn-nota-contenido\">\n<div id=\"content_nitf\">\n<p>Patr\u00f3n, quien lleva m\u00e1s de 20 a\u00f1os vinculado a los jesuitas y que entre 2014 y 2019 dirigi\u00f3 una de las obras sociales m\u00e1s importantes de la Compa\u00f1\u00eda de Jes\u00fas en M\u00e9xico, el Centro de Derechos Humanos Miguel Agust\u00edn Pro Ju\u00e1rez, asegura en entrevista que los asesinatos de los misioneros jesuitas Javier Campos Morales y Joaqu\u00edn Mora Salazar \u2013masacrados el 20 de junio junto con el gu\u00eda tur\u00edstico Pedro Palma por sicarios en el templo de Cerocahui, Chihuahua\u2013 dan cuenta de que hay regiones del pa\u00eds \u201cperdidas bajo un fen\u00f3meno de macrocriminalidad\u201d, por lo que se requiere replantear la estrategia gubernamental para atenderla.<\/p>\n<p>Es momento, afirma el maestro en derechos humanos y democracia por la Facultad Latinoamericana de Ciencias Sociales, de que el gobierno pase \u201cde las narrativas a los hechos, y es ah\u00ed donde no vemos avances\u201d.<\/p>\n<p>Para Patr\u00f3n no s\u00f3lo est\u00e1 pendiente la aprehensi\u00f3n del responsable de los asesinatos y la localizaci\u00f3n de dos personas m\u00e1s que se encuentran desaparecidas, sino que hace falta \u201cuna explicaci\u00f3n plausible sobre lo que sucedi\u00f3\u201d por parte de las autoridades.<\/p>\n<p>Adem\u00e1s, asevera, \u201cno tenemos conocimiento de la existencia de una investigaci\u00f3n de gran calado que nos ayude a explicar cu\u00e1l es el andamiaje estructural que ha permitido que el crimen organizado se apodere del poder real, armado, pol\u00edtico y econ\u00f3mico en esta regi\u00f3n\u201d.<\/p>\n<p>El rector plantea que se requiere un plan regional de pacificaci\u00f3n de la Tarahumara, que se genere a partir de un proceso de di\u00e1logo y social con las comunidades, pero tambi\u00e9n una nueva \u201cestrategia de control del crimen organizado en donde la institucionalidad del Estado no existe o est\u00e1\u00a0<em>cooptada<\/em>, corrompida y amenazada\u201d.<\/p>\n<p>Y es que, subraya, \u201cen diciembre de 2006, cuando Felipe Calder\u00f3n era presidente, declar\u00f3 una guerra al crimen organizado cuando los \u00edndices de homicidios dolosos del pa\u00eds nos hablaban de un M\u00e9xico enteramente pac\u00edfico en comparaci\u00f3n al de hoy. Esa pol\u00edtica de militarizaci\u00f3n de la seguridad p\u00fablica la sigui\u00f3 Enrique Pe\u00f1a Nieto y hoy tenemos una muy parecida, pero bajo el nombre de la Guardia Nacional, que\u00a0<em>de facto<\/em>\u00a0es una instituci\u00f3n militar.<\/p>\n<p>\u201cEn 16 a\u00f1os no se ha logrado la pacificaci\u00f3n de M\u00e9xico\u201d, enfatiza. Por eso \u201ccreemos que es momento de generar nuevos diagn\u00f3sticos y planteamientos. No es un problema exclusivo del gobierno actual, pero estamos ya a la mitad del sexenio y no se ha logrado pacificar al pa\u00eds ni vemos que los \u00edndices de impunidad bajen, van de 95 a 99 por ciento\u201d.<\/p>\n<p>Si bien la Compa\u00f1\u00eda de Jes\u00fas ha sido clara respecto a que la vida de un jesuita no vale m\u00e1s que la vida de una ciudadana o un ciudadano, el mensaje que dejan los asesinatos de los sacerdotes \u201ces devastador, porque en realidad (los sicarios) est\u00e1n acribillando a quien acompa\u00f1a al pueblo\u201d.<\/p>\n<p>Replantear la estrategia frente al crimen organizado es necesario para \u201cdar condiciones de trabajo, seguridad y sobrevivencia a las comunidades, en primer t\u00e9rmino, y en segundo lugar a las y los religiosos que desarrollan un trabajo generoso y admirable, pues son quienes suplen a la institucionalidad del Estado\u201d en zonas donde \u00e9ste est\u00e1 ausente.<\/p>\n<\/div>\n<\/div>\n<\/div>\n<\/div>\n<\/div>\n","protected":false},"excerpt":{"rendered":"<p>Falta explicaci\u00f3n clara del asesinato de jesuitas: rector de la UIA Puebla Arturo S\u00e1nchez Jim\u00e9nez. Los jesuitas Javier Campos Morales y Joaqu\u00edn Mora Salazar fueron sepultados ayer por la tarde en el atrio de la parroquia San Francisco Javier, en Cerocahui, donde fueron asesinados. Ciudad de M\u00e9xico. En los dos a\u00f1os y medio que le [&hellip;]<\/p>\n","protected":false},"author":249,"featured_media":28252,"comment_status":"open","ping_status":"closed","sticky":false,"template":"","format":"standard","meta":{"footnotes":""},"categories":[26],"tags":[],"class_list":["post-28251","post","type-post","status-publish","format-standard","has-post-thumbnail","hentry","category-mundo"],"_links":{"self":[{"href":"https:\/\/eloficiodehistoriar.com.mx\/index.php?rest_route=\/wp\/v2\/posts\/28251","targetHints":{"allow":["GET"]}}],"collection":[{"href":"https:\/\/eloficiodehistoriar.com.mx\/index.php?rest_route=\/wp\/v2\/posts"}],"about":[{"href":"https:\/\/eloficiodehistoriar.com.mx\/index.php?rest_route=\/wp\/v2\/types\/post"}],"author":[{"embeddable":true,"href":"https:\/\/eloficiodehistoriar.com.mx\/index.php?rest_route=\/wp\/v2\/users\/249"}],"replies":[{"embeddable":true,"href":"https:\/\/eloficiodehistoriar.com.mx\/index.php?rest_route=%2Fwp%2Fv2%2Fcomments&post=28251"}],"version-history":[{"count":1,"href":"https:\/\/eloficiodehistoriar.com.mx\/index.php?rest_route=\/wp\/v2\/posts\/28251\/revisions"}],"predecessor-version":[{"id":28253,"href":"https:\/\/eloficiodehistoriar.com.mx\/index.php?rest_route=\/wp\/v2\/posts\/28251\/revisions\/28253"}],"wp:featuredmedia":[{"embeddable":true,"href":"https:\/\/eloficiodehistoriar.com.mx\/index.php?rest_route=\/wp\/v2\/media\/28252"}],"wp:attachment":[{"href":"https:\/\/eloficiodehistoriar.com.mx\/index.php?rest_route=%2Fwp%2Fv2%2Fmedia&parent=28251"}],"wp:term":[{"taxonomy":"category","embeddable":true,"href":"https:\/\/eloficiodehistoriar.com.mx\/index.php?rest_route=%2Fwp%2Fv2%2Fcategories&post=28251"},{"taxonomy":"post_tag","embeddable":true,"href":"https:\/\/eloficiodehistoriar.com.mx\/index.php?rest_route=%2Fwp%2Fv2%2Ftags&post=28251"}],"curies":[{"name":"wp","href":"https:\/\/api.w.org\/{rel}","templated":true}]}}