{"id":28254,"date":"2022-06-28T09:50:28","date_gmt":"2022-06-28T15:50:28","guid":{"rendered":"https:\/\/eloficiodehistoriar.com.mx\/?p=28254"},"modified":"2022-06-28T09:50:28","modified_gmt":"2022-06-28T15:50:28","slug":"los-sacerdotes-jesuitas-fueron-sepultados-con-un-ritual-cristiano-y-raramuri-en-cerocahu","status":"publish","type":"post","link":"https:\/\/eloficiodehistoriar.com.mx\/?p=28254","title":{"rendered":"Los sacerdotes jesuitas fueron sepultados con un ritual cristiano y rar\u00e1muri en Cerocahu"},"content":{"rendered":"<div id=\"article-cont\" class=\"main-cont article-cont actuality\">\n<div class=\"cabeza\">Para pacificar al pa\u00eds, jesuitas llaman a dejar de lado los intereses de grupo<\/div>\n<div class=\"sumarios\"><\/div>\n<div id=\"article-text\" class=\"text\">\n<div class=\"col col1\">\n<div class=\"credito-autor\">Jes\u00fas Estrada y Rub\u00e9n Villalpando<\/div>\n<div class=\"credito-titulo\"><\/div>\n<div class=\"hemero\">La Jornada<\/p>\n<\/div>\n<p class=\"s-s\">Chihuahua, Chih.,<\/p>\n<p class=\"s-s\">Los cuerpos de los sacerdotes jesuitas Javier Campos Morales y Joaqu\u00edn Mora Salazar fueron sepultados ayer, con un ritual cristiano y una ceremonia tradicional rar\u00e1muri, en el atrio de la parroquia San Francisco Javier, en la comunidad serrana de Cerocahui.<\/p>\n<p>Los cl\u00e9rigos fueron asesinados el 20 de junio en ese mismo templo \u2013donde ejercieron su ministerio pastoral durante d\u00e9cadas\u2013 por Jos\u00e9 Noriel Portillo Gil,\u00a0<em>El Chueco<\/em>, jefe de una c\u00e9lula de sicarios y traficantes de droga al servicio de\u00a0<em>Los Salazar<\/em>, grupo delictivo que forma parte del c\u00e1rtel de Sinaloa.<\/p>\n<p>Los funerales de los padres\u00a0<em>Gallo<\/em>\u00a0y\u00a0<em>Morita<\/em>, llamados as\u00ed por la grey cat\u00f3lica de Cerocahui, se realizaron entre llanto y aplausos, y concluyeron con la inhumaci\u00f3n y una misa de cuerpo presente que ofici\u00f3 el obispo de la Di\u00f3cesis Tarahumara, Juan Manuel Gonz\u00e1lez Sandoval, acompa\u00f1ado de Luis Gerardo Moro Madrid, provincial de la Compa\u00f1\u00eda de Jes\u00fas.<\/p>\n<p>Antes y despu\u00e9s del ritual de eucarist\u00eda, mujeres ind\u00edgenas, obispos y p\u00e1rrocos bendijeron el templo y los f\u00e9retros con el rito tradicional rar\u00e1muri de incienso y giros ceremoniales acompa\u00f1ados de m\u00fasica de viol\u00edn y guitarra.<\/p>\n<p>Gonz\u00e1lez Sandoval pidi\u00f3 que la muerte de los jesuitas sea motivo de esperanza para la reconstrucci\u00f3n del tejido social y la igualdad de oportunidades,\u00a0<q>no echemos culpas juzgando y se\u00f1alando como lo hac\u00edan los escribas y fariseos en tiempos del Se\u00f1or Jes\u00fas, sino asumir cada uno su responsabilidad<\/q>.<\/p>\n<\/div>\n<div class=\"col col2\">\n<p>Convoc\u00f3 a poner un alto\u00a0<q>a las fuerzas del mal, que se disfrazan con piel de oveja para arrancar de nuestras vidas esos valores humanos y cristianos que tanto nos ha repetido el papa Francisco: la fraternidad, la amistad social, la inclusi\u00f3n, la sinodalidad y el esp\u00edritu de comuni\u00f3n<\/q>.<\/p>\n<p>Al finalizar la misa, Moro Madrid dio un mensaje en el que relacion\u00f3 estos asesinatos con el magnicidio de monse\u00f1or \u00d3scar Arnulfo Romero, en El Salvador, en 1980.<\/p>\n<p><q>No nos vamos a ir de aqu\u00ed, queremos seguir cerca de ustedes, aprendiendo de ustedes<\/q>, expres\u00f3 a los rar\u00e1muris y mestizos que asistieron a la ceremonia religiosa.<\/p>\n<p><q>El gobierno solo no puede resolver el problema de la violencia, este problema se va resolver con la participaci\u00f3n de todas y todos, invitamos a los distintos actores sociales, eclesiales y pol\u00edticos a dejar de lado los intereses de grupo<\/q>, manifest\u00f3.<\/p>\n<p>El provincial de la Compa\u00f1\u00eda de Jes\u00fas anunci\u00f3 que\u00a0<q>mi\u00e9rcoles y jueves nos reuniremos los jesuitas del pa\u00eds para definir nuestra postura ante esta realidad, y les pedimos que est\u00e9n atentos de las acciones que queremos emprender, aqu\u00ed en Cerocahui estamos iniciando nuestro camino por la paz en todo M\u00e9xico<\/q>.<\/p>\n<p>A las exequias acudieron la secretaria de Bienestar federal, Ariadna Montiel, en representaci\u00f3n del presidente Andr\u00e9s Manuel L\u00f3pez Obrador, y la gobernadora de Chihuahua, Mar\u00eda Eugenia Campos, quien viaj\u00f3 en helic\u00f3ptero desde la capital del estado.<\/p>\n<\/div>\n<\/div>\n<div class=\"go gui\">\n<div class=\"go-up\"><\/div>\n<\/div>\n<\/div>\n<div id=\"taboola-below-content-thumbnails\" class=\" trc_related_container trc_spotlight_widget tbl-feed-container tbl-feed-frame-DIVIDER  render-late-effect\" data-feed-container-num=\"1\" data-feed-main-container-id=\"taboola-below-content-thumbnails\" data-parent-placement-name=\"Below Content Thumbnails\" data-pub-lang=\"es\">\n<div class=\" tbl-feed-header tbl-logo-right-position\">\n<div class=\"tbl-feed-header-logo\"><\/div>\n<\/div>\n<\/div>\n","protected":false},"excerpt":{"rendered":"<p>Para pacificar al pa\u00eds, jesuitas llaman a dejar de lado los intereses de grupo Jes\u00fas Estrada y Rub\u00e9n Villalpando La Jornada Chihuahua, Chih., Los cuerpos de los sacerdotes jesuitas Javier Campos Morales y Joaqu\u00edn Mora Salazar fueron sepultados ayer, con un ritual cristiano y una ceremonia tradicional rar\u00e1muri, en el atrio de la parroquia San [&hellip;]<\/p>\n","protected":false},"author":249,"featured_media":28255,"comment_status":"open","ping_status":"closed","sticky":false,"template":"","format":"standard","meta":{"footnotes":""},"categories":[26],"tags":[],"class_list":["post-28254","post","type-post","status-publish","format-standard","has-post-thumbnail","hentry","category-mundo"],"_links":{"self":[{"href":"https:\/\/eloficiodehistoriar.com.mx\/index.php?rest_route=\/wp\/v2\/posts\/28254","targetHints":{"allow":["GET"]}}],"collection":[{"href":"https:\/\/eloficiodehistoriar.com.mx\/index.php?rest_route=\/wp\/v2\/posts"}],"about":[{"href":"https:\/\/eloficiodehistoriar.com.mx\/index.php?rest_route=\/wp\/v2\/types\/post"}],"author":[{"embeddable":true,"href":"https:\/\/eloficiodehistoriar.com.mx\/index.php?rest_route=\/wp\/v2\/users\/249"}],"replies":[{"embeddable":true,"href":"https:\/\/eloficiodehistoriar.com.mx\/index.php?rest_route=%2Fwp%2Fv2%2Fcomments&post=28254"}],"version-history":[{"count":1,"href":"https:\/\/eloficiodehistoriar.com.mx\/index.php?rest_route=\/wp\/v2\/posts\/28254\/revisions"}],"predecessor-version":[{"id":28256,"href":"https:\/\/eloficiodehistoriar.com.mx\/index.php?rest_route=\/wp\/v2\/posts\/28254\/revisions\/28256"}],"wp:featuredmedia":[{"embeddable":true,"href":"https:\/\/eloficiodehistoriar.com.mx\/index.php?rest_route=\/wp\/v2\/media\/28255"}],"wp:attachment":[{"href":"https:\/\/eloficiodehistoriar.com.mx\/index.php?rest_route=%2Fwp%2Fv2%2Fmedia&parent=28254"}],"wp:term":[{"taxonomy":"category","embeddable":true,"href":"https:\/\/eloficiodehistoriar.com.mx\/index.php?rest_route=%2Fwp%2Fv2%2Fcategories&post=28254"},{"taxonomy":"post_tag","embeddable":true,"href":"https:\/\/eloficiodehistoriar.com.mx\/index.php?rest_route=%2Fwp%2Fv2%2Ftags&post=28254"}],"curies":[{"name":"wp","href":"https:\/\/api.w.org\/{rel}","templated":true}]}}