{"id":28257,"date":"2022-06-28T09:56:14","date_gmt":"2022-06-28T15:56:14","guid":{"rendered":"https:\/\/eloficiodehistoriar.com.mx\/?p=28257"},"modified":"2022-06-28T09:56:14","modified_gmt":"2022-06-28T15:56:14","slug":"el-gallo-vivia-las-tensiones-entre-raramuris-y-mestizos-y-del-rapido-crecimiento-del-narco-con-claridad","status":"publish","type":"post","link":"https:\/\/eloficiodehistoriar.com.mx\/?p=28257","title":{"rendered":"\u00abEl Gallo\u00bb\u00a0viv\u00eda las tensiones entre rar\u00e1muris y mestizos, y del r\u00e1pido crecimiento del\u00a0narco,\u00a0con claridad."},"content":{"rendered":"<div id=\"article-cont\" class=\"main-cont article-cont analysis\">\n<div class=\"cabeza\">Lo que aprend\u00ed con mi amigo jesuita\u00a0<em>El Gallo<\/em><\/div>\n<div class=\"sumarios\"><\/div>\n<div class=\"credito-articulo\">Luz Mar\u00eda Moreno Medrano*<\/div>\n<div><\/div>\n<div id=\"article-text\" class=\"text tbl-forkorts-article\">\n<div class=\"col\">\n<div class=\"inicial\">Javier Campos,\u00a0<em>El Gallo<\/em>, dej\u00f3 una huella imborrable en muchos j\u00f3venes que, como yo, fuimos parte del equipo de voluntarios en la comunidad de Chinat\u00fa, al sur de la sierra Tarahumara en los a\u00f1os noventa.\u00a0<em>El Gallo<\/em>\u00a0fue nuestro p\u00e1rroco durante este tiempo, y cuando digo esto no me refiero a un\u00a0<q>cura de iglesia de domingo<\/q>.\u00a0<em>El Gallo<\/em>\u00a0era\u00a0<q>nuestro p\u00e1rroco<\/q>\u00a0porque constru\u00eda comunidad, daba ejemplo de cercan\u00eda e inserci\u00f3n con la cultura rar\u00e1muri.\u00a0<em>El Gallo<\/em>\u00a0viv\u00eda de manera cotidiana las tensiones entre ind\u00edgenas y mestizos, sab\u00eda de las divisiones causadas por el r\u00e1pido crecimiento del\u00a0<em>narco<\/em>\u00a0y as\u00ed se manten\u00eda cercano a quienes eran los m\u00e1s vulnerados; sin miedo, sin titubeos y con gran claridad.<\/div>\n<p>Yo era una maestra rural multigrado en aquella \u00e9poca en la comunidad ind\u00edgena de Agua Amarilla, a unas horas de Chinat\u00fa, y escuchaba las preocupaciones de las familias sobre el futuro de sus hijos, que seguramente tendr\u00edan que trabajar como\u00a0<em>chutameros<\/em>, como se les dice a las personas que se encargan de cortar la mariguana. Sab\u00edamos que el Ej\u00e9rcito cuidaba los sembrad\u00edos y que llegaban a despojar los territorios de las comunidades ind\u00edgenas para obligarlos a sembrar. Tambi\u00e9n era el Ej\u00e9rcito el que de vez en cuando organizaba redadas para\u00a0<q>quemar<\/q>\u00a0los sembrad\u00edos, y a pesar de que las siembras no pertenec\u00edan a las comunidades ind\u00edgenas, los llevaban a la c\u00e1rcel acusados de participaci\u00f3n en el narcotr\u00e1fico.<\/p>\n<p>Viajar largas horas con\u00a0<em>El Gallo<\/em>\u00a0por los caminos y brechas de la Tarahumara era toda una experiencia de aprendizaje: sab\u00eda los detalles hist\u00f3ricos de todas las zonas que visitaba, sab\u00eda el dato exacto de la altura de las monta\u00f1as y la manera en que ha cambiado la composici\u00f3n de las comunidades.\u00a0<em>El Gallo<\/em>\u00a0hablaba la lengua rar\u00e1muri y viv\u00eda su espiritualidad con una profunda admiraci\u00f3n por su cosmovisi\u00f3n, participaba fervientemente del\u00a0<em>y\u00famari<\/em>. Viv\u00eda junto con las comunidades rar\u00e1muri las largas veladas tomando tesg\u00fcino, bailando matach\u00edn y agradeciendo a Onor\u00faame los bienes recibidos. Gracias a\u00a0<em>El Gallo<\/em>\u00a0y a nuestro querido padre Rivera, entend\u00ed que las celebraciones del pan y del vino se viven en comunidad, desde el amor fraterno y compartido con una causa com\u00fan: la b\u00fasqueda por la justicia social. Ah\u00ed, sentados alrededor de \u00e9l, en su capilla en Chinat\u00fa, aprend\u00ed que\u00a0<q>Jes\u00fas fue tan humano que s\u00f3lo pod\u00eda ser Dios mismo<\/q>, y con cantos latinoamericanos que nos erizaban la piel record\u00e1bamos la lucha de las comunidades eclesiales de base en El Salvador, Guatemala y Chiapas.<\/p>\n<p>En aquella \u00e9poca, la voz del EZLN estremeci\u00f3 al pa\u00eds y se hizo visible el hartazgo de las poblaciones originarias en M\u00e9xico por la falta de derechos en que hab\u00edan vivido por siglos. En la Tarahumara acababa de fallecer el obispo Llaguno, un jesuita que al igual que\u00a0<em>El Gallo<\/em>\u00a0se tom\u00f3 en serio\u00a0<q>la opci\u00f3n radical por las poblaciones m\u00e1s vulneradas<\/q>, despu\u00e9s de haberse permitido tener una transformaci\u00f3n espiritual profunda en el contacto con la cosmovisi\u00f3n rar\u00e1muri. Con Llaguno, la di\u00f3cesis de la Tarahumara comenz\u00f3 la formaci\u00f3n de laicos, en donde se nos daban bases de doctrina social de la Iglesia desde la mirada de la teolog\u00eda de la liberaci\u00f3n y las teolog\u00edas ind\u00edgenas. Nos regalaron, a muchos j\u00f3venes como yo, una fuerte formaci\u00f3n sociopol\u00edtica y al mismo tiempo espiritual, una formaci\u00f3n que no se daba en los libros, sino en el contacto afectuoso y solidario con las comunidades y sus problem\u00e1ticas, en las reflexiones comunitarias para encontrar otras formas de vivir y de relacionarnos. Esa formaci\u00f3n ha sido un parteaguas en mi vida que no me cansar\u00e9 de agradecer.<\/p>\n<p>Las muertes de\u00a0<em>El Gallo<\/em>\u00a0y del padre Mora en Cerocahui lograron romper con la normalizaci\u00f3n de la violencia, nos permiti\u00f3 indignarnos de nuevo, dolernos una vez m\u00e1s y levantar la voz, como debemos hacerlo con cada una de las v\u00edctimas de violencia en este pa\u00eds. La muerte de mi querido amigo y maestro\u00a0<em>El Gallo<\/em>, me hace aferrarme a la idea de que lo que s\u00ed podemos hacer es no cansarnos de demandar lo que le corresponde hacer a las autoridades: cumplir con su obligaci\u00f3n de servir al pueblo asegurando la justicia para los cientos de familias que han sufrido la violencia y que siguen enfrentando impunidad. Tambi\u00e9n me compromete a construir otras maneras de educarnos, de cuidarnos de la manera m\u00e1s radical posible y de buscar la construcci\u00f3n de una conciencia pol\u00edtica entre nuestras juventudes con la mirada y el coraz\u00f3n puestos en la justicia social. Los retos hoy: \u00bfc\u00f3mo educar para la paz en los contextos invadidos por el\u00a0<em>narco<\/em>? \u00bfC\u00f3mo abrir espacios para que nuestras juventudes florezcan de una manera digna y pac\u00edfica en zonas en que la vida del\u00a0<em>narco<\/em>\u00a0es m\u00e1s atractiva que la del servicio y la transformaci\u00f3n social? Mi compromiso es no descansar hasta que M\u00e9xico logre la reconciliaci\u00f3n y la paz.<\/p>\n<p><em>Doctora en Educaci\u00f3n y acad\u00e9mica de la UniversidadIberoamericana CDMX<\/em><\/p>\n<p class=\"email\">\n<\/div>\n<\/div>\n<\/div>\n<div id=\"taboola-below-content-thumbnails\" class=\" trc_related_container trc_spotlight_widget tbl-feed-container tbl-feed-frame-DIVIDER  render-late-effect\" data-feed-container-num=\"1\" data-feed-main-container-id=\"taboola-below-content-thumbnails\" data-parent-placement-name=\"Below Content Thumbnails\" data-pub-lang=\"es\">\n<div class=\" tbl-feed-header tbl-logo-right-position\">\n<div class=\"tbl-feed-header-logo\"><\/div>\n<\/div>\n<\/div>\n","protected":false},"excerpt":{"rendered":"<p>Lo que aprend\u00ed con mi amigo jesuita\u00a0El Gallo Luz Mar\u00eda Moreno Medrano* Javier Campos,\u00a0El Gallo, dej\u00f3 una huella imborrable en muchos j\u00f3venes que, como yo, fuimos parte del equipo de voluntarios en la comunidad de Chinat\u00fa, al sur de la sierra Tarahumara en los a\u00f1os noventa.\u00a0El Gallo\u00a0fue nuestro p\u00e1rroco durante este tiempo, y cuando digo [&hellip;]<\/p>\n","protected":false},"author":249,"featured_media":28214,"comment_status":"open","ping_status":"closed","sticky":false,"template":"","format":"standard","meta":{"footnotes":""},"categories":[26],"tags":[],"class_list":["post-28257","post","type-post","status-publish","format-standard","has-post-thumbnail","hentry","category-mundo"],"_links":{"self":[{"href":"https:\/\/eloficiodehistoriar.com.mx\/index.php?rest_route=\/wp\/v2\/posts\/28257","targetHints":{"allow":["GET"]}}],"collection":[{"href":"https:\/\/eloficiodehistoriar.com.mx\/index.php?rest_route=\/wp\/v2\/posts"}],"about":[{"href":"https:\/\/eloficiodehistoriar.com.mx\/index.php?rest_route=\/wp\/v2\/types\/post"}],"author":[{"embeddable":true,"href":"https:\/\/eloficiodehistoriar.com.mx\/index.php?rest_route=\/wp\/v2\/users\/249"}],"replies":[{"embeddable":true,"href":"https:\/\/eloficiodehistoriar.com.mx\/index.php?rest_route=%2Fwp%2Fv2%2Fcomments&post=28257"}],"version-history":[{"count":1,"href":"https:\/\/eloficiodehistoriar.com.mx\/index.php?rest_route=\/wp\/v2\/posts\/28257\/revisions"}],"predecessor-version":[{"id":28258,"href":"https:\/\/eloficiodehistoriar.com.mx\/index.php?rest_route=\/wp\/v2\/posts\/28257\/revisions\/28258"}],"wp:featuredmedia":[{"embeddable":true,"href":"https:\/\/eloficiodehistoriar.com.mx\/index.php?rest_route=\/wp\/v2\/media\/28214"}],"wp:attachment":[{"href":"https:\/\/eloficiodehistoriar.com.mx\/index.php?rest_route=%2Fwp%2Fv2%2Fmedia&parent=28257"}],"wp:term":[{"taxonomy":"category","embeddable":true,"href":"https:\/\/eloficiodehistoriar.com.mx\/index.php?rest_route=%2Fwp%2Fv2%2Fcategories&post=28257"},{"taxonomy":"post_tag","embeddable":true,"href":"https:\/\/eloficiodehistoriar.com.mx\/index.php?rest_route=%2Fwp%2Fv2%2Ftags&post=28257"}],"curies":[{"name":"wp","href":"https:\/\/api.w.org\/{rel}","templated":true}]}}