{"id":28263,"date":"2022-06-29T09:50:39","date_gmt":"2022-06-29T15:50:39","guid":{"rendered":"https:\/\/eloficiodehistoriar.com.mx\/?p=28263"},"modified":"2022-06-29T09:50:39","modified_gmt":"2022-06-29T15:50:39","slug":"reporta-la-ssa-cifra-record-de-casi-21-mil-nuevos-casos-el-pais-se-ubica-en-la-quinta-ola-de-contagios","status":"publish","type":"post","link":"https:\/\/eloficiodehistoriar.com.mx\/?p=28263","title":{"rendered":"Reporta la Ssa cifra r\u00e9cord de casi 21 mil nuevos casos, el pa\u00eds se ubica en la quinta ola de contagios"},"content":{"rendered":"<div id=\"article-cont\" class=\"main-cont article-cont actuality\">\n<div class=\"series\">Pandemia<\/div>\n<div class=\"cabeza\">Reporta la Ssa cifra r\u00e9cord de casi 21 mil nuevos casos<\/div>\n<div class=\"sumarios\">\n<p>Con ello, el pa\u00eds se ubica formalmente en la quinta ola de contagios, como previ\u00f3 el subsecretario L\u00f3pez-Gatell<\/p>\n<\/div>\n<div id=\"article-text\" class=\"text\">\n<div class=\"foto\"><img decoding=\"async\" title=\"\" src=\"https:\/\/www.jornada.com.mx\/2022\/06\/29\/fotos\/013n1pol-1.jpg\" alt=\"Foto\" \/><\/div>\n<div class=\"col col1\">\n<div class=\"credito-autor\">\u00c1ngeles Cruz Mart\u00ednez<\/div>\n<div class=\"credito-titulo\"><\/div>\n<div class=\"hemero\">La Jornada<\/p>\n<\/div>\n<p class=\"s-s\">Los casos confirmados de covid-19 alcanzaron ayer una cifra r\u00e9cord, con 20 mil 959, la m\u00e1s alta de las pasadas nueve semanas en que se ha registrado incremento constante en la transmisi\u00f3n del SARS-CoV-2.<\/p>\n<p>El reporte de la Secretar\u00eda de Salud (Ssa) indic\u00f3 que tambi\u00e9n se sumaron 42 fallecimientos, n\u00famero tambi\u00e9n de los m\u00e1s altos en el mes reciente.<\/p>\n<p>De acuerdo con lo comentado a finales de mayo por Hugo L\u00f3pez-Gatell, subsecretario de Prevenci\u00f3n y Promoci\u00f3n de la Salud, el pa\u00eds est\u00e1 formalmente en la quinta ola de contagios. El funcionario coment\u00f3 en aquel momento que esto pasar\u00eda cuando se tuvieran 20 mil confirmaciones de casos por d\u00eda, lo que ya ocurri\u00f3 ayer y luego de varias semanas de aumentos lentos pero constantes.<\/p>\n<p>Con los datos de ayer, el registro oficial lleg\u00f3 a 5 millones 986 mil 917 casos de la enfermedad, de los cuales 325 mil 638 han perdido la vida por complicaciones graves del padecimiento.<\/p>\n<\/div>\n<div class=\"col col2\">\n<p>En tanto, se confirmaron 117 mil 847 personas con inicio de s\u00edntomas en los pasados 14 d\u00edas, y de \u00e9stas, la mayor concentraci\u00f3n se presenta en la Ciudad de M\u00e9xico, Baja California Sur, Quintana Roo, Sinaloa, Yucat\u00e1n, Colima, Nuevo Le\u00f3n, San Luis Potos\u00ed, Quer\u00e9taro y Campeche.<\/p>\n<p>Con respecto a la ocupaci\u00f3n hospitalaria, la Ssa inform\u00f3 que se mantuvo en 6 por ciento para camas generales y 2 por ciento para las que tienen ventilador.<\/p>\n<p>El reporte de casos diarios confirmados por semana, en promedio, tambi\u00e9n da cuenta del aumento en la transmisi\u00f3n del virus. Del 19 al 25 de junio se contabilizaron 11 mil 147, una semana antes fueron 8 mil 867, mientras en la \u00faltima semana de mayo el registro fue de mil 983 personas afectadas.<\/p>\n<\/div>\n<\/div>\n<div class=\"go gui\">\n<div class=\"go-up\"><\/div>\n<\/div>\n<\/div>\n<div id=\"taboola-below-content-thumbnails\" class=\" trc_related_container trc_spotlight_widget tbl-feed-container tbl-feed-frame-DIVIDER  render-late-effect\" data-feed-container-num=\"1\" data-feed-main-container-id=\"taboola-below-content-thumbnails\" data-parent-placement-name=\"Below Content Thumbnails\" data-pub-lang=\"es\">\n<div class=\" tbl-feed-header tbl-logo-right-position\">\n<div class=\"tbl-feed-header-logo\"><\/div>\n<\/div>\n<\/div>\n","protected":false},"excerpt":{"rendered":"<p>Pandemia Reporta la Ssa cifra r\u00e9cord de casi 21 mil nuevos casos Con ello, el pa\u00eds se ubica formalmente en la quinta ola de contagios, como previ\u00f3 el subsecretario L\u00f3pez-Gatell \u00c1ngeles Cruz Mart\u00ednez La Jornada Los casos confirmados de covid-19 alcanzaron ayer una cifra r\u00e9cord, con 20 mil 959, la m\u00e1s alta de las pasadas [&hellip;]<\/p>\n","protected":false},"author":249,"featured_media":28264,"comment_status":"open","ping_status":"closed","sticky":false,"template":"","format":"standard","meta":{"footnotes":""},"categories":[26],"tags":[],"class_list":["post-28263","post","type-post","status-publish","format-standard","has-post-thumbnail","hentry","category-mundo"],"_links":{"self":[{"href":"https:\/\/eloficiodehistoriar.com.mx\/index.php?rest_route=\/wp\/v2\/posts\/28263","targetHints":{"allow":["GET"]}}],"collection":[{"href":"https:\/\/eloficiodehistoriar.com.mx\/index.php?rest_route=\/wp\/v2\/posts"}],"about":[{"href":"https:\/\/eloficiodehistoriar.com.mx\/index.php?rest_route=\/wp\/v2\/types\/post"}],"author":[{"embeddable":true,"href":"https:\/\/eloficiodehistoriar.com.mx\/index.php?rest_route=\/wp\/v2\/users\/249"}],"replies":[{"embeddable":true,"href":"https:\/\/eloficiodehistoriar.com.mx\/index.php?rest_route=%2Fwp%2Fv2%2Fcomments&post=28263"}],"version-history":[{"count":1,"href":"https:\/\/eloficiodehistoriar.com.mx\/index.php?rest_route=\/wp\/v2\/posts\/28263\/revisions"}],"predecessor-version":[{"id":28265,"href":"https:\/\/eloficiodehistoriar.com.mx\/index.php?rest_route=\/wp\/v2\/posts\/28263\/revisions\/28265"}],"wp:featuredmedia":[{"embeddable":true,"href":"https:\/\/eloficiodehistoriar.com.mx\/index.php?rest_route=\/wp\/v2\/media\/28264"}],"wp:attachment":[{"href":"https:\/\/eloficiodehistoriar.com.mx\/index.php?rest_route=%2Fwp%2Fv2%2Fmedia&parent=28263"}],"wp:term":[{"taxonomy":"category","embeddable":true,"href":"https:\/\/eloficiodehistoriar.com.mx\/index.php?rest_route=%2Fwp%2Fv2%2Fcategories&post=28263"},{"taxonomy":"post_tag","embeddable":true,"href":"https:\/\/eloficiodehistoriar.com.mx\/index.php?rest_route=%2Fwp%2Fv2%2Ftags&post=28263"}],"curies":[{"name":"wp","href":"https:\/\/api.w.org\/{rel}","templated":true}]}}