{"id":28269,"date":"2022-06-29T10:05:56","date_gmt":"2022-06-29T16:05:56","guid":{"rendered":"https:\/\/eloficiodehistoriar.com.mx\/?p=28269"},"modified":"2022-06-29T10:05:56","modified_gmt":"2022-06-29T16:05:56","slug":"la-iglesia-en-manos-de-lutero-y-el-uso-de-esta-frase","status":"publish","type":"post","link":"https:\/\/eloficiodehistoriar.com.mx\/?p=28269","title":{"rendered":"\u00abLa Iglesia en manos de Lutero\u00bb Y el uso de \u00e9sta frase"},"content":{"rendered":"<div id=\"article-cont\" class=\"main-cont article-cont analysis\">\n<div class=\"cabeza\">\u00bfY Lutero por qu\u00e9?<\/div>\n<div class=\"sumarios\"><\/div>\n<div class=\"credito-articulo\">Carlos Mart\u00ednez Garc\u00eda<\/div>\n<div><\/div>\n<div id=\"article-text\" class=\"text\">\n<div class=\"col col1\">\n<div class=\"inicial\">La inercia cultural autoritaria\u00a0es fruct\u00edfera en reproducir estigmas. Continuamente y desde distintas \u00f3pticas pol\u00edticas, conservadora o progresista, echan mano del dicho contrarreformista\u00a0<q>la Iglesia en manos de Lutero<\/q>. Con el uso de la frase, quienes recurren a ella, pretenden alertar sobre que algo bueno est\u00e9 bajo control de un personaje rapaz y peligroso.<\/div>\n<p>En alg\u00fan momento quise hacer seguimiento en la prensa escrita al uso de la expresi\u00f3n\u00a0<q>la Iglesia en manos de Lutero<\/q>. La intenci\u00f3n era mostrar c\u00f3mo en la opini\u00f3n period\u00edstica publicada continuamente, los articulistas, de izquierda o de derecha, hac\u00edan eco al sentido peyorativo del enunciado. En el ejercicio de b\u00fasqueda encontr\u00e9 que la frase sal\u00eda a relucir con inusitada frecuencia, guard\u00e9 los hallazgos y la carpeta pas\u00f3 a engrosar el archivo de los pendientes.<\/p>\n<p>Considero un error el nombramiento por parte del Presidente de Clara Luz Flores Carrales como secretaria ejecutiva del Sistema Nacional de Seguridad P\u00fablica. \u00bfY en esto qu\u00e9 papel juega Mart\u00edn Lutero? Pues Ver\u00f3nica Malo Guzm\u00e1n no hall\u00f3 s\u00edmil m\u00e1s\u00a0<em>ad hoc\u00a0<\/em>que comparar la elecci\u00f3n de la pol\u00edtica que ha desarrollado su carrera en Nuevo Le\u00f3n con la gesta del reformador alem\u00e1n en el siglo XVI contra el poder eclesi\u00e1stico del papado romano (<a href=\"https:\/\/www.sdpnoticias.com\/opinion\/clara-luz-flores-la-iglesia-en-manos-de-lutero\/\" target=\"_blank\" rel=\"noopener\">https:\/\/www.sdpnoticias.com\/opinion\/clara-luz-flores-la-iglesia-en-manos-de-lutero\/<\/a>). Al hacer uso de Lutero como encarnaci\u00f3n del mal, la articulista denota su simpat\u00eda por el\u00a0<em>establishment<\/em>\u00a0contra el que se rebel\u00f3 el te\u00f3logo y ex monje agustino.<\/p>\n<p>Para nada me parece acertado el nombramiento de Clara Luz. Es conocida su militancia en NXIVM, organizaci\u00f3n dirigida por Keith Raniere, condenado en Estados Unidos a 120 a\u00f1os de prisi\u00f3n por, entre otros delitos, convertir en esclavas sexuales a mujeres. Flores Carrales fue candidata al gobierno de Nuevo Le\u00f3n bajo la bandera de Morena, en donde hall\u00f3 cobijo tras haber sido pri\u00edsta durante 22 a\u00f1os. En la campa\u00f1a por la gubernatura neolonesa, Clara Luz dijo haber tomado alg\u00fan curso de los impartidos por NXIVM, neg\u00f3 tener cercan\u00eda con Raniere. Incluso al ser cuestionada por Julio Hern\u00e1ndez L\u00f3pez (Astillero), sin ruborizarse, respondi\u00f3:\u00a0<q>No s\u00e9 de qu\u00e9 NXIVM me hablan. Yo tom\u00e9 un curso de superaci\u00f3n personal, no estuve en NXIVM<\/q>.<\/p>\n<p>Cuando se hizo p\u00fablico el video que la muestra en 2016 conversando con Raniere, quien la ilustraba sobre los pol\u00edticos populistas y ella se notaba embelesada por las palabras de su l\u00edder, a Clara Luz no le qued\u00f3 de otra sino disculparse por el\u00a0<q>error<\/q>\u00a0cometido y disminuir su papel de participaci\u00f3n en el grupo que le rend\u00eda culto a Raniere. La entrevista y el video se sumaron a otros factores existentes en la desastrosa campa\u00f1a de la candidata de Morena por el gobierno de Nuevo Le\u00f3n para que fuera relegada al cuarto lugar, con 14 por ciento de los votos.<\/p>\n<\/div>\n<div class=\"col col2\">\n<p>Vale mencionar que, en su escrito sobre Clara Luz y Lutero, Ver\u00f3nica Malo Guzm\u00e1n pasa por alto la entrevista con Astillero, evento que marc\u00f3 una pronunciada debacle en la campa\u00f1a de la candidata morenista. Ni siquiera lo menciona, cuando fue \u00e9l, con el buen olfato period\u00edstico que lo caracteriza, quien revel\u00f3 las abiertas mentiras de la hoy encargada del Sistema Nacional de Seguridad P\u00fablica.<\/p>\n<p>Como qued\u00f3 escrito antes, son mucho(a)s quienes han recurrido en sus an\u00e1lisis a la frase\u00a0<q>la Iglesia en manos de Lutero<\/q>\u00a0para ejemplificar lo peligroso de poner al cuidado de un depredador algo de mucho valor. En este sentido, Ver\u00f3nica Malo Guzm\u00e1n es un eslab\u00f3n m\u00e1s de la extensa cadena que usa a Lutero como sin\u00f3nimo de consumada rapacidad. \u00bfPor qu\u00e9 la mencionada articulista se puso en la misma tonalidad de la reacci\u00f3n contrarreformista que estigmatiz\u00f3 a Lutero y lo represent\u00f3 como el heresiarca mayor, la encarnaci\u00f3n de Lucifer? Para el caso de M\u00e9xico, la historiadora Alicia Mayer ha mostrado con erudici\u00f3n la imagen construida durante los tres siglos de la Colonia (\u00a0<em>Lutero en el Para\u00edso. La Nueva Espa\u00f1a en el espejo del reformador alem\u00e1n<\/em>, UNAM-Fondo de Cultura Econ\u00f3mica). La Colonia ya no existe, pero la mentalidad colonial sigue viva en muchos espacios.<\/p>\n<p>Lutero fue hombre de grandes luces, tuvo tambi\u00e9n zonas oscuras. Sin embargo, su decisi\u00f3n de confrontar la corrupci\u00f3n del sistema eclesi\u00e1stico de su \u00e9poca abri\u00f3 caminos libertarios y, entre otros logros, impuls\u00f3 la democratizaci\u00f3n de la lectura y la creaci\u00f3n de un sistema educativo elogiado por Ignacio Manuel Altamirano. El enorme liberal consideraba a Lutero\u00a0<q>el gran reformador de la educaci\u00f3n en Alemania<\/q>. No s\u00f3lo afirma lo anterior, sino que cita al te\u00f3logo y su opini\u00f3n acerca de la importancia de los maestros en la sociedad. \u00bfY si en lugar de\u00a0<q>la Iglesia en manos de Lutero<\/q>\u00a0mejor referimos el nombramiento de Clara Luz como\u00a0<q>la seguridad y la libertad de pensamiento en manos de la Inquisici\u00f3n<\/q>?<\/p>\n<p>P.S. Quise responder a la autora en el medio en que escribe. Por impericia digital no encontr\u00e9 c\u00f3mo hacerlo. Por esto lo hago aqu\u00ed en\u00a0<em>La Jornada<\/em>, y agradezco su generosidad de tantos a\u00f1os.<\/p>\n<p class=\"email\">\n<\/div>\n<\/div>\n<div class=\"go gui\">\n<div class=\"go-up\"><\/div>\n<\/div>\n<\/div>\n","protected":false},"excerpt":{"rendered":"<p>\u00bfY Lutero por qu\u00e9? Carlos Mart\u00ednez Garc\u00eda La inercia cultural autoritaria\u00a0es fruct\u00edfera en reproducir estigmas. Continuamente y desde distintas \u00f3pticas pol\u00edticas, conservadora o progresista, echan mano del dicho contrarreformista\u00a0la Iglesia en manos de Lutero. Con el uso de la frase, quienes recurren a ella, pretenden alertar sobre que algo bueno est\u00e9 bajo control de un [&hellip;]<\/p>\n","protected":false},"author":249,"featured_media":28270,"comment_status":"open","ping_status":"closed","sticky":false,"template":"","format":"standard","meta":{"footnotes":""},"categories":[26],"tags":[],"class_list":["post-28269","post","type-post","status-publish","format-standard","has-post-thumbnail","hentry","category-mundo"],"_links":{"self":[{"href":"https:\/\/eloficiodehistoriar.com.mx\/index.php?rest_route=\/wp\/v2\/posts\/28269","targetHints":{"allow":["GET"]}}],"collection":[{"href":"https:\/\/eloficiodehistoriar.com.mx\/index.php?rest_route=\/wp\/v2\/posts"}],"about":[{"href":"https:\/\/eloficiodehistoriar.com.mx\/index.php?rest_route=\/wp\/v2\/types\/post"}],"author":[{"embeddable":true,"href":"https:\/\/eloficiodehistoriar.com.mx\/index.php?rest_route=\/wp\/v2\/users\/249"}],"replies":[{"embeddable":true,"href":"https:\/\/eloficiodehistoriar.com.mx\/index.php?rest_route=%2Fwp%2Fv2%2Fcomments&post=28269"}],"version-history":[{"count":1,"href":"https:\/\/eloficiodehistoriar.com.mx\/index.php?rest_route=\/wp\/v2\/posts\/28269\/revisions"}],"predecessor-version":[{"id":28271,"href":"https:\/\/eloficiodehistoriar.com.mx\/index.php?rest_route=\/wp\/v2\/posts\/28269\/revisions\/28271"}],"wp:featuredmedia":[{"embeddable":true,"href":"https:\/\/eloficiodehistoriar.com.mx\/index.php?rest_route=\/wp\/v2\/media\/28270"}],"wp:attachment":[{"href":"https:\/\/eloficiodehistoriar.com.mx\/index.php?rest_route=%2Fwp%2Fv2%2Fmedia&parent=28269"}],"wp:term":[{"taxonomy":"category","embeddable":true,"href":"https:\/\/eloficiodehistoriar.com.mx\/index.php?rest_route=%2Fwp%2Fv2%2Fcategories&post=28269"},{"taxonomy":"post_tag","embeddable":true,"href":"https:\/\/eloficiodehistoriar.com.mx\/index.php?rest_route=%2Fwp%2Fv2%2Ftags&post=28269"}],"curies":[{"name":"wp","href":"https:\/\/api.w.org\/{rel}","templated":true}]}}