{"id":28275,"date":"2022-06-29T10:19:06","date_gmt":"2022-06-29T16:19:06","guid":{"rendered":"https:\/\/eloficiodehistoriar.com.mx\/?p=28275"},"modified":"2022-06-29T10:19:06","modified_gmt":"2022-06-29T16:19:06","slug":"abuelaresartistas-abordan-la-vejez-con-obra-de-titeres-conoce-la-propuesta","status":"publish","type":"post","link":"https:\/\/eloficiodehistoriar.com.mx\/?p=28275","title":{"rendered":"\u00abAbuelares\u00bbArtistas abordan la vejez con obra de t\u00edteres; conoce la propuesta"},"content":{"rendered":"<div>\n<h4 class=\"title\">Artistas abordan la vejez con obra de t\u00edteres; conoce la propuesta<\/h4>\n<\/div>\n<h3 class=\"subtitle\">Compa\u00f1\u00eda chilena Avuelop\u00e1jaro estrenar\u00e1 en Xalapa la obra \u00abAbuelares\u00bb<\/h3>\n<div class=\"lead-gallery \">\n<div class=\"teaser  owl-carousel owl-theme\">\n<div class=\"owl-wrapper-outer\">\n<div class=\"owl-wrapper\">\n<div class=\"owl-item\">\n<div class=\"img-container picture\">\n<div id=\"standard_1\" class=\"st-placement standard_1 inImage\">\n<div class=\"st-adunit st-reset st-show\">\n<div class=\"st-adunit-ad st-reset\">\n<div class=\"st-display-render st-reset\">\n<div class=\"st-reset\">\n<div class=\"important-styled st-canvas-container open Skyscraper display-standard fssquz2\">\n<div class=\"important-styled st-canvas-el fhxwyqa\">\n<div class=\"important-styled st-canvas-container undefined fssquz2\">\n<div class=\"important-styled st-canvas-el f1gnu963\">\n<div class=\"important-styled st-canvas-container undefined fssquz2\">\n<div class=\"important-styled st-canvas-el f2ovl82\">\n<div class=\"important-styled f15u4dl3\">\n<div class=\"important-styled display-render-wrapper f15u4dl3\">Esteban Herskovits tambi\u00e9n es dramaturgo y presentar\u00e1 Abuelares<\/div>\n<\/div>\n<\/div>\n<\/div>\n<\/div>\n<\/div>\n<\/div>\n<\/div>\n<\/div>\n<\/div>\n<\/div>\n<\/div>\n<\/div>\n<\/div>\n<\/div>\n<\/div>\n<\/div>\n<\/div>\n<\/div>\n<div id=\"affix-share\" class=\"sharing-menu affix\">\n<ul>\n<li>Maribel S\u00e1nchez<\/li>\n<li>Diario de Xalapa<\/li>\n<\/ul>\n<\/div>\n<div class=\"content-body clearfix \">\n<div id=\"content-body-225-8519443\">\n<p>A pesar de que ya existe un d\u00eda para conmemorar el\u00a0<b>D\u00eda Mundial de Toma de Conciencia del Abuso y Maltrato en la Vejez,<\/b>\u00a0poco se habla de este tema en el arte y todav\u00eda menos de la vida en pareja, del matrimonio y de c\u00f3mo el machismo puede afectar a este sector de la poblaci\u00f3n.<\/p>\n<p><i>Con el fin de ahondar en la vida de una pareja de adultos mayores, a partir del cuidado real a un abuelo antes de su fallecimiento, la\u00a0<b>compa\u00f1\u00eda chilena Avuelop\u00e1jaro estrena en Xalapa la obra con t\u00edteres \u201cAbuelares\u201d.<\/b><\/i><\/p>\n<\/div>\n<\/div>\n<div class=\"advertisment \"><\/div>\n<article class=\"content-continued-body clearfix \">\n<div id=\"content-body-5851641-8519443\">\n<ul>\n<li><\/li>\n<\/ul>\n<p>La puesta en escena, de gira por Latinoam\u00e9rica, es dirigida por Paolina Orta y en la actuaci\u00f3n y trabajo con t\u00edteres bocones y objetos est\u00e1 el artista Esteban Herskovits, quien adem\u00e1s es dramaturgo, asesorado por Carlos Converso.<\/p>\n<p><i>En entrevista, coinciden en la importancia de hablar de la vejez y reivindicarla, por tratarse de un tema universal y de una etapa en la cual, de acuerdo con el orden biol\u00f3gico de la vida, todos tendr\u00edamos que vivir o estar en contacto con alguien.<\/i><\/p>\n<div class=\"teads-inread\">\n<div>\n<div id=\"teads0\" class=\"teads-player\"><b>\u201cLa obra es un acercamiento a nuestras figuras mayores, a quienes nos acompa\u00f1aron desde ni\u00f1os hasta que murieron. Hay darles valor y tiempo, y visibilizarlos\u201d, expresa Paolina Orta. Esteban Herskovits rememora el tiempo transcurrido al lado de su abuelo y los di\u00e1logos sostenidos; all\u00ed pudo saber que hay cuestionamientos y cosas no dichas, cotidianidades que generan dependencias.<\/b><\/div>\n<\/div>\n<\/div>\n<p>El resultado de esos encuentros es ahora un trabajo unipersonal que expone\u00a0<b>\u201clos arraigos a estructuras del pasado y crisis, que se expresan en la dependencia, en las verdades nunca contadas y en el machismo social\u201d.\u00a0<\/b>Con un profundo di\u00e1logo de confesiones que sostienen el abuelo y la abuela con su nieto momentos antes de morir, dice Esteban, esta historia toma recursos autobiogr\u00e1ficos para generar una ficci\u00f3n que refleja el transcurso de la vida.<\/p>\n<p><b>Abuelares, proyecto apoyado por Iberescena 2022, tendr\u00e1 dos funciones en Xalapa, el 1 de julio a las 18 horas y el 2 de julio a las 17 horas, en el teatro El Rinc\u00f3n de los T\u00edteres, en Ju\u00e1rez con \u00c1vila Camacho.<\/b>\u00a0La compa\u00f1\u00eda continuar\u00e1 su gira en la Ciudad de M\u00e9xico para luego llegar a su pa\u00eds de origen, donde tambi\u00e9n tendr\u00e1 una serie de presentaciones.<\/p>\n<p><i>Esta obra, enfatizan los creadores, es apta para adolescentes y adultos. Sobre la importancia de consumir arte en tiempos de crisis, coinciden en que el arte tambi\u00e9n nutre, al ser un alimento para el esp\u00edritu. \u201cLa educaci\u00f3n y el arte cumplen funciones fundamentales en la construcci\u00f3n de una sociedad m\u00e1s sana, relajada, amorosa y respetuosa\u201d, expresan.<\/i><\/p>\n<\/div>\n<\/article>\n","protected":false},"excerpt":{"rendered":"<p>Artistas abordan la vejez con obra de t\u00edteres; conoce la propuesta Compa\u00f1\u00eda chilena Avuelop\u00e1jaro estrenar\u00e1 en Xalapa la obra \u00abAbuelares\u00bb Esteban Herskovits tambi\u00e9n es dramaturgo y presentar\u00e1 Abuelares Maribel S\u00e1nchez Diario de Xalapa A pesar de que ya existe un d\u00eda para conmemorar el\u00a0D\u00eda Mundial de Toma de Conciencia del Abuso y Maltrato en la [&hellip;]<\/p>\n","protected":false},"author":249,"featured_media":28276,"comment_status":"open","ping_status":"closed","sticky":false,"template":"","format":"standard","meta":{"footnotes":""},"categories":[26],"tags":[],"class_list":["post-28275","post","type-post","status-publish","format-standard","has-post-thumbnail","hentry","category-mundo"],"_links":{"self":[{"href":"https:\/\/eloficiodehistoriar.com.mx\/index.php?rest_route=\/wp\/v2\/posts\/28275","targetHints":{"allow":["GET"]}}],"collection":[{"href":"https:\/\/eloficiodehistoriar.com.mx\/index.php?rest_route=\/wp\/v2\/posts"}],"about":[{"href":"https:\/\/eloficiodehistoriar.com.mx\/index.php?rest_route=\/wp\/v2\/types\/post"}],"author":[{"embeddable":true,"href":"https:\/\/eloficiodehistoriar.com.mx\/index.php?rest_route=\/wp\/v2\/users\/249"}],"replies":[{"embeddable":true,"href":"https:\/\/eloficiodehistoriar.com.mx\/index.php?rest_route=%2Fwp%2Fv2%2Fcomments&post=28275"}],"version-history":[{"count":1,"href":"https:\/\/eloficiodehistoriar.com.mx\/index.php?rest_route=\/wp\/v2\/posts\/28275\/revisions"}],"predecessor-version":[{"id":28277,"href":"https:\/\/eloficiodehistoriar.com.mx\/index.php?rest_route=\/wp\/v2\/posts\/28275\/revisions\/28277"}],"wp:featuredmedia":[{"embeddable":true,"href":"https:\/\/eloficiodehistoriar.com.mx\/index.php?rest_route=\/wp\/v2\/media\/28276"}],"wp:attachment":[{"href":"https:\/\/eloficiodehistoriar.com.mx\/index.php?rest_route=%2Fwp%2Fv2%2Fmedia&parent=28275"}],"wp:term":[{"taxonomy":"category","embeddable":true,"href":"https:\/\/eloficiodehistoriar.com.mx\/index.php?rest_route=%2Fwp%2Fv2%2Fcategories&post=28275"},{"taxonomy":"post_tag","embeddable":true,"href":"https:\/\/eloficiodehistoriar.com.mx\/index.php?rest_route=%2Fwp%2Fv2%2Ftags&post=28275"}],"curies":[{"name":"wp","href":"https:\/\/api.w.org\/{rel}","templated":true}]}}