{"id":28282,"date":"2022-06-30T09:16:33","date_gmt":"2022-06-30T15:16:33","guid":{"rendered":"https:\/\/eloficiodehistoriar.com.mx\/?p=28282"},"modified":"2022-06-30T09:16:33","modified_gmt":"2022-06-30T15:16:33","slug":"los-sacerdotes-estaban-donde-eligieron-por-opcion-de-vida-acompanando-al-pueblo-de-la-tarahumara","status":"publish","type":"post","link":"https:\/\/eloficiodehistoriar.com.mx\/?p=28282","title":{"rendered":"Los sacerdotes estaban donde eligieron por opci\u00f3n de vida: acompa\u00f1ando al pueblo de la Tarahumara"},"content":{"rendered":"<div id=\"article-cont\" class=\"main-cont article-cont analysis\">\n<div class=\"cabeza\">Tarahumara: acompa\u00f1ar hasta el fin<\/div>\n<div class=\"sumarios\"><\/div>\n<div class=\"credito-articulo\">V\u00edctor M. Quintana S.<\/div>\n<div><\/div>\n<div id=\"article-text\" class=\"text\">\n<div class=\"col col1\">\n<div class=\"inicial\">As\u00ed como el fiscal general\u00a0de Chihuahua, muchos han comentado que el asesinato de los padres jesuitas Javier Campos y Joaqu\u00edn Mora, por atender a Pedro Palma, gravemente herido, fue una\u00a0<q>muerte circunstancial<\/q>: estaban en el lugar equivocado, en el momento equivocado. Los equivocados son ellos. Los dos sacerdotes estaban donde eligieron por opci\u00f3n \u00e9tica de vida: acompa\u00f1ando al pueblo pobre y oprimido de la Tarahumara en las buenas, en las malas y en las peores.<\/div>\n<p>El acompa\u00f1amiento es la clave para entender la labor no s\u00f3lo de los jesuitas, sino de la di\u00f3cesis de la Tarahumara. Ya ni siquiera la\u00a0<q>evangelizaci\u00f3n<\/q>, sino el estar con las comunidades, compartir con ellas su situaci\u00f3n de vida, desde su cotidianeidad, desde la interculturalidad, en la escucha permanente. Se evangeliza sin imponer, acompa\u00f1ando.<\/p>\n<p>Pero ahora el acompa\u00f1ar se torna una misi\u00f3n de alto riesgo, dado el contexto de violencia que viven las comunidades de toda la sierra Tarahumara, ind\u00edgenas y mestizas. Despu\u00e9s de haber sido v\u00edctimas de sucesivas conquistas, como la de los espa\u00f1oles, las mineras, las empresas forestales y tur\u00edsticas, ahora, como se\u00f1alaba ya en 2008 el tambi\u00e9n jesuita Ricardo,\u00a0<em>El Ronco\u00a0<\/em>Robles, desde hace varias d\u00e9cadas este pueblo padece la conquista violenta por parte del narcotr\u00e1fico.<\/p>\n<p>Los datos m\u00e1s superficiales nos muestran masacres como la de Creel, en 2008, o la de Sisoguichi, en 2020, o el asesinato de dirigentes ind\u00edgenas por defender su territorio y el medio ambiente. Las personas desaparecidas de las que incluso se ha perdido la cuenta; el control territorial de amplias zonas por parte de los grupos criminales, las violaciones y todo tipo de violencia contra las mujeres; los asesinatos cotidianos que ni siquiera se contabilizan o se les ponen nombres ni apellidos; los cuerpos perdidos en lo profundo de las barrancas o de las cuevas.<\/p>\n<p>Estos datos podr\u00e1n disminuir o aumentar y podr\u00e1n ser el par\u00e1metro de las autoridades para evaluar su eficacia. Pero hay los otros datos de esta conquista violenta: el impacto del crimen organizado en la destrucci\u00f3n de las comunidades y del tejido social. El desplazamiento de poblados enteros, que implica el desarraigar familias y establecerlas en medios extra\u00f1os y hostiles; el incendio de casas y despojo de ganado, la leva de j\u00f3venes para utilizarlos como fuerza de tarea o carne de ca\u00f1\u00f3n de los grupos criminales; el despojo de las tierras para plantar enervantes; la inmisericorde tala clandestina en la regi\u00f3n, la quema de los bosques como mecanismo de terror, que destruyen ecosistemas y rompen el ciclo del agua en la sierra. La aculturaci\u00f3n en la ilegalidad y en la violencia, en el machismo y las adicciones. La ruptura de los seres humanos, la ruptura de las familias y comunidades. Estos son los otros datos de la conquista del crimen organizado en la Tarahumara.<\/p>\n<\/div>\n<div class=\"col col2\">\n<p>El impacto en la opini\u00f3n p\u00fablica del triple asesinato de Cerocahui ha hecho que las fuerzas de seguridad se apresuren a intensificar la persecuci\u00f3n de\u00a0<em>El Chueco<\/em>, presunto homicida y, adem\u00e1s, presunto responsable de otros asesinatos y secuestros. Y si se llega a capturarlo no se puede pensar que preso\u00a0<em>El Chueco<\/em>\u00a0no se va a acabar la rabia. \u00bfEntonces c\u00f3mo se va a acabar o al menos reducir significativamente la violencia en la sierra Tarahumara?<\/p>\n<p>Ciertamente, no con el negacionismo y la omisi\u00f3n del gobierno del estado. Por otra parte, los programas sociales del gobierno federal se han hecho presentes buscando atender las causas sociales de las m\u00faltiples violencias, han evitado hambrunas y dotado de recursos a las familias. Sin embargo, en tanto no se deje sentir la acci\u00f3n sobre las causas hay que atender al mismo tiempo los severos impactos de la violencia que producen da\u00f1os irreversibles en las personas e incluso en el medio ambiente.<\/p>\n<p>Es necesario que la acci\u00f3n del Estado descienda m\u00e1s todav\u00eda, al ras del suelo, que se realice con comunicaci\u00f3n y participaci\u00f3n de las comunidades. Muchas veces esta acci\u00f3n tiene un dejo omnipotencia y de omnisciencia, por lo que es necesario operarla con modestia y escuchando siempre la voz de las v\u00edctimas. A la mejor las soluciones perfectas no existen, pero \u00bfno ser\u00eda mejor buscarlas con quienes a diario sufren la injusticia y la violencia?<\/p>\n<p>Pero tambi\u00e9n como sociedad debemos actuar. El iceberg de horror que revel\u00f3 el asesinato de los jesuitas ha despertado muchas buenas voluntades. El punto de partida debe ser la decisi\u00f3n de acompa\u00f1ar a estos pueblos-v\u00edctimas para ir construyendo opciones de paz. Los propios jesuitas tienen ricas experiencias en este tema. S\u00f3lo por citar una de ellas est\u00e1 el proceso de Desarrollo y Paz, conducido por el padre Francisco de Roux, en el Magdalena Medio de Colombia, una regi\u00f3n convulsionada por la violencia del narcotr\u00e1fico, de los paramilitares y de la guerrilla.<\/p>\n<p>Acompa\u00f1ar: esto que para las instancias de Estado puede ser un cambio de estrategia y para la sociedad una decisi\u00f3n \u00e9tica, fue la opci\u00f3n de vida que nos demostraron Javier Campos y Joaqu\u00edn Mora.<\/p>\n<p class=\"email\">\n<\/div>\n<\/div>\n<div class=\"go gui\">\n<div class=\"go-up\"><\/div>\n<\/div>\n<\/div>\n","protected":false},"excerpt":{"rendered":"<p>Tarahumara: acompa\u00f1ar hasta el fin V\u00edctor M. Quintana S. As\u00ed como el fiscal general\u00a0de Chihuahua, muchos han comentado que el asesinato de los padres jesuitas Javier Campos y Joaqu\u00edn Mora, por atender a Pedro Palma, gravemente herido, fue una\u00a0muerte circunstancial: estaban en el lugar equivocado, en el momento equivocado. Los equivocados son ellos. Los dos [&hellip;]<\/p>\n","protected":false},"author":249,"featured_media":28273,"comment_status":"open","ping_status":"closed","sticky":false,"template":"","format":"standard","meta":{"footnotes":""},"categories":[26],"tags":[],"class_list":["post-28282","post","type-post","status-publish","format-standard","has-post-thumbnail","hentry","category-mundo"],"_links":{"self":[{"href":"https:\/\/eloficiodehistoriar.com.mx\/index.php?rest_route=\/wp\/v2\/posts\/28282","targetHints":{"allow":["GET"]}}],"collection":[{"href":"https:\/\/eloficiodehistoriar.com.mx\/index.php?rest_route=\/wp\/v2\/posts"}],"about":[{"href":"https:\/\/eloficiodehistoriar.com.mx\/index.php?rest_route=\/wp\/v2\/types\/post"}],"author":[{"embeddable":true,"href":"https:\/\/eloficiodehistoriar.com.mx\/index.php?rest_route=\/wp\/v2\/users\/249"}],"replies":[{"embeddable":true,"href":"https:\/\/eloficiodehistoriar.com.mx\/index.php?rest_route=%2Fwp%2Fv2%2Fcomments&post=28282"}],"version-history":[{"count":1,"href":"https:\/\/eloficiodehistoriar.com.mx\/index.php?rest_route=\/wp\/v2\/posts\/28282\/revisions"}],"predecessor-version":[{"id":28283,"href":"https:\/\/eloficiodehistoriar.com.mx\/index.php?rest_route=\/wp\/v2\/posts\/28282\/revisions\/28283"}],"wp:featuredmedia":[{"embeddable":true,"href":"https:\/\/eloficiodehistoriar.com.mx\/index.php?rest_route=\/wp\/v2\/media\/28273"}],"wp:attachment":[{"href":"https:\/\/eloficiodehistoriar.com.mx\/index.php?rest_route=%2Fwp%2Fv2%2Fmedia&parent=28282"}],"wp:term":[{"taxonomy":"category","embeddable":true,"href":"https:\/\/eloficiodehistoriar.com.mx\/index.php?rest_route=%2Fwp%2Fv2%2Fcategories&post=28282"},{"taxonomy":"post_tag","embeddable":true,"href":"https:\/\/eloficiodehistoriar.com.mx\/index.php?rest_route=%2Fwp%2Fv2%2Ftags&post=28282"}],"curies":[{"name":"wp","href":"https:\/\/api.w.org\/{rel}","templated":true}]}}