{"id":28286,"date":"2022-06-30T09:30:06","date_gmt":"2022-06-30T15:30:06","guid":{"rendered":"https:\/\/eloficiodehistoriar.com.mx\/?p=28286"},"modified":"2022-06-30T09:30:06","modified_gmt":"2022-06-30T15:30:06","slug":"visibilizar-el-legado-de-gertrude-duby-1901-1993-defensora-de-la-identidad-del-pueblo-lacandon","status":"publish","type":"post","link":"https:\/\/eloficiodehistoriar.com.mx\/?p=28286","title":{"rendered":"Visibilizar el legado de Gertrude Duby (1901-1993), defensora de la identidad del pueblo lacand\u00f3n"},"content":{"rendered":"<div id=\"article-cont\" class=\"main-cont article-cont actuality\">\n<div class=\"cabeza\">Exponen legado de Gertrude Duby, defensora de la identidad lacandona<\/div>\n<div class=\"sumarios\"><\/div>\n<div id=\"article-text\" class=\"text\">\n<div class=\"foto\">\n<div class=\"pie-foto\">La exposici\u00f3n <em>Gertrude Duby: una suiza para Chiapas<\/em> ser\u00e1 inaugurada ma\u00f1ana en el MNCM.<\/div>\n<div><\/div>\n<\/div>\n<div class=\"col col1\">\n<div class=\"credito-autor\">Merry Macmasters<\/div>\n<div class=\"credito-titulo\"><\/div>\n<div class=\"hemero\">La Jornada<\/p>\n<\/div>\n<p class=\"s-s\">Visibilizar el legado de la suiza-mexicana Gertrude Duby (1901-1993), una de las primeras defensoras del medio ambiente y la identidad del pueblo lacand\u00f3n, es el prop\u00f3sito de\u00a0<em>Gertrude Duby: una suiza para Chiapas<\/em>, exposici\u00f3n que ser\u00e1 inaugurada ma\u00f1ana en el Museo Nacional de las Culturas del Mundo (MNCM).<\/p>\n<p>Para Pietro Piffaretti, embajador de Suiza en M\u00e9xico, la fot\u00f3grafa, periodista, trabajadora social y etn\u00f3grafa fue una mujer que se adelant\u00f3 a su tiempo y se ocup\u00f3 de temas que\u00a0<q>hoy son de la mayor actualidad, como la p\u00e9rdida de la biodiversidad, la destrucci\u00f3n del medio ambiente, as\u00ed como la identidad nacional<\/q>.<\/p>\n<p>Estas\u00a0<q>miradas cruzadas<\/q>\u00a0le resultan\u00a0<q>fascinantes<\/q>\u00a0a Piffaretti. \u201cGertrude tuvo que irse de su pa\u00eds \u2013quiz\u00e1 le qued\u00f3 muy chico\u2013 para hallarse a s\u00ed misma cuando encontr\u00f3 al otro. Eso me parece un legado extraordinario para estos tiempos, en los que se mira al otro con sospecha, como una amenaza. Trudy \u2013como se conoc\u00eda\u2013 supo ir m\u00e1s all\u00e1 de la frontera de la cultura y del idioma e interesarse en el otro\u201d, expresa el diplom\u00e1tico en entrevista con La\u00a0<em>Jornada<\/em>.<\/p>\n<p>La muestra, que organizaron en conjunto la embajada Suiza en M\u00e9xico y la Asociaci\u00f3n Cultural Na Bolon, fundada por Duby, recoge varias facetas de quien dividi\u00f3 su existencia en cinco\u00a0<q>vidas<\/q>, siendo la \u00faltima y m\u00e1s fruct\u00edfera la que pas\u00f3 en San Crist\u00f3bal de las Casas, a donde lleg\u00f3 en 1943 acompa\u00f1ada del arque\u00f3logo dan\u00e9s Franz Blom (1893-1963).<\/p>\n<p>Curada por el ling\u00fcista H. Antonio Garc\u00eda Z\u00fa\u00f1iga, investigador el MNCM, la exhibici\u00f3n re\u00fane fotograf\u00edas, documentos, libros, textos, vestidos, joyer\u00eda, objetos de uso cotidiano, grabaciones y pinturas. Las cinco etapas imprescindibles para el desarrollo del esp\u00edritu humanista y conciencia ecol\u00f3gica de Duby van desde su infancia en los boscosos Alpes suizos, en el pueblo de Innertkirchen, en el cant\u00f3n de Berna, a ser activista y periodista socialista, antifascista y feminista en varios pa\u00edses de Europa.<\/p>\n<p>Cuando fue trasladada a Estados Unidos, ejerci\u00f3 como periodista hasta que consigui\u00f3 su visa para M\u00e9xico con la meta de llegar a la regi\u00f3n lacandona. Su cuarta vida transcurri\u00f3 a partir de su llegada a Chiapas, al formar parte de la primera expedici\u00f3n indigenista para establecer relaciones con el pueblo lacand\u00f3n. Su \u00faltima etapa se ubica en San Crist\u00f3bal de las Casas, donde Duby y Blom establecieron su residencia definitiva y fundaron la Asociaci\u00f3n Cultural Na Bolom, conformada por una biblioteca, un museo, un vivero, una escuela y un sitio ecotur\u00edstico.<\/p>\n<\/div>\n<div class=\"col col2\">\n<p>De acuerdo con Piffaretti, Trudy no es una mujer desconocida en su pa\u00eds natal:\u00a0<q>A ra\u00edz del aniversario, celebrado en 2021, de los 75 a\u00f1os de relaciones diplom\u00e1ticas entre M\u00e9xico y Suiza, el alcalde de la municipalidad de Berna envi\u00f3 un mensaje en el que recordaba el legado de Trudy Duby. Su figura s\u00ed se conoce en Suiza, aunque tal vez no se valore como debiera; sin embargo, vamos a tratar de aprovechar esta exposici\u00f3n para hacerla m\u00e1s conocida en su pa\u00eds de origen<\/q>.<\/p>\n<p>Seg\u00fan el diplom\u00e1tico, quien hace hincapi\u00e9 en la\u00a0<q>dimensi\u00f3n universal<\/q>\u00a0de\u00a0<q>esta personalidad multifac\u00e9tica, con una diversidad de intereses<\/q>, la exposici\u00f3n es una manera de apoyar tambi\u00e9n a la Asociaci\u00f3n Cultural Na Bolom.\u00a0<q>Hacerla conocida me parece una manera de contribuir a que siga activa e involucrada en los temas identificados con Trudy, entre \u00e9stos la protecci\u00f3n del medio ambiente, la biodiversidad y el agua, que tambi\u00e9n son cuestiones en las que nos enfocamos como embajada<\/q>.<\/p>\n<p>Piffaretti expresa su deseo de visitar pronto el estado de Chiapas, la Asociaci\u00f3n Cultural Na Bolom y San Crist\u00f3bal de las Casas:\u00a0<q>Quiz\u00e1 de all\u00ed nazca una colaboraci\u00f3n futura entre la embajada y la fundaci\u00f3n<\/q>, y considera que la muestra es un evento para comenzar esta colaboraci\u00f3n:\u00a0<q>Veremos despu\u00e9s qu\u00e9 tipo de actividades se pueden desarrollar con la fundaci\u00f3n<\/q>.<\/p>\n<p>La exposici\u00f3n\u00a0<em>Gertrude Duby: una suiza para Chiapas\u00a0<\/em>se inaugurar\u00e1 ma\u00f1ana a las 13 horas en el Museo Nacional de las Culturas del Mundo, ubicado en Moneda 13, Centro Hist\u00f3rico.<\/p>\n<\/div>\n<\/div>\n<div class=\"go gui\">\n<div class=\"go-up\"><\/div>\n<\/div>\n<\/div>\n<div id=\"taboola-below-content-thumbnails\" class=\" trc_related_container trc_spotlight_widget tbl-feed-container tbl-feed-frame-DIVIDER  render-late-effect\" data-feed-container-num=\"1\" data-feed-main-container-id=\"taboola-below-content-thumbnails\" data-parent-placement-name=\"Below Content Thumbnails\" data-pub-lang=\"es\">\n<div class=\" tbl-feed-header tbl-logo-right-position\">\n<div class=\"tbl-feed-header-logo\"><\/div>\n<\/div>\n<\/div>\n","protected":false},"excerpt":{"rendered":"<p>Exponen legado de Gertrude Duby, defensora de la identidad lacandona La exposici\u00f3n Gertrude Duby: una suiza para Chiapas ser\u00e1 inaugurada ma\u00f1ana en el MNCM. Merry Macmasters La Jornada Visibilizar el legado de la suiza-mexicana Gertrude Duby (1901-1993), una de las primeras defensoras del medio ambiente y la identidad del pueblo lacand\u00f3n, es el prop\u00f3sito de\u00a0Gertrude [&hellip;]<\/p>\n","protected":false},"author":249,"featured_media":28287,"comment_status":"open","ping_status":"closed","sticky":false,"template":"","format":"standard","meta":{"footnotes":""},"categories":[26],"tags":[],"class_list":["post-28286","post","type-post","status-publish","format-standard","has-post-thumbnail","hentry","category-mundo"],"_links":{"self":[{"href":"https:\/\/eloficiodehistoriar.com.mx\/index.php?rest_route=\/wp\/v2\/posts\/28286","targetHints":{"allow":["GET"]}}],"collection":[{"href":"https:\/\/eloficiodehistoriar.com.mx\/index.php?rest_route=\/wp\/v2\/posts"}],"about":[{"href":"https:\/\/eloficiodehistoriar.com.mx\/index.php?rest_route=\/wp\/v2\/types\/post"}],"author":[{"embeddable":true,"href":"https:\/\/eloficiodehistoriar.com.mx\/index.php?rest_route=\/wp\/v2\/users\/249"}],"replies":[{"embeddable":true,"href":"https:\/\/eloficiodehistoriar.com.mx\/index.php?rest_route=%2Fwp%2Fv2%2Fcomments&post=28286"}],"version-history":[{"count":1,"href":"https:\/\/eloficiodehistoriar.com.mx\/index.php?rest_route=\/wp\/v2\/posts\/28286\/revisions"}],"predecessor-version":[{"id":28288,"href":"https:\/\/eloficiodehistoriar.com.mx\/index.php?rest_route=\/wp\/v2\/posts\/28286\/revisions\/28288"}],"wp:featuredmedia":[{"embeddable":true,"href":"https:\/\/eloficiodehistoriar.com.mx\/index.php?rest_route=\/wp\/v2\/media\/28287"}],"wp:attachment":[{"href":"https:\/\/eloficiodehistoriar.com.mx\/index.php?rest_route=%2Fwp%2Fv2%2Fmedia&parent=28286"}],"wp:term":[{"taxonomy":"category","embeddable":true,"href":"https:\/\/eloficiodehistoriar.com.mx\/index.php?rest_route=%2Fwp%2Fv2%2Fcategories&post=28286"},{"taxonomy":"post_tag","embeddable":true,"href":"https:\/\/eloficiodehistoriar.com.mx\/index.php?rest_route=%2Fwp%2Fv2%2Ftags&post=28286"}],"curies":[{"name":"wp","href":"https:\/\/api.w.org\/{rel}","templated":true}]}}