{"id":28290,"date":"2022-07-01T14:19:30","date_gmt":"2022-07-01T20:19:30","guid":{"rendered":"https:\/\/eloficiodehistoriar.com.mx\/?p=28290"},"modified":"2022-07-01T14:19:30","modified_gmt":"2022-07-01T20:19:30","slug":"leonard-cohen-estaba-en-lo-mas-profundo-de-su-carrera-cuando-termino-hallelujah","status":"publish","type":"post","link":"https:\/\/eloficiodehistoriar.com.mx\/?p=28290","title":{"rendered":"Leonard Cohen estaba en lo m\u00e1s profundo de su carrera cuando termin\u00f3\u00a0\u00abHallelujah\u00bb"},"content":{"rendered":"<div id=\"article-cont\" class=\"main-cont article-cont actuality\">\n<div class=\"cabeza\">La cinta\u00a0<em>Hallelujah&#8230;,<\/em>\u00a0viaje espiritual de Cohen y su relaci\u00f3n con la fe jud\u00eda<\/div>\n<div class=\"sumarios\">\n<p>De Dayna Goldfine y Dan Gellar, el documental se estrena hoy en EU<\/p>\n<\/div>\n<div id=\"article-text\" class=\"text\">\n<div class=\"foto\">\n<div class=\"pie-foto\">Ap<\/div>\n<\/div>\n<div class=\"col col1\">\n<div class=\"credito-titulo\"><\/div>\n<div class=\"hemero\">La Jornada<\/p>\n<\/div>\n<p class=\"s-s\">Washington.<\/p>\n<p class=\"s-s\">Leonard Cohen estaba en lo m\u00e1s profundo de su carrera cuando termin\u00f3\u00a0<em>Hallelujah.<\/em>\u00a0Bueno, la primera versi\u00f3n: habr\u00eda muchas m\u00e1s, despu\u00e9s de todo. Hab\u00eda trabajado siete a\u00f1os en la letra. Sin embargo, cuando envi\u00f3 el \u00e1lbum\u00a0<em>Various Positions<\/em>\u00a0a su compa\u00f1\u00eda discogr\u00e1fica Columbia Records en 1984, el presidente Walter Yetnikoff decidi\u00f3 no lanzarla en Estados Unidos. El eventual himno fundamental del cantautor hab\u00eda muerto antes de llegar al hospital.<\/p>\n<p>Sin embargo, en el nuevo documental\u00a0<em>Hallelujah: Leonard Cohen, a Journey, a Song,<\/em>\u00a0que se estrena hoy en cines de Estados Unidos, los directores Dayna Goldfine y Dan Gellar examinan c\u00f3mo, a pesar de las probabilidades, la canci\u00f3n logr\u00f3 cobrar vida propia, en diversos grados, gracias a Bob Dylan, John Cale, Jeff Buckley y<em>\u00a0Shrek.<\/em>\u00a0Ahora, cuatro d\u00e9cadas despu\u00e9s de su grabaci\u00f3n original, es sencillamente omnipresente, una canci\u00f3n habitual en pel\u00edculas, programas de televisi\u00f3n y competencias de canto alrededor del mundo.<\/p>\n<p>El documental, interesantemente hilvanado, comienza con el final, con su \u00faltima actuaci\u00f3n, en 2013, cantando\u00a0<em>Hallelujah,<\/em>\u00a0por supuesto, y retrocede hasta el comienzo de su carrera como compositor para rastrear c\u00f3mo lleg\u00f3 all\u00ed. Se siente, de alguna manera, como dos pel\u00edculas diferentes: la primera parte es un documental biogr\u00e1fico est\u00e1ndar que luego cambia el enfoque a la resurrecci\u00f3n del tema m\u00e1s all\u00e1 de Cohen, antes de finalmente volver a centrar la atenci\u00f3n en el cantautor canadiense y su triunfante gira final. Como dice el t\u00edtulo, es un viaje, y uno largo.<\/p>\n<p>Los realizadores est\u00e1n enamorados de sus elocuentes entrevistados, desde Judy Collins y el compositor y arreglista John Lissauer, hasta un amigo de la infancia y su rabino Mordechi Finley. Una de las voces principales es el periodista y escritor Larry\u00a0<em>Ratso<\/em>\u00a0Sloman, quien entrevist\u00f3 a Cohen muchas veces a lo largo de 30 a\u00f1os y cuyas grabaciones se usan para que el cantautor hable por s\u00ed mismo. El material de archivo tambi\u00e9n es bastante extraordinario y se combina elegantemente con la m\u00fasica del canadiense en todo momento.<\/p>\n<p>Gran parte de la pel\u00edcula est\u00e1 dedicada a narrar el viaje espiritual de Cohen y su relaci\u00f3n evolutiva con su fe jud\u00eda, desde su poes\u00eda hasta sus \u00faltimos a\u00f1os en un centro zen en la cima de Mount Baldy. La cantante Regina Spektor se maravilla de su amabilidad en su actuaci\u00f3n en Coachella en 2009 y dice que fue como si el cantautor le estuviera ense\u00f1ando a la audiencia c\u00f3mo ser bueno.<\/p>\n<\/div>\n<div class=\"col col2\">\n<p class=\"sumario\">Retrato profundo y hol\u00edstico<\/p>\n<p class=\"s-s\">Sin embargo, a pesar de todas las conversaciones y elogios por su b\u00fasqueda, es una pel\u00edcula que parece completamente desinteresada en el hecho de que Cohen es padre de dos hijos. Vemos fotos de ellos cuando eran beb\u00e9s con su madre, durante una menci\u00f3n casual de que su familia se estaba separando. Un reportero menciona a los ni\u00f1os m\u00e1s tarde, pero s\u00f3lo en el contexto de aclarar que su madre, Suzanne Elrod, no era de hecho la mujer sobre la que cantaba en\u00a0<em>Suzanne\u201d.<\/em><\/p>\n<p>Puede que haya muchas razones para esto, incluida la posibilidad de respetar los deseos de sus hijos adultos o querer concentrarse en su trabajo. Pero la ausencia de cualquier reconocimiento hace que este intento de un retrato profundo y hol\u00edstico de Cohen se sienta incompleto en el mejor de los casos. Dedica m\u00e1s tiempo a explicar la est\u00e9tica de\u00a0<em>Shrek<\/em>\u00a0que la relaci\u00f3n con sus hijos.<\/p>\n<p>Quiz\u00e1 ellos no formaron parte del camino hacia\u00a0<em>Hallelujah,<\/em>\u00a0aunque su hija tuvo un v\u00e1stago con Rufus Wainwright, responsable de una de las versiones m\u00e1s famosas de la canci\u00f3n que de hecho aparece en la exitosa banda sonora de\u00a0<em>Shrek.<\/em><\/p>\n<p>El documental le da mucho cr\u00e9dito a\u00a0<em>Shrek<\/em>\u00a0por la vida prolongada de la canci\u00f3n. Aunque las bandas sonoras de las pel\u00edculas han deca\u00eddo un poco como moneda cultural, es dif\u00edcil subestimar el poder de escuchar una gran canci\u00f3n por primera vez en una pel\u00edcula.<\/p>\n<p>Sin embargo, es interesante que parece haber sido la versi\u00f3n de John Cale la que pas\u00f3 a ser la m\u00e1s influyente. \u00c9ste desarm\u00f3 el arreglo, tom\u00f3 el piano, cant\u00f3 la letra e hizo de\u00a0<em>Hallelujah<\/em>\u00a0un himno mel\u00f3dico. Jeff Buckley incluso dijo que aunque Cohen escribi\u00f3 la canci\u00f3n, su versi\u00f3n estaba inspirada en la interpretaci\u00f3n de Cale. Parece que nadie, ni Brandi Carlile ni Bono ni Eric Church, canta la versi\u00f3n del autor.<\/p>\n<p>En una entrevista, despu\u00e9s de que el tema fuera el n\u00famero uno (con la versi\u00f3n de la concursante de\u00a0<em>The X Factor<\/em>\u00a0Alexandra Burke), el 2 (Jeff Buckley) y el 36 (Cohen) de las listas de popularidad en el Reino Unido en 2008, el canadiense sostuvo que pensaba que\u00a0<q>la gente deber\u00eda dejar de cantarla por un rato<\/q>. Sloman cree que bromeaba, pero a este punto eso apenas importa. La canci\u00f3n se volvi\u00f3 m\u00e1s grande que su autor y parece destinada a vivir en la cultura en los a\u00f1os venideros.<\/p>\n<\/div>\n<\/div>\n<div class=\"go gui\">\n<div class=\"go-up\"><\/div>\n<\/div>\n<\/div>\n<div id=\"taboola-below-content-thumbnails\" class=\" trc_related_container trc_spotlight_widget tbl-feed-container tbl-feed-frame-DIVIDER  render-late-effect\" data-feed-container-num=\"1\" data-feed-main-container-id=\"taboola-below-content-thumbnails\" data-parent-placement-name=\"Below Content Thumbnails\" data-pub-lang=\"es\">\n<div class=\" tbl-feed-header tbl-logo-right-position\">\n<div class=\"tbl-feed-header-logo\"><\/div>\n<\/div>\n<\/div>\n","protected":false},"excerpt":{"rendered":"<p>La cinta\u00a0Hallelujah&#8230;,\u00a0viaje espiritual de Cohen y su relaci\u00f3n con la fe jud\u00eda De Dayna Goldfine y Dan Gellar, el documental se estrena hoy en EU Ap La Jornada Washington. Leonard Cohen estaba en lo m\u00e1s profundo de su carrera cuando termin\u00f3\u00a0Hallelujah.\u00a0Bueno, la primera versi\u00f3n: habr\u00eda muchas m\u00e1s, despu\u00e9s de todo. Hab\u00eda trabajado siete a\u00f1os en [&hellip;]<\/p>\n","protected":false},"author":249,"featured_media":28291,"comment_status":"open","ping_status":"closed","sticky":false,"template":"","format":"standard","meta":{"footnotes":""},"categories":[26],"tags":[],"class_list":["post-28290","post","type-post","status-publish","format-standard","has-post-thumbnail","hentry","category-mundo"],"_links":{"self":[{"href":"https:\/\/eloficiodehistoriar.com.mx\/index.php?rest_route=\/wp\/v2\/posts\/28290","targetHints":{"allow":["GET"]}}],"collection":[{"href":"https:\/\/eloficiodehistoriar.com.mx\/index.php?rest_route=\/wp\/v2\/posts"}],"about":[{"href":"https:\/\/eloficiodehistoriar.com.mx\/index.php?rest_route=\/wp\/v2\/types\/post"}],"author":[{"embeddable":true,"href":"https:\/\/eloficiodehistoriar.com.mx\/index.php?rest_route=\/wp\/v2\/users\/249"}],"replies":[{"embeddable":true,"href":"https:\/\/eloficiodehistoriar.com.mx\/index.php?rest_route=%2Fwp%2Fv2%2Fcomments&post=28290"}],"version-history":[{"count":1,"href":"https:\/\/eloficiodehistoriar.com.mx\/index.php?rest_route=\/wp\/v2\/posts\/28290\/revisions"}],"predecessor-version":[{"id":28292,"href":"https:\/\/eloficiodehistoriar.com.mx\/index.php?rest_route=\/wp\/v2\/posts\/28290\/revisions\/28292"}],"wp:featuredmedia":[{"embeddable":true,"href":"https:\/\/eloficiodehistoriar.com.mx\/index.php?rest_route=\/wp\/v2\/media\/28291"}],"wp:attachment":[{"href":"https:\/\/eloficiodehistoriar.com.mx\/index.php?rest_route=%2Fwp%2Fv2%2Fmedia&parent=28290"}],"wp:term":[{"taxonomy":"category","embeddable":true,"href":"https:\/\/eloficiodehistoriar.com.mx\/index.php?rest_route=%2Fwp%2Fv2%2Fcategories&post=28290"},{"taxonomy":"post_tag","embeddable":true,"href":"https:\/\/eloficiodehistoriar.com.mx\/index.php?rest_route=%2Fwp%2Fv2%2Ftags&post=28290"}],"curies":[{"name":"wp","href":"https:\/\/api.w.org\/{rel}","templated":true}]}}