{"id":28301,"date":"2022-07-02T09:33:40","date_gmt":"2022-07-02T15:33:40","guid":{"rendered":"https:\/\/eloficiodehistoriar.com.mx\/?p=28301"},"modified":"2022-07-02T09:33:40","modified_gmt":"2022-07-02T15:33:40","slug":"daniela-ortiz-solicito-al-museo-reina-sofia-que-retire-la-obra-de-su-autoria-vasos-comunicantes","status":"publish","type":"post","link":"https:\/\/eloficiodehistoriar.com.mx\/?p=28301","title":{"rendered":"Daniela Ortiz solicit\u00f3 al Museo Reina Sof\u00eda que retire la obra de su autor\u00eda \u00abVasos Comunicantes\u00bb"},"content":{"rendered":"<div id=\"article-cont\" class=\"main-cont article-cont actuality\">\n<div class=\"cabeza\">Artista pide al Reina Sof\u00eda que retire su obra en protesta por cumbre de la OTAN<\/div>\n<div class=\"sumarios\">\n<p>La peruana Daniela Ortiz se indign\u00f3 porque se emple\u00f3 el\u00a0<em>Guernica\u00a0<\/em>como tel\u00f3n fondo de una fotograf\u00eda oficial<\/p>\n<p>Considera <q>aberrante<\/q>\u00a0que\u00a0<q>figuras pol\u00edticas que deciden imponer la guerra a escala global<\/q>\u00a0den ese uso a la pieza m\u00e1s antibelicista de Pablo Picasso<\/p>\n<\/div>\n<div id=\"article-text\" class=\"text tbl-forkorts-article\">\n<div class=\"foto\">\n<div class=\"pie-foto\">Una de las piezas de la serie <em>Castas blancas,\u00a0<\/em>que Ortiz solicita sea retirada; est\u00e1 inspirada en los procesos de dominio que se siguieron reproduciendo tras la independencia en las antiguas colonias espa\u00f1olas.<\/div>\n<div><\/div>\n<\/div>\n<div class=\"col\">\n<div class=\"credito-autor\">Armando G. Tejeda<\/div>\n<div class=\"credito-titulo\"><\/div>\n<div class=\"hemero\">La Jornada<\/p>\n<\/div>\n<p class=\"s-s\">Madrid.<\/p>\n<p class=\"s-s\">La artista peruana Daniela Ortiz solicit\u00f3 al Museo Reina Sof\u00eda que retire lo antes posible la obra de su autor\u00eda que forma parte de la colecci\u00f3n permanente, en el apartado de Vasos Comunicantes, como se\u00f1al de protesta por la realizaci\u00f3n de un acto p\u00fablico de la Cumbre de Madrid de la Organizaci\u00f3n del Tratado de Atl\u00e1ntico Norte (OTAN), que finaliz\u00f3 el pasado jueves en la capital espa\u00f1ola.<\/p>\n<p>Con el\u00a0<em>Guernica\u00a0<\/em>como tel\u00f3n de fondo, una delegaci\u00f3n de los acompa\u00f1antes de los mandatarios, presidido por la reina Letizia, se hizo una fotograf\u00eda en la sala del museo, precisamente utilizando la pieza m\u00e1s antibelicista de Pablo Picasso, erigida tambi\u00e9n en un s\u00edmbolo contra la guerra y el fascismo.<\/p>\n<p>En una carta abierta, la artista peruana, nacida en 1985, entiende que la pinacoteca madrile\u00f1a no puede utilizar las obras p\u00fablicas que alberga para promocionar organizaciones que\u00a0<q>imponen la guerra y la violencia como la OTAN<\/q>.<\/p>\n<p>As\u00ed lo explica:\u00a0<q>La OTAN desde su creaci\u00f3n es una de las principales entidades para el sostenimiento de la hegemon\u00eda del imperialismo norteamericano y europeo en el sur global mediante la fuerza militar, habiendo sido parte de la invasi\u00f3n de territorios como Afganist\u00e1n, Irak o Libia, entre otros pa\u00edses que han visto sometida su soberan\u00eda y la vida de sus pueblos a las armas y la violencia de la OTAN<\/q>.<\/p>\n<p>Por eso le indign\u00f3 ver publicada la fotograf\u00eda de las parejas de los mandatarios reunidas en Madrid frente al cuadro de Picasso y encabezadas por la reina Letizia. Sobre todo cuando en\u00a0<q>dicha cumbre, celebrada d\u00edas despu\u00e9s de la masacre que arrebat\u00f3 la vida de por lo menos 37 personas migrantes, muchas de ellas procedentes de territorios en guerra y que fueron asesinadas a sangre fr\u00eda en la frontera espa\u00f1ola en un operativo de colaboraci\u00f3n entre las fuerzas de orden espa\u00f1olas y marroqu\u00edes, el gobierno espa\u00f1ol presidido por Pedro S\u00e1nchez, ha logrado que la OTAN incorpore como amenaza h\u00edbrida los llamados flujos migratorios, decisi\u00f3n que fortalecer\u00e1 la militarizaci\u00f3n de la frontera y la mortal violencia contra la poblaci\u00f3n migrante<\/q>.<\/p>\n<p>La artista tambi\u00e9n considera que es\u00a0<q>aberrante<\/q>\u00a0que una pintura como el\u00a0<em>Guernica\u00a0<\/em><q>sea utilizada como tel\u00f3n de fondo para aquellas figuras pol\u00edticas que deciden imponer la guerra a escala global. Es responsabilidad del Museo Reina Sof\u00eda no s\u00f3lo velar por la integridad f\u00edsica de las obras que resguarda, sino tambi\u00e9n por su integridad pol\u00edtica<\/q>.<\/p>\n<p class=\"sumario\">Recinto financiado por migrantes<\/p>\n<p class=\"s-s\"><q>El Museo Reina Sof\u00eda, financiado en gran medida con dinero p\u00fablico proveniente del esfuerzo de la clase trabajadora migrante y espa\u00f1ola, no puede utilizar no s\u00f3lo las obras de los artistas para los fines pol\u00edticos de organizaciones que impone la guerra y la violencia como la OTAN, sino adem\u00e1s los recursos p\u00fablicos para realizar actos de estas deplorables caracter\u00edsticas.<\/q><\/p>\n<p>El Museo Reina Sof\u00eda a\u00fan no ha tomado una decisi\u00f3n sobre el retiro de la obra, ya que, explicaron se trata de una medida que se tiene que adoptar de forma conjunta con los curadores y el patronato, sobre todo al tratarse de una pieza que forma parte de la colecci\u00f3n permanente.<\/p>\n<p>La serie\u00a0<em>Castas blancas,\u00a0<\/em>de Daniela Ortiz, est\u00e1 inspirada en los procesos de dominio que se siguieron reproduciendo tras la independencia en las antiguas colonias espa\u00f1olas. Vasos Comunicantes es la reordenaci\u00f3n de la colecci\u00f3n del museo que se puso en marcha a finales de 2021.<\/p>\n<p>Se proponen ocho episodios tem\u00e1ticos e incluye abundante obra de artistas latinoamericanos, entre ellos la propia creadora peruana.<\/p>\n<\/div>\n<\/div>\n<div class=\"go gui\">\n<div class=\"go-next\"><\/div>\n<div class=\"go-up\"><\/div>\n<\/div>\n<\/div>\n<div id=\"taboola-below-content-thumbnails\" class=\" trc_related_container trc_spotlight_widget tbl-feed-container tbl-feed-frame-DIVIDER  render-late-effect\" data-feed-container-num=\"1\" data-feed-main-container-id=\"taboola-below-content-thumbnails\" data-parent-placement-name=\"Below Content Thumbnails\" data-pub-lang=\"es\">\n<div class=\" tbl-feed-header tbl-logo-right-position\">\n<div class=\"tbl-feed-header-logo\"><\/div>\n<\/div>\n<\/div>\n","protected":false},"excerpt":{"rendered":"<p>Artista pide al Reina Sof\u00eda que retire su obra en protesta por cumbre de la OTAN La peruana Daniela Ortiz se indign\u00f3 porque se emple\u00f3 el\u00a0Guernica\u00a0como tel\u00f3n fondo de una fotograf\u00eda oficial Considera aberrante\u00a0que\u00a0figuras pol\u00edticas que deciden imponer la guerra a escala global\u00a0den ese uso a la pieza m\u00e1s antibelicista de Pablo Picasso Una de [&hellip;]<\/p>\n","protected":false},"author":249,"featured_media":28302,"comment_status":"open","ping_status":"closed","sticky":false,"template":"","format":"standard","meta":{"footnotes":""},"categories":[26],"tags":[],"class_list":["post-28301","post","type-post","status-publish","format-standard","has-post-thumbnail","hentry","category-mundo"],"_links":{"self":[{"href":"https:\/\/eloficiodehistoriar.com.mx\/index.php?rest_route=\/wp\/v2\/posts\/28301","targetHints":{"allow":["GET"]}}],"collection":[{"href":"https:\/\/eloficiodehistoriar.com.mx\/index.php?rest_route=\/wp\/v2\/posts"}],"about":[{"href":"https:\/\/eloficiodehistoriar.com.mx\/index.php?rest_route=\/wp\/v2\/types\/post"}],"author":[{"embeddable":true,"href":"https:\/\/eloficiodehistoriar.com.mx\/index.php?rest_route=\/wp\/v2\/users\/249"}],"replies":[{"embeddable":true,"href":"https:\/\/eloficiodehistoriar.com.mx\/index.php?rest_route=%2Fwp%2Fv2%2Fcomments&post=28301"}],"version-history":[{"count":1,"href":"https:\/\/eloficiodehistoriar.com.mx\/index.php?rest_route=\/wp\/v2\/posts\/28301\/revisions"}],"predecessor-version":[{"id":28303,"href":"https:\/\/eloficiodehistoriar.com.mx\/index.php?rest_route=\/wp\/v2\/posts\/28301\/revisions\/28303"}],"wp:featuredmedia":[{"embeddable":true,"href":"https:\/\/eloficiodehistoriar.com.mx\/index.php?rest_route=\/wp\/v2\/media\/28302"}],"wp:attachment":[{"href":"https:\/\/eloficiodehistoriar.com.mx\/index.php?rest_route=%2Fwp%2Fv2%2Fmedia&parent=28301"}],"wp:term":[{"taxonomy":"category","embeddable":true,"href":"https:\/\/eloficiodehistoriar.com.mx\/index.php?rest_route=%2Fwp%2Fv2%2Fcategories&post=28301"},{"taxonomy":"post_tag","embeddable":true,"href":"https:\/\/eloficiodehistoriar.com.mx\/index.php?rest_route=%2Fwp%2Fv2%2Ftags&post=28301"}],"curies":[{"name":"wp","href":"https:\/\/api.w.org\/{rel}","templated":true}]}}