{"id":28307,"date":"2022-07-02T09:43:59","date_gmt":"2022-07-02T15:43:59","guid":{"rendered":"https:\/\/eloficiodehistoriar.com.mx\/?p=28307"},"modified":"2022-07-02T09:43:59","modified_gmt":"2022-07-02T15:43:59","slug":"mario-lavista-musico-y-compositor-eminente-del-siglo-xx-y-xxi-para-mexico-y-el-mundo","status":"publish","type":"post","link":"https:\/\/eloficiodehistoriar.com.mx\/?p=28307","title":{"rendered":"Mario Lavista, m\u00fasico y compositor eminente del siglo XX y XXI para M\u00e9xico y el mundo"},"content":{"rendered":"<h4 class=\"titulo-nota \"><strong>Mario Lavista, m\u00fasico y compositor eminente del siglo XX y XXI para M\u00e9xico y el mundo<\/strong><\/h4>\n<div class=\" \">\n<div class=\"resena-item\">\n<p>A su vez, la directora general del INBAL, se\u00f1al\u00f3:<\/p>\n<p>\u201cM\u00e9xico le rinde honor a un gran m\u00fasico, al compositor m\u00e1s eminente de las \u00faltimas d\u00e9cadas, a uno de los m\u00e1s generosos, queridos y reconocidos maestros. Para Mario Lavista no hubo l\u00edmites en la m\u00fasica. La perplejidad y el asombro, la curiosidad y la experimentaci\u00f3n eran para \u00e9l casi naturales. Como buen sabio, se nutri\u00f3 de la literatura, la pintura, la m\u00fasica de los grandes. Su obra dio fecundos frutos a la m\u00fasica de Am\u00e9rica Latina y del mundo a trav\u00e9s de una po\u00e9tica sonora muy propia. Sus c\u00e1tedras de composici\u00f3n, an\u00e1lisis y lenguaje musical del siglo XX en el Conservatorio Nacional de M\u00fasica y su impulso a la revista <em>Pauta<\/em>\u00a0son irremplazables\u201d.<\/p>\n<p>Agreg\u00f3 que \u201cun dolor profundo cuando se despide a un amigo entra\u00f1able con quien se dialogaba en torno a la vida pol\u00edtica y cultural de M\u00e9xico. Abrazo con solidaridad a Claudia Lavista, su hija, destacada core\u00f3grafa con quien desarroll\u00f3 profundos procesos creativos. A su querida nieta Elisa, a su madre, do\u00f1a Mar\u00eda Luisa Camacho. El INBAL asume el compromiso de trabajar con su familia en torno al enorme legado de Mario Lavista, que es un universo infinito\u201d.<\/p>\n<p><strong>La pasi\u00f3n por la docencia y la composici\u00f3n<\/strong>.<\/p>\n<p>Mario Lavista conform\u00f3 un legado fundamental a la m\u00fasica de los siglos XX y XXI, no solo por su obra musical, sino tambi\u00e9n por su labor como divulgador y como maestro de numerosas generaciones de profesionales de la m\u00fasica y la composici\u00f3n.<\/p>\n<p>Su trayectoria art\u00edstica y acad\u00e9mica enriqueci\u00f3 la vida cultural y musical del pa\u00eds y de otras latitudes, por ello fue galardonado con m\u00faltiples reconocimientos, de los cuales destacan el Premio Nacional de Ciencias y Artes y la medalla Mozart en 1991, la distinci\u00f3n de Creador Em\u00e9rito por el entonces Consejo Nacional para la Cultura y las Artes (Conaculta) en 1995, \u00a0y la Medalla Conmemorativa del Palacio de Bellas Artes, en 2006, otorgada por el entonces Conaculta y el Instituto Nacional de Bellas Artes y Literatura. Desde 1987 form\u00f3 parte de La Academia de Artes; en 1998 ingres\u00f3 a El Colegio Nacional, fue miembro honorario del Seminario de Cultura Mexicana.<\/p>\n<p>El 22 de noviembre de 2013, fue galardonado con el XII premio SGAE de M\u00fasica Iberoamericana\u00a0<em>Tom\u00e1s Luis de Victoria,<\/em>\u00a0distinci\u00f3n concedida por primera vez a un compositor mexicano, no solo \u00abpor su relevante obra, profundamente arraigada en la identidad de su pa\u00eds y que contribuye a la creaci\u00f3n de un lenguaje universal en la cultura iberoamericana, sino adem\u00e1s por su pasi\u00f3n por la docencia y generaci\u00f3n de conocimiento con su extraordinaria labor como maestro de nuevas generaciones y difusor de la m\u00fasica actual\u201d, seg\u00fan lo ponder\u00f3 el acta del jurado.<\/p>\n<p>Siempre abierto a la experimentaci\u00f3n y en constante b\u00fasqueda del refinamiento del lenguaje musical, su obra abarca diferentes formatos, desde m\u00fasica para instrumento solo, as\u00ed como m\u00fasica vocal, de c\u00e1mara, orquesta y su \u00fanica \u00f3pera,\u00a0<em>Aura,<\/em>\u00a0basada en la obra de Carlos Fuentes y realizada con una beca de la Fundaci\u00f3n Guggenheim. Destacan tambi\u00e9n sus seis cuartetos de cuerdas, en especial el No. 2,\u00a0<em>Reflejos de la noche,\u00a0<\/em>que es quiz\u00e1s, junto a\u00a0<em>Simurg<\/em>\u00a0para piano, una de sus obras m\u00e1s programadas, a pesar de la dificultad interpretativa que implica. De igual forma,\u00a0<em>Marsias\u00a0<\/em>para oboe y copas de cristal refleja la fascinaci\u00f3n de Lavista por esos otros sonidos que esconden los instrumentos.<\/p>\n<p>A lo largo de su trayectoria, desarroll\u00f3 un profundo inter\u00e9s por otras artes y por la interdisciplina. Fue as\u00ed que realiz\u00f3 obras como\u00a0<em>M\u00fasica para un \u00e1rbol<\/em>\u00a0y\u00a0<em>Bocetos para una rama<\/em>, a prop\u00f3sito de la obra de la artista pl\u00e1stica Sandra Pani. La danza tambi\u00e9n form\u00f3 parte de sus procesos creativos, por ello compuso m\u00fasica para diversos proyectos que desarroll\u00f3 en colaboraci\u00f3n con su hija, la bailarina y core\u00f3grafa Claudia Lavista, entre ellos,\u00a0<em>Divertimento para una bruja,<\/em>\u00a0escrita para la obra coreogr\u00e1fica\u00a0<em>Memoria Ciega,<\/em>\u00a0dentro del Homenaje Nacional a Guillermina Bravo en 2020. Su gusto por la m\u00fasica de cine qued\u00f3 plasmado en las bandas sonoras de pel\u00edculas como\u00a0<em>Cabeza de Vaca<\/em>,\u00a0<em>Vivir mata<\/em>,\u00a0<em>Eco de la monta\u00f1a<\/em>\u00a0y\u00a0<em>Mar\u00eda Sabina<\/em>.<\/p>\n<p>Como parte de su ardua labor en la divulgaci\u00f3n y el an\u00e1lisis en torno al quehacer musical, a trav\u00e9s de El Colegio Nacional, public\u00f3 los textos\u00a0<em>Cuadernos de m\u00fasica<\/em>\u00a0y<em>\u00a013 comentarios en torno a la m\u00fasica,\u00a0<\/em>y en colaboraci\u00f3n con el Centro de Investigaci\u00f3n, Documentaci\u00f3n e Informaci\u00f3n Musical Carlos Ch\u00e1vez (Cenidim) public\u00f3 el libro\u00a0<em>Mario Lavista.<\/em>\u00a0<em>Textos en torno a la m\u00fasica<\/em>. Asimismo, fue fundador y director de la revista\u00a0<em>Pauta, cuadernos de teor\u00eda y cr\u00edtica musical<\/em>.<\/p>\n<p>Su compromiso con la formaci\u00f3n de nuevas generaciones de compositores fue patente desde su ingreso al Conservatorio Nacional de M\u00fasica (CNM), en donde por m\u00e1s de 45 a\u00f1os foment\u00f3 la libertad de creaci\u00f3n y la experimentaci\u00f3n de nuevas t\u00e9cnicas instrumentales a trav\u00e9s de las c\u00e1tedras de An\u00e1lisis, Composici\u00f3n y Lenguaje Musical del siglo XX, gracias a las cuales se formaron varias de las voces m\u00e1s representativas de la composici\u00f3n en M\u00e9xico en la actualidad. Su constante disposici\u00f3n por compartir sus conocimientos, lo llev\u00f3 tambi\u00e9n a impartir seminarios y conferencias en prestigiosas universidades del extranjero, principalmente en Estados Unidos.<\/p>\n<p>En relaci\u00f3n con sus actividades acad\u00e9micas, Mario Lavista consideraba \u201cque el ejercicio de la docencia puede ser igualmente creativo, interviene con la imaginaci\u00f3n y es espl\u00e9ndido el contacto con los j\u00f3venes y que lo cuestionen a uno en muchos sentidos\u201d. De igual forma sosten\u00eda que \u201chay una especie de exigencia social que me dice que una manera de retribuir a la naci\u00f3n por lo que me dio, es a trav\u00e9s del ejercicio de la docencia, es preparando lo mejor que uno puede a los j\u00f3venes\u00bb, y as\u00ed lo cumpli\u00f3.<\/p>\n<p>Gracias a su estrecha relaci\u00f3n con el CNM, en el marco del 39 Foro Internacional de M\u00fasica Nueva Manuel Enr\u00edquez (FIMNME) en 2017, los ensambles de M\u00fasica Contempor\u00e1nea del CNM y de la Facultad de M\u00fasica de la Universidad Nacional Aut\u00f3noma de M\u00e9xico (UNAM) realizaron el estreno en M\u00e9xico de\u00a0<em>Cristo de San Juan de la Cruz<\/em>, obra comisionada a Lavista en Espa\u00f1a para conmemorar el centenario del nacimiento de Salvador Dal\u00ed. De igual forma, en 2018 se realiz\u00f3 la presentaci\u00f3n de su \u00f3pera\u00a0<em>Aura<\/em>, en el auditorio Silvestre Revueltas del CNM, como parte de una colaboraci\u00f3n acad\u00e9mica entre la Secretar\u00eda de Cultura, el INBAL y la Secretar\u00eda de Marina.<\/p>\n<p>La m\u00fasica de Mario Lavista fue constante protagonista de diferentes ediciones del FIMNME por lo que, en 2013, se realiz\u00f3 la conferencia\u00a0<em>Mario Lavista: cuaderno de viaje<\/em>, en ocasi\u00f3n del 70 aniversario del compositor.<\/p>\n<p>En su permanente colaboraci\u00f3n con el INBAL, al que consider\u00f3 su casa creativa, Lavista Camacho deja importantes aportaciones al quehacer musical del pa\u00eds, en complicidad con agrupaciones como la Orquesta Sinf\u00f3nica Nacional (OSN), la Orquesta de C\u00e1mara de Bellas Artes (OCBA) y especialmente con el Centro de Experimentaci\u00f3n y Producci\u00f3n de M\u00fasica Contempor\u00e1nea (<em>Cepromusic<\/em>), agrupaciones que han dado vida a su m\u00fasica.<\/p>\n<p>En febrero de este a\u00f1o, a trav\u00e9s de la plataforma YouTube del INBAL y como parte de la iniciativa Contigo en la distancia, el Cepromusic en su ciclo\u00a0<em>Presencias<\/em>, transmiti\u00f3 una charla entre Jos\u00e9 Luis Castillo y Mario Lavista, en la cual expuso interesantes reflexiones en torno a la situaci\u00f3n sanitaria y el quehacer musical, adem\u00e1s de hablar sobre su obra\u00a0<em>Duelo,<\/em>\u00a0para trompeta, la cual se puede escuchar y seguir la partitura en la misma sesi\u00f3n:\u00a0<a href=\"https:\/\/www.youtube.com\/watch?v=-d2VrB2Uj2c\">https:\/\/www.youtube.com\/watch?v=-d2VrB2Uj2c<\/a>.<\/p>\n<\/div>\n<\/div>\n","protected":false},"excerpt":{"rendered":"<p>Mario Lavista, m\u00fasico y compositor eminente del siglo XX y XXI para M\u00e9xico y el mundo A su vez, la directora general del INBAL, se\u00f1al\u00f3: \u201cM\u00e9xico le rinde honor a un gran m\u00fasico, al compositor m\u00e1s eminente de las \u00faltimas d\u00e9cadas, a uno de los m\u00e1s generosos, queridos y reconocidos maestros. Para Mario Lavista no [&hellip;]<\/p>\n","protected":false},"author":249,"featured_media":28308,"comment_status":"open","ping_status":"closed","sticky":false,"template":"","format":"standard","meta":{"footnotes":""},"categories":[26],"tags":[],"class_list":["post-28307","post","type-post","status-publish","format-standard","has-post-thumbnail","hentry","category-mundo"],"_links":{"self":[{"href":"https:\/\/eloficiodehistoriar.com.mx\/index.php?rest_route=\/wp\/v2\/posts\/28307","targetHints":{"allow":["GET"]}}],"collection":[{"href":"https:\/\/eloficiodehistoriar.com.mx\/index.php?rest_route=\/wp\/v2\/posts"}],"about":[{"href":"https:\/\/eloficiodehistoriar.com.mx\/index.php?rest_route=\/wp\/v2\/types\/post"}],"author":[{"embeddable":true,"href":"https:\/\/eloficiodehistoriar.com.mx\/index.php?rest_route=\/wp\/v2\/users\/249"}],"replies":[{"embeddable":true,"href":"https:\/\/eloficiodehistoriar.com.mx\/index.php?rest_route=%2Fwp%2Fv2%2Fcomments&post=28307"}],"version-history":[{"count":1,"href":"https:\/\/eloficiodehistoriar.com.mx\/index.php?rest_route=\/wp\/v2\/posts\/28307\/revisions"}],"predecessor-version":[{"id":28309,"href":"https:\/\/eloficiodehistoriar.com.mx\/index.php?rest_route=\/wp\/v2\/posts\/28307\/revisions\/28309"}],"wp:featuredmedia":[{"embeddable":true,"href":"https:\/\/eloficiodehistoriar.com.mx\/index.php?rest_route=\/wp\/v2\/media\/28308"}],"wp:attachment":[{"href":"https:\/\/eloficiodehistoriar.com.mx\/index.php?rest_route=%2Fwp%2Fv2%2Fmedia&parent=28307"}],"wp:term":[{"taxonomy":"category","embeddable":true,"href":"https:\/\/eloficiodehistoriar.com.mx\/index.php?rest_route=%2Fwp%2Fv2%2Fcategories&post=28307"},{"taxonomy":"post_tag","embeddable":true,"href":"https:\/\/eloficiodehistoriar.com.mx\/index.php?rest_route=%2Fwp%2Fv2%2Ftags&post=28307"}],"curies":[{"name":"wp","href":"https:\/\/api.w.org\/{rel}","templated":true}]}}