{"id":28311,"date":"2022-07-03T10:00:26","date_gmt":"2022-07-03T16:00:26","guid":{"rendered":"https:\/\/eloficiodehistoriar.com.mx\/?p=28311"},"modified":"2022-07-03T10:00:26","modified_gmt":"2022-07-03T16:00:26","slug":"la-representacion-de-los-alimentos-en-la-pintura-ha-sido-un-tema-recurrente-desde-epocas-milenarias","status":"publish","type":"post","link":"https:\/\/eloficiodehistoriar.com.mx\/?p=28311","title":{"rendered":"La representaci\u00f3n de los alimentos en la pintura ha sido un tema recurrente desde \u00e9pocas milenarias"},"content":{"rendered":"<h1 class=\"ljs-merri\">Artes visuales<\/h1>\n<div id=\"carouselSemControls\" class=\"carousel slide\" data-ride=\"carousel\"><\/div>\n<div class=\"ljs-nota-descripcion\">Fest\u00edn de sabores, fest\u00edn de placeres en el MUNAL<\/div>\n<div class=\"ljs-nota-cuerpo\">\n<p>&nbsp;<\/p>\n<p>La representaci\u00f3n de los alimentos en la pintura ha sido un tema recurrente desde \u00e9pocas milenarias por tratarse de uno de los t\u00f3picos inherentes al devenir cotidiano del ser humano. Desde tiempos prehisp\u00e1nicos hasta la actualidad contamos con im\u00e1genes de frutos y legumbres, platillos y enseres culinarios plasmados en c\u00f3dices, alfarer\u00eda, tallas y pinturas que nos arrojan luces sobre los procesos de transformaci\u00f3n de nuestra sociedad a trav\u00e9s de su alimentaci\u00f3n. Las naturalezas muertas o bodegones aparecieron como g\u00e9nero pict\u00f3rico independiente en el siglo XVII en los Pa\u00edses Bajos, tradici\u00f3n que lleg\u00f3 a la Nueva Espa\u00f1a donde se origin\u00f3 la pintura de castas cuyo objetivo era documentar el mestizaje racial. En este muy particular y extraordinario g\u00e9nero pict\u00f3rico encontramos constantemente la presencia de productos regionales, en especial las frutas, con frecuencia numeradas y marcadas con la relaci\u00f3n de sus nombres. Ya entrado el siglo XIX, las naturalezas muertas cobran importancia entre las clases acomodadas que las integran a la decoraci\u00f3n de sus comedores, costumbre que se perpet\u00faa hasta nuestros d\u00edas. Un sinf\u00edn de exposiciones se han organizado en nuestro pa\u00eds en torno al bodeg\u00f3n mexicano, pero por primera vez se aborda la alimentaci\u00f3n desde una perspectiva transversal en la magna muestra\u00a0<i>Fest\u00edn de sabores. Banquete mexicano\u00a0<\/i>que se presenta en el Museo Nacional de Arte (MUNAL) en el marco de su 40 Aniversario, integrada por cerca de trescientas piezas que abarcan un vasto panorama hist\u00f3rico y art\u00edstico.<\/p>\n<p>Esta exposici\u00f3n es el resultado de una larga investigaci\u00f3n de la curadora Mar\u00eda Estela Duarte, mejor conocida como Teli, quien, a lo largo de sus cuarenta y ocho a\u00f1os de desempe\u00f1o en el INBAL, ha reunido un invaluable registro de obras pertenecientes a colecciones privadas que en la presente exhibici\u00f3n forman parte medular de su gui\u00f3n curatorial, ya que un buen n\u00famero de ellas se exhibe al p\u00fablico por vez primera.Se trata de un recorrido panor\u00e1mico a vista de p\u00e1jaro a trav\u00e9s de pinturas, obras gr\u00e1ficas, dibujos, acuarelas, esculturas y fotograf\u00edas que abordan la comida como tema principal o como parte de una representaci\u00f3n de escenas costumbristas, como son los mercados, las cocinas y las alacenas, los comedores p\u00fablicos y privados, as\u00ed como las festividades en las que los alimentos juegan un papel protag\u00f3nico. Como complemento se incluye una selecci\u00f3n de material gr\u00e1fico de archivo donde aparecen fotograf\u00edas de banquetes ofrecidos por diversos gobernantes o personalidades, men\u00fas impresos, im\u00e1genes de \u00e9poca de mercados importantes y bibliograf\u00eda culinaria. Duarte consigui\u00f3 un gui\u00f3n curatorial muy bien balanceado entre la presencia de numerosos pintores poco conocidos de los siglos XX y XXI que alternan con los grandes nombres, como \u00c1ngel Z\u00e1rraga, Jos\u00e9 Clemente Orozco, Siqueiros, Mar\u00eda Izquierdo, Olga Costa, Hermenegildo Bustos, Casimiro Castro y \u00c9douard Pingret, por mencionar algunos.<\/p>\n<p>Esta deliciosa exposici\u00f3n da cuenta de c\u00f3mo nos relacionamos con la comida desde una perspectiva cultural y art\u00edstica. A trav\u00e9s de los olores y sabores que entran por los ojos, el p\u00fablico se aventura en una experiencia profundamente sensorial. El recorrido culmina con el espectacular montaje escenogr\u00e1fico del artista y restaurador Alfredo Mar\u00edn, quien nos presenta una mesa de comedor engalanada con excelsas piezas de arte popular en una composici\u00f3n ultrabarroca de vivo colorido. En torno a la mesa se muestra una serie de alacenas construidas por el propio artista con objetos en miniatura, en las que despliega su exquisito refinamiento en una factura artesanal de una imaginaci\u00f3n desbordada. \u201cEsta exposici\u00f3n despierta muchas emociones \u2013expresa Teli Duarte\u2013, el p\u00fablico lo externa mucho porque es parte de su historia, y todo esto es muy nost\u00e1lgico.\u201d Una muestra caleidosc\u00f3pica que aviva todos los sentidos y provoca placer, lo cual es un goce en estos tiempos atribulados.<\/p>\n<p>&nbsp;<\/p>\n<p>&nbsp;<\/p>\n<\/div>\n","protected":false},"excerpt":{"rendered":"<p>Artes visuales Fest\u00edn de sabores, fest\u00edn de placeres en el MUNAL &nbsp; La representaci\u00f3n de los alimentos en la pintura ha sido un tema recurrente desde \u00e9pocas milenarias por tratarse de uno de los t\u00f3picos inherentes al devenir cotidiano del ser humano. Desde tiempos prehisp\u00e1nicos hasta la actualidad contamos con im\u00e1genes de frutos y legumbres, [&hellip;]<\/p>\n","protected":false},"author":249,"featured_media":28312,"comment_status":"open","ping_status":"closed","sticky":false,"template":"","format":"standard","meta":{"footnotes":""},"categories":[26],"tags":[],"class_list":["post-28311","post","type-post","status-publish","format-standard","has-post-thumbnail","hentry","category-mundo"],"_links":{"self":[{"href":"https:\/\/eloficiodehistoriar.com.mx\/index.php?rest_route=\/wp\/v2\/posts\/28311","targetHints":{"allow":["GET"]}}],"collection":[{"href":"https:\/\/eloficiodehistoriar.com.mx\/index.php?rest_route=\/wp\/v2\/posts"}],"about":[{"href":"https:\/\/eloficiodehistoriar.com.mx\/index.php?rest_route=\/wp\/v2\/types\/post"}],"author":[{"embeddable":true,"href":"https:\/\/eloficiodehistoriar.com.mx\/index.php?rest_route=\/wp\/v2\/users\/249"}],"replies":[{"embeddable":true,"href":"https:\/\/eloficiodehistoriar.com.mx\/index.php?rest_route=%2Fwp%2Fv2%2Fcomments&post=28311"}],"version-history":[{"count":1,"href":"https:\/\/eloficiodehistoriar.com.mx\/index.php?rest_route=\/wp\/v2\/posts\/28311\/revisions"}],"predecessor-version":[{"id":28313,"href":"https:\/\/eloficiodehistoriar.com.mx\/index.php?rest_route=\/wp\/v2\/posts\/28311\/revisions\/28313"}],"wp:featuredmedia":[{"embeddable":true,"href":"https:\/\/eloficiodehistoriar.com.mx\/index.php?rest_route=\/wp\/v2\/media\/28312"}],"wp:attachment":[{"href":"https:\/\/eloficiodehistoriar.com.mx\/index.php?rest_route=%2Fwp%2Fv2%2Fmedia&parent=28311"}],"wp:term":[{"taxonomy":"category","embeddable":true,"href":"https:\/\/eloficiodehistoriar.com.mx\/index.php?rest_route=%2Fwp%2Fv2%2Fcategories&post=28311"},{"taxonomy":"post_tag","embeddable":true,"href":"https:\/\/eloficiodehistoriar.com.mx\/index.php?rest_route=%2Fwp%2Fv2%2Ftags&post=28311"}],"curies":[{"name":"wp","href":"https:\/\/api.w.org\/{rel}","templated":true}]}}