{"id":28317,"date":"2022-07-03T10:08:54","date_gmt":"2022-07-03T16:08:54","guid":{"rendered":"https:\/\/eloficiodehistoriar.com.mx\/?p=28317"},"modified":"2022-07-03T10:08:54","modified_gmt":"2022-07-03T16:08:54","slug":"las-jornadas-binacionales-de-literatura-abigael-bohorquez-nacieron-a-principios-de-los-noventa","status":"publish","type":"post","link":"https:\/\/eloficiodehistoriar.com.mx\/?p=28317","title":{"rendered":"Las Jornadas Binacionales de Literatura \u00abAbigael Boh\u00f3rquez\u00bb nacieron a principios de los noventa"},"content":{"rendered":"<h1 class=\"ljs-merri\">Tomar la palabra<\/h1>\n<p><span class=\"sem-autor\">Agust\u00edn Ramos<\/span><\/p>\n<div id=\"carouselSemControls\" class=\"carousel slide\" data-ride=\"carousel\">\n<div class=\"carousel-inner\">\n<div class=\"carousel-item active\">\n<div class=\"ljs-nota-img\">\n<p class=\"ljs-nota-pie\">Criaturas del desierto<\/p>\n<\/div>\n<\/div>\n<\/div>\n<\/div>\n<div class=\"ljs-nota-cuerpo\">\n<p>&nbsp;<\/p>\n<p align=\"RIGHT\"><i>a Jes\u00fas Ba\u00f1uelos Acevedo, asesinado por<br \/>\noponerse al basurero t\u00f3xico.<\/i><\/p>\n<p align=\"RIGHT\"><i>A la Dra. Carolina Garc\u00eda, en Atitalaquia, Hidalgo.<\/i><\/p>\n<p>&nbsp;<\/p>\n<p>Las Jornadas Binacionales de Literatura Abigael Boh\u00f3rquez nacieron a principios de los noventa del siglo pasado en San Luis R\u00edo Colorado, Sonora. Rub\u00e9n Meneses, alma y musculatura de las Jornadas, puntualiza que \u00e9stas se originaron en la celebraci\u00f3n del primer aniversario de la Sociedad de Escritores local, fundada en la librer\u00eda Los Portales del periodista \u00c1ngel Retano. El proyecto naci\u00f3 \u2013dice\u2013 \u201ccomo un milagro\u201d. Como esas criaturas del desierto, digo yo, que aparecen s\u00f3lo para asomarse a ver la vida y acaban sobreviviendo diluvios. Al primer encuentro acudieron los entonces biso\u00f1os Manuel Cuen Gamboa, la milagrosa Ni\u00f1a Fidelia Caballero y el propio Meneses, as\u00ed como autores reconocidos de la regi\u00f3n y los consagrados Dar\u00edo Galaviz, Luis Enrique Garc\u00eda, Jes\u00fas Antonio Villa y Abigael Boh\u00f3rquez, quien muri\u00f3 en 1995. El incipiente coloquio fronterizo adopt\u00f3 el nombre de \u00e9ste, \u201cnuestro poeta mayor\u201d, como lo reconoce Rub\u00e9n Meneses y, tambi\u00e9n, Gerardo Bustamante Berm\u00fadez, a quien se debe el libro\u00a0<i>Abigael Boh\u00f3rquez. Poes\u00eda reunida e in\u00e9dita<\/i>\u00a0https:\/\/sic.cultura.gob.mx\/ficha.php?table=fondo_editorial&amp;table_id=6638.<\/p>\n<p>&nbsp;<\/p>\n<p><b>* * *<\/b><\/p>\n<p>Con el tiempo, las Jornadas convocaron a escritores oriundos o avecindados en el noroeste. Despu\u00e9s, en sinergia con las ferias del libro y los festivales literarios de Tijuana, La Paz y Mexicali, y con iniciativas sonorenses como Bajo el asedio de los signos, Festival de la palabra y Las horas de junio, las jornadas se esparcieron por la Rep\u00fablica. Pronto borraron la frontera nacional \u2013o la rompieron por lo m\u00e1s delgado, que es la cultura\u2013 y se volvieron binacionales, con la participaci\u00f3n de \u201clos c\u00f3mplices de la Rep\u00fablica Chicana\u201d y m\u00e1s y m\u00e1s escritores e investigadores de California, Nuevo M\u00e9xico, Texas y Arizona.<\/p>\n<p>&nbsp;<\/p>\n<p><b>* * *<\/b><\/p>\n<p>Algunos nombres entra\u00f1ables de quienes vinieron del otro lado son David Alberto Mu\u00f1oz (QEPD,\u00a0<i>Insanities, Soundness, and Reality<\/i>, Garabatos, 2016), Sa\u00fal Cuevas (<i>Barrioztl\u00e1n<\/i>, 1999, y\u00a0<i>Verde VitaAmort: Vida, amor i muerte<\/i>, Premio Nacional de Narrativa Chicana en Espa\u00f1ol 2015) y Juan Carlos Ram\u00edrez Pimienta (San Diego State University,\u00a0<i>Cantar a los narcos<\/i>, 2005, e\u00a0<i>Historia temprana del crimen organizado en los corridos de Ciudad Ju\u00e1rez<\/i>, 2021). Al igual que Graciela Silva-Rodr\u00edguez y Manuel de Jes\u00fas Hern\u00e1ndez, para m\u00ed los m\u00e1s destacados y perseverantes contertulios. Ella obtuvo el ASU Red-Black Excellence Award in Mexican-American &amp; Northern Mexican Border Studies y es autora de un texto no acad\u00e9mico, casi clandestino,\u00a0<i>Adi\u00f3s, mi Moreno<\/i>, 2022. El Dr. Hern\u00e1ndez es un \u201cvehemente estudioso de la literatura y el arte chicanos\u201d, y ha recibido un sinf\u00edn de galardones (a m\u00ed me regal\u00f3, ac\u00e1 entre nos, estupendas muestras de la narrativa de Arizona:\u00a0<i>Caras viejas y vino nuevo<\/i>, de Alejandro Morales;\u00a0<i>The Devil in Texas<\/i>, de Aristeo Brito;\u00a0<i>El condado de Belken<\/i>, de Rolando Hinojosa y\u00a0<i>Pl\u00e1ticas de mi barrio<\/i>, de Carlos Ponce-Mel\u00e9ndez, entre otras que prometo rese\u00f1ar).<\/p>\n<p>&nbsp;<\/p>\n<p><b>* * *<\/b><\/p>\n<p>\u201cTreinta a\u00f1os despleg\u00e1ndose sobre el aire de este vital Gran Desierto, para dejar caer a tierra f\u00e9rtil las semillas que han hecho germinar las letras de esta regi\u00f3n binacional sin muros\u201d, termina diciendo Rub\u00e9n Meneses en su presentaci\u00f3n de las Jornadas Binacionales de 2022, que este a\u00f1o llevan de figura principal a \u00d3scar Oliva, otro poeta mayor, y otorgan\u00a0<i>post mortem<\/i>\u00a0la medalla Abigael Boh\u00f3rquez a un escritor nativo de San Luis R\u00edo Colorado quien, al fin criatura del desierto, nos ha reservado m\u00e1s de una sorpresa. Pero esa es otra historia.<\/p>\n<\/div>\n","protected":false},"excerpt":{"rendered":"<p>Tomar la palabra Agust\u00edn Ramos Criaturas del desierto &nbsp; a Jes\u00fas Ba\u00f1uelos Acevedo, asesinado por oponerse al basurero t\u00f3xico. A la Dra. Carolina Garc\u00eda, en Atitalaquia, Hidalgo. &nbsp; Las Jornadas Binacionales de Literatura Abigael Boh\u00f3rquez nacieron a principios de los noventa del siglo pasado en San Luis R\u00edo Colorado, Sonora. Rub\u00e9n Meneses, alma y musculatura [&hellip;]<\/p>\n","protected":false},"author":249,"featured_media":28318,"comment_status":"open","ping_status":"closed","sticky":false,"template":"","format":"standard","meta":{"footnotes":""},"categories":[26],"tags":[],"class_list":["post-28317","post","type-post","status-publish","format-standard","has-post-thumbnail","hentry","category-mundo"],"_links":{"self":[{"href":"https:\/\/eloficiodehistoriar.com.mx\/index.php?rest_route=\/wp\/v2\/posts\/28317","targetHints":{"allow":["GET"]}}],"collection":[{"href":"https:\/\/eloficiodehistoriar.com.mx\/index.php?rest_route=\/wp\/v2\/posts"}],"about":[{"href":"https:\/\/eloficiodehistoriar.com.mx\/index.php?rest_route=\/wp\/v2\/types\/post"}],"author":[{"embeddable":true,"href":"https:\/\/eloficiodehistoriar.com.mx\/index.php?rest_route=\/wp\/v2\/users\/249"}],"replies":[{"embeddable":true,"href":"https:\/\/eloficiodehistoriar.com.mx\/index.php?rest_route=%2Fwp%2Fv2%2Fcomments&post=28317"}],"version-history":[{"count":1,"href":"https:\/\/eloficiodehistoriar.com.mx\/index.php?rest_route=\/wp\/v2\/posts\/28317\/revisions"}],"predecessor-version":[{"id":28319,"href":"https:\/\/eloficiodehistoriar.com.mx\/index.php?rest_route=\/wp\/v2\/posts\/28317\/revisions\/28319"}],"wp:featuredmedia":[{"embeddable":true,"href":"https:\/\/eloficiodehistoriar.com.mx\/index.php?rest_route=\/wp\/v2\/media\/28318"}],"wp:attachment":[{"href":"https:\/\/eloficiodehistoriar.com.mx\/index.php?rest_route=%2Fwp%2Fv2%2Fmedia&parent=28317"}],"wp:term":[{"taxonomy":"category","embeddable":true,"href":"https:\/\/eloficiodehistoriar.com.mx\/index.php?rest_route=%2Fwp%2Fv2%2Fcategories&post=28317"},{"taxonomy":"post_tag","embeddable":true,"href":"https:\/\/eloficiodehistoriar.com.mx\/index.php?rest_route=%2Fwp%2Fv2%2Ftags&post=28317"}],"curies":[{"name":"wp","href":"https:\/\/api.w.org\/{rel}","templated":true}]}}