{"id":28333,"date":"2022-07-04T09:19:04","date_gmt":"2022-07-04T15:19:04","guid":{"rendered":"https:\/\/eloficiodehistoriar.com.mx\/?p=28333"},"modified":"2022-07-04T09:19:04","modified_gmt":"2022-07-04T15:19:04","slug":"las-comunidades-indigenas-de-el-desemboque-y-punta-chueca-celebraron-el-ano-nuevo-seri","status":"publish","type":"post","link":"https:\/\/eloficiodehistoriar.com.mx\/?p=28333","title":{"rendered":"Las comunidades ind\u00edgenas de El Desemboque y Punta Chueca celebraron el A\u00f1o Nuevo seri."},"content":{"rendered":"<div id=\"article-cont\" class=\"main-cont article-cont actuality\">\n<div class=\"cabeza\">Junto al desierto y el mar, celebran el A\u00f1o Nuevo seri<\/div>\n<div class=\"sumarios\"><\/div>\n<div id=\"article-text\" class=\"text\">\n<div class=\"foto\">\n<div class=\"pie-foto\">Las comunidades ind\u00edgenas de El Desemboque y Punta Chueca celebraron el A\u00f1o Nuevo seri.<\/div>\n<div><\/div>\n<div class=\"pie-foto\">En la fiesta participaron tambi\u00e9n integrantes de la tribu mayo, quienes los acompa\u00f1aron a bailar la Danza del Venado y a entonar c\u00e1nticos.<\/div>\n<div><\/div>\n<\/div>\n<div class=\"col col1\">\n<div class=\"credito-autor\">Cristina G\u00f3mez Lima<\/div>\n<div class=\"credito-titulo\"><\/div>\n<div class=\"hemero\">La Jornada<\/p>\n<\/div>\n<p class=\"s-s\">Hermosillo, Son.,<\/p>\n<p class=\"s-s\">Con la bandera de la naci\u00f3n comca\u00e1c ondeando frente a la Isla del Tibur\u00f3n, las comunidades ind\u00edgenas de El Desemboque y Punta Chueca se reunieron frente al Canal del Infiernillo, en la costa de este municipio, para celebrar el A\u00f1o Nuevo seri.<\/p>\n<p>Enrique Robles Barnett, presidente del consejo de ancianos de la naci\u00f3n comca\u00e1c, presidi\u00f3 la ceremonia que se conmemoran cada primero de julio.<\/p>\n<p><q>Estamos festejando la llegada de las lluvias y la producci\u00f3n de las plantas del desierto. En este tiempo se celebra a la orilla del mar; salimos a juntar pitahayas y mezquites<\/q>, coment\u00f3.<\/p>\n<\/div>\n<div class=\"col col2\">\n<p>La conmemoraci\u00f3n tuvo lugar en el territorio de Punta Chueca, donde el Gran Desierto de Altar se funde con el Mar de Cort\u00e9s. Los comca\u00e1c bailaron, cantaron y rezaron junto a decenas de visitantes para agradecer el reverdecer de la naturaleza.<\/p>\n<\/div>\n<\/div>\n<div class=\"go gui\">\n<div class=\"go-up\"><\/div>\n<\/div>\n<\/div>\n<div id=\"taboola-below-content-thumbnails\" class=\" trc_related_container trc_spotlight_widget tbl-feed-container tbl-feed-frame-DIVIDER  render-late-effect\" data-feed-container-num=\"1\" data-feed-main-container-id=\"taboola-below-content-thumbnails\" data-parent-placement-name=\"Below Content Thumbnails\" data-pub-lang=\"es\">\n<div class=\" tbl-feed-header tbl-logo-right-position\">\n<div class=\"tbl-feed-header-logo\"><\/div>\n<\/div>\n<\/div>\n","protected":false},"excerpt":{"rendered":"<p>Junto al desierto y el mar, celebran el A\u00f1o Nuevo seri Las comunidades ind\u00edgenas de El Desemboque y Punta Chueca celebraron el A\u00f1o Nuevo seri. En la fiesta participaron tambi\u00e9n integrantes de la tribu mayo, quienes los acompa\u00f1aron a bailar la Danza del Venado y a entonar c\u00e1nticos. Cristina G\u00f3mez Lima La Jornada Hermosillo, Son., [&hellip;]<\/p>\n","protected":false},"author":249,"featured_media":28334,"comment_status":"open","ping_status":"closed","sticky":false,"template":"","format":"standard","meta":{"footnotes":""},"categories":[26],"tags":[],"class_list":["post-28333","post","type-post","status-publish","format-standard","has-post-thumbnail","hentry","category-mundo"],"_links":{"self":[{"href":"https:\/\/eloficiodehistoriar.com.mx\/index.php?rest_route=\/wp\/v2\/posts\/28333","targetHints":{"allow":["GET"]}}],"collection":[{"href":"https:\/\/eloficiodehistoriar.com.mx\/index.php?rest_route=\/wp\/v2\/posts"}],"about":[{"href":"https:\/\/eloficiodehistoriar.com.mx\/index.php?rest_route=\/wp\/v2\/types\/post"}],"author":[{"embeddable":true,"href":"https:\/\/eloficiodehistoriar.com.mx\/index.php?rest_route=\/wp\/v2\/users\/249"}],"replies":[{"embeddable":true,"href":"https:\/\/eloficiodehistoriar.com.mx\/index.php?rest_route=%2Fwp%2Fv2%2Fcomments&post=28333"}],"version-history":[{"count":1,"href":"https:\/\/eloficiodehistoriar.com.mx\/index.php?rest_route=\/wp\/v2\/posts\/28333\/revisions"}],"predecessor-version":[{"id":28335,"href":"https:\/\/eloficiodehistoriar.com.mx\/index.php?rest_route=\/wp\/v2\/posts\/28333\/revisions\/28335"}],"wp:featuredmedia":[{"embeddable":true,"href":"https:\/\/eloficiodehistoriar.com.mx\/index.php?rest_route=\/wp\/v2\/media\/28334"}],"wp:attachment":[{"href":"https:\/\/eloficiodehistoriar.com.mx\/index.php?rest_route=%2Fwp%2Fv2%2Fmedia&parent=28333"}],"wp:term":[{"taxonomy":"category","embeddable":true,"href":"https:\/\/eloficiodehistoriar.com.mx\/index.php?rest_route=%2Fwp%2Fv2%2Fcategories&post=28333"},{"taxonomy":"post_tag","embeddable":true,"href":"https:\/\/eloficiodehistoriar.com.mx\/index.php?rest_route=%2Fwp%2Fv2%2Ftags&post=28333"}],"curies":[{"name":"wp","href":"https:\/\/api.w.org\/{rel}","templated":true}]}}