{"id":28336,"date":"2022-07-04T09:25:13","date_gmt":"2022-07-04T15:25:13","guid":{"rendered":"https:\/\/eloficiodehistoriar.com.mx\/?p=28336"},"modified":"2022-07-04T09:25:13","modified_gmt":"2022-07-04T15:25:13","slug":"entretenimiento-melancolia-y-reflexion-temas-centrales-de-radio-piporro-y-los-nietos-de-don-eulalio","status":"publish","type":"post","link":"https:\/\/eloficiodehistoriar.com.mx\/?p=28336","title":{"rendered":"Entretenimiento, melancol\u00eda y reflexi\u00f3n, temas centrales de\u00a0\u00abRadio Piporro y los nietos de don Eulalio\u00bb"},"content":{"rendered":"<div id=\"article-cont\" class=\"main-cont article-cont actuality\">\n<div class=\"cabeza\"><em>Radio Piporro&#8230;,<\/em>\u00a0obra teatral sicod\u00e9lica que aborda el sentido de pertenencia<\/div>\n<div class=\"sumarios\"><\/div>\n<div id=\"article-text\" class=\"text\">\n<div class=\"foto\">\n<div class=\"pie-foto\">V\u00edctor Hern\u00e1ndez escribi\u00f3 y dirige la puesta en escena, adem\u00e1s de actuarla junto a Roberto Cazares.<\/div>\n<div><\/div>\n<\/div>\n<div class=\"col col1\">\n<div class=\"credito-autor\">De La Redacci\u00f3n<\/div>\n<div class=\"credito-titulo\"><\/div>\n<div class=\"hemero\">La Jornada<\/p>\n<\/div>\n<p class=\"s-s\">Entretenimiento, melancol\u00eda y reflexi\u00f3n, son los temas centrales de\u00a0<em>Radio Piporro y los nietos de don Eulalio,<\/em>\u00a0obra teatral sicod\u00e9lica\u00a0<q>norestense<\/q>\u00a0de la compa\u00f1\u00eda La Canavaty, escrita, dirigida e interpretada por V\u00edctor Hern\u00e1ndez, acompa\u00f1ado del actor Roberto Cazares.<\/p>\n<p>La obra versa sobre dos actores que aseguran ser nietos del m\u00e1ximo \u00edcono de la cultura popular del noreste Eulalio Gonz\u00e1lez\u00a0<em>Piporro.<\/em>\u00a0Estos recalcitrantes seguidores buscan dar santo y se\u00f1a de la alucinante vida de su abuelo mediante la frecuencia modulada de su programa de radio.<\/p>\n<p><q>Se trata de un viaje apote\u00f3sico en el que la ficci\u00f3n y el falso documental entretejen un suculento relato para mostrar la inherente violencia que se vive en el norte del pa\u00eds, a partir de un discurso en el que, a pesar de su comicidad, sobresale el arraigo de su sentido de pertenencia e identidad cultural. Es una irreverente metaficci\u00f3n historiogr\u00e1fica que cuenta la versi\u00f3n no autorizada de este \u00eddolo norte\u00f1o desde su nacimiento y su precoz infancia, hasta el eterno escape de los colonizadores reptilianos sefarditas (los que dominan la ciudad y tienen el gran poder econ\u00f3mico), situaciones desconocidas para el grueso popular que ignoraba esta f\u00e9rrea contienda<\/q>, aseguran los productores.<\/p>\n<\/div>\n<div class=\"col col2\">\n<p>V\u00edctor Hern\u00e1ndez coment\u00f3: \u201cAl hacerme preguntas sobre el contexto geogr\u00e1fico donde nac\u00ed, me encontr\u00e9 con el \u00fanico vestigio que me revelar\u00eda respuestas y me har\u00eda empatizar con mi abuelo: un disco de\u00a0<em>El Piporro.<\/em>\u00a0Ante la inexpresividad y el delirio de mi abuelo para relatarme sus an\u00e9cdotas, y sin encontrar objetos significativos en sus pertenencias para redondear el relato, decid\u00ed resignificar su historia fusionando su vida con la de Eulalio Gonz\u00e1lez y, al mismo tiempo, con la m\u00eda. As\u00ed constru\u00ed un personaje id\u00edlico con el prop\u00f3sito de encontrarle un sentido al origen de mi existencia. En esta puesta en escena se tocan temas como la procedencia de nuestra locura a trav\u00e9s de la crisis de identidad, el amor y la muerte como pulsi\u00f3n de olvido\u201d.<\/p>\n<p><em>Radio Piporro y los nietos de don Eulalio\u00a0<\/em>se escenificar\u00e1 lunes y martes a las 20 horas, del 4 al 19 de julio en el Foro La Gruta, Centro Cultural Hel\u00e9nico, avenida Revoluci\u00f3n 1500. Boletos, 260 pesos.<\/p>\n<\/div>\n<\/div>\n<div class=\"go gui\">\n<div class=\"go-up\"><\/div>\n<\/div>\n<\/div>\n<div id=\"taboola-below-content-thumbnails\" class=\" trc_related_container trc_spotlight_widget tbl-feed-container tbl-feed-frame-DIVIDER  render-late-effect\" data-feed-container-num=\"1\" data-feed-main-container-id=\"taboola-below-content-thumbnails\" data-parent-placement-name=\"Below Content Thumbnails\" data-pub-lang=\"es\">\n<div class=\" tbl-feed-header tbl-logo-right-position\">\n<div class=\"tbl-feed-header-logo\"><\/div>\n<\/div>\n<\/div>\n","protected":false},"excerpt":{"rendered":"<p>Radio Piporro&#8230;,\u00a0obra teatral sicod\u00e9lica que aborda el sentido de pertenencia V\u00edctor Hern\u00e1ndez escribi\u00f3 y dirige la puesta en escena, adem\u00e1s de actuarla junto a Roberto Cazares. De La Redacci\u00f3n La Jornada Entretenimiento, melancol\u00eda y reflexi\u00f3n, son los temas centrales de\u00a0Radio Piporro y los nietos de don Eulalio,\u00a0obra teatral sicod\u00e9lica\u00a0norestense\u00a0de la compa\u00f1\u00eda La Canavaty, escrita, dirigida [&hellip;]<\/p>\n","protected":false},"author":249,"featured_media":28337,"comment_status":"open","ping_status":"closed","sticky":false,"template":"","format":"standard","meta":{"footnotes":""},"categories":[26],"tags":[],"class_list":["post-28336","post","type-post","status-publish","format-standard","has-post-thumbnail","hentry","category-mundo"],"_links":{"self":[{"href":"https:\/\/eloficiodehistoriar.com.mx\/index.php?rest_route=\/wp\/v2\/posts\/28336","targetHints":{"allow":["GET"]}}],"collection":[{"href":"https:\/\/eloficiodehistoriar.com.mx\/index.php?rest_route=\/wp\/v2\/posts"}],"about":[{"href":"https:\/\/eloficiodehistoriar.com.mx\/index.php?rest_route=\/wp\/v2\/types\/post"}],"author":[{"embeddable":true,"href":"https:\/\/eloficiodehistoriar.com.mx\/index.php?rest_route=\/wp\/v2\/users\/249"}],"replies":[{"embeddable":true,"href":"https:\/\/eloficiodehistoriar.com.mx\/index.php?rest_route=%2Fwp%2Fv2%2Fcomments&post=28336"}],"version-history":[{"count":1,"href":"https:\/\/eloficiodehistoriar.com.mx\/index.php?rest_route=\/wp\/v2\/posts\/28336\/revisions"}],"predecessor-version":[{"id":28338,"href":"https:\/\/eloficiodehistoriar.com.mx\/index.php?rest_route=\/wp\/v2\/posts\/28336\/revisions\/28338"}],"wp:featuredmedia":[{"embeddable":true,"href":"https:\/\/eloficiodehistoriar.com.mx\/index.php?rest_route=\/wp\/v2\/media\/28337"}],"wp:attachment":[{"href":"https:\/\/eloficiodehistoriar.com.mx\/index.php?rest_route=%2Fwp%2Fv2%2Fmedia&parent=28336"}],"wp:term":[{"taxonomy":"category","embeddable":true,"href":"https:\/\/eloficiodehistoriar.com.mx\/index.php?rest_route=%2Fwp%2Fv2%2Fcategories&post=28336"},{"taxonomy":"post_tag","embeddable":true,"href":"https:\/\/eloficiodehistoriar.com.mx\/index.php?rest_route=%2Fwp%2Fv2%2Ftags&post=28336"}],"curies":[{"name":"wp","href":"https:\/\/api.w.org\/{rel}","templated":true}]}}