{"id":28339,"date":"2022-07-04T09:36:52","date_gmt":"2022-07-04T15:36:52","guid":{"rendered":"https:\/\/eloficiodehistoriar.com.mx\/?p=28339"},"modified":"2022-07-04T09:36:52","modified_gmt":"2022-07-04T15:36:52","slug":"con-radiante-sol-se-congregaron-en-el-bulevar-para-esperar-el-desfile-del-carnaval-de-veracruz-2022","status":"publish","type":"post","link":"https:\/\/eloficiodehistoriar.com.mx\/?p=28339","title":{"rendered":"Con radiante sol se congregaron en el bulevar para esperar el desfile del Carnaval de Veracruz 2022"},"content":{"rendered":"<div>\n<h4 class=\"title\">Fiesta y euforia los desfiles del Carnaval de Veracruz 2022, \u00bfte los perdiste?<\/h4>\n<\/div>\n<h3 class=\"subtitle\">Sin importar el radiante sol cientos de personas se congregaron en la zona del bulevar para esperar el desfile del Carnaval de Veracruz 2022<\/h3>\n<p>Con retrasos y fallas inicio segundo desfile del Carnaval 2022 bajo un fuerte sol<\/p>\n<div id=\"affix-share\" class=\"sharing-menu affix\">\n<ul>\n<li>Ingrid Ruiz<\/li>\n<li>Diario de Xalapa<\/li>\n<\/ul>\n<\/div>\n<div class=\"content-body clearfix \">\n<div id=\"content-body-225-8541533\">\n<p>Veracruz, Ver.-<b>\u00a0<\/b><\/p>\n<p><b>Con una hora y media de retraso y con algunas fallas t\u00e9cnicas este domingo se realiz\u00f3 el segundo desfile aleg\u00f3rico del Carnaval 2022<\/b>\u00a0bajo una temperatura de m\u00e1s de 30 grados con una sensaci\u00f3n t\u00e9rmica que superaba los 40 grados.<\/p>\n<p>Sin importar el radiante sol<b>\u00a0cientos de personas se congregaron en la zona del bulevar<\/b>\u00a0para esperar el desfile que este domingo fue de norte a sur,\u00a0<b>partiendo desde el viejo club de yates hasta la avenida Juan Pablo II\u00a0<\/b>en Boca del R\u00edo donde permanecer\u00e1n para el desfile de la tarde que se tiene contemplado para las 18:00 horas.<\/p>\n<\/div>\n<\/div>\n<div class=\"advertisment \">\n<div id=\"dfp-nota-1x3s\" data-google-query-id=\"CKHnwvfF3_gCFQHEwAodz5AD3Q\">\n<div id=\"google_ads_iframe_\/2000002\/diariodexalapa\/mexico_nota_1x3_0__container__\">Presuntamente el retraso del desfile de esta ma\u00f1ana se debi\u00f3 a que un par de unidades quedaron ponchadas, incluso m\u00e1quinas tuvieron que hacer presencia para apoyar con el retiro de un carro que qued\u00f3 varado sobre el bulevar por el ponche de una llanta, sin embargo ninguna autoridad del Comit\u00e9 de Carnaval quiso hablar al respecto.<\/div>\n<\/div>\n<\/div>\n<article class=\"content-continued-body clearfix \">\n<div id=\"content-body-5851641-8541533\">\n<div id=\"standard_12\" class=\"st-placement standard_12 inArticle\"><\/div>\n<div class=\"teads-inread sm-screen\">\n<div id=\"teads0\" class=\"teads-player\"><b>\u00bfQu\u00e9 provoc\u00f3 da\u00f1os a un carro aleg\u00f3rico en el Desfile del Carnaval de Veracruz?<\/b><\/div>\n<\/div>\n<p>Previo al desfile, la cola del Dinosaurio gigante se rompi\u00f3 cuando las m\u00e1quinas hac\u00edan maniobras para mover los veh\u00edculos y formarlos para dar arranque al paseo.<\/p>\n<p>El desfile inicio sobre las 11:22 de la ma\u00f1ana a\u00fan cuando faltaban algunos integrantes de comparsas que poco a poco se fueron sumando en el avance del recorrido.<\/p>\n<p>De acuerdo con los\u00a0<b>graderos el primer desfile concluy\u00f3 pasados de las dos de la madrugada<\/b>\u00a0ya que en el trayecto se presentaron algunos problemas a pesar del compromiso de las autoridades para que este a\u00f1o fuera corto y m\u00e1s fluido.<\/p>\n<p><b>Te puede interesar:\u00a0<\/b><a href=\"https:\/\/www.diariodexalapa.com.mx\/local\/quienes-son-los-integrantes-del-carnaval-de-veracruz-2022-8534876.html\" target=\"_blank\" rel=\"Follow noopener\"><b>No te lo pierdas: Vibra Carnaval de Veracruz 2022 con la Coronaci\u00f3n Real<\/b><\/a><\/p>\n<p>En este segundo desfile se not\u00f3 la ausencia de la princesa primera Myriam Carballo Gallardo \u201cMimmi\u201d, quien al parecer tuvo problemas de salud, seg\u00fan una publicaci\u00f3n que realiz\u00f3 en sus redes sociales.<\/p>\n<\/div>\n<\/article>\n","protected":false},"excerpt":{"rendered":"<p>Fiesta y euforia los desfiles del Carnaval de Veracruz 2022, \u00bfte los perdiste? Sin importar el radiante sol cientos de personas se congregaron en la zona del bulevar para esperar el desfile del Carnaval de Veracruz 2022 Con retrasos y fallas inicio segundo desfile del Carnaval 2022 bajo un fuerte sol Ingrid Ruiz Diario de [&hellip;]<\/p>\n","protected":false},"author":249,"featured_media":28340,"comment_status":"open","ping_status":"closed","sticky":false,"template":"","format":"standard","meta":{"footnotes":""},"categories":[26],"tags":[],"class_list":["post-28339","post","type-post","status-publish","format-standard","has-post-thumbnail","hentry","category-mundo"],"_links":{"self":[{"href":"https:\/\/eloficiodehistoriar.com.mx\/index.php?rest_route=\/wp\/v2\/posts\/28339","targetHints":{"allow":["GET"]}}],"collection":[{"href":"https:\/\/eloficiodehistoriar.com.mx\/index.php?rest_route=\/wp\/v2\/posts"}],"about":[{"href":"https:\/\/eloficiodehistoriar.com.mx\/index.php?rest_route=\/wp\/v2\/types\/post"}],"author":[{"embeddable":true,"href":"https:\/\/eloficiodehistoriar.com.mx\/index.php?rest_route=\/wp\/v2\/users\/249"}],"replies":[{"embeddable":true,"href":"https:\/\/eloficiodehistoriar.com.mx\/index.php?rest_route=%2Fwp%2Fv2%2Fcomments&post=28339"}],"version-history":[{"count":1,"href":"https:\/\/eloficiodehistoriar.com.mx\/index.php?rest_route=\/wp\/v2\/posts\/28339\/revisions"}],"predecessor-version":[{"id":28341,"href":"https:\/\/eloficiodehistoriar.com.mx\/index.php?rest_route=\/wp\/v2\/posts\/28339\/revisions\/28341"}],"wp:featuredmedia":[{"embeddable":true,"href":"https:\/\/eloficiodehistoriar.com.mx\/index.php?rest_route=\/wp\/v2\/media\/28340"}],"wp:attachment":[{"href":"https:\/\/eloficiodehistoriar.com.mx\/index.php?rest_route=%2Fwp%2Fv2%2Fmedia&parent=28339"}],"wp:term":[{"taxonomy":"category","embeddable":true,"href":"https:\/\/eloficiodehistoriar.com.mx\/index.php?rest_route=%2Fwp%2Fv2%2Fcategories&post=28339"},{"taxonomy":"post_tag","embeddable":true,"href":"https:\/\/eloficiodehistoriar.com.mx\/index.php?rest_route=%2Fwp%2Fv2%2Ftags&post=28339"}],"curies":[{"name":"wp","href":"https:\/\/api.w.org\/{rel}","templated":true}]}}