{"id":28344,"date":"2022-07-05T09:24:09","date_gmt":"2022-07-05T15:24:09","guid":{"rendered":"https:\/\/eloficiodehistoriar.com.mx\/?p=28344"},"modified":"2022-07-05T09:24:09","modified_gmt":"2022-07-05T15:24:09","slug":"25-organizaciones-nacionales-e-internacionales-condenaron-la-orden-de-aprehension-contra-el-p-marcelo","status":"publish","type":"post","link":"https:\/\/eloficiodehistoriar.com.mx\/?p=28344","title":{"rendered":"25 organizaciones nacionales e internacionales condenaron\u00a0la orden de aprehensi\u00f3n\u00a0contra el P. Marcelo"},"content":{"rendered":"<div id=\"article-cont\" class=\"main-cont article-cont actuality\">\n<div class=\"cabeza\">Se criminaliza a un defensor de los derechos humanos: ONG<\/div>\n<div class=\"sumarios\"><\/div>\n<div id=\"article-text\" class=\"text\">\n<div class=\"col\">\n<div class=\"credito-autor\">Elio Henr\u00edquez<\/div>\n<div class=\"credito-titulo\"><\/div>\n<div class=\"hemero\">La Jornada<\/p>\n<\/div>\n<p class=\"s-s\">San Crist\u00f3bal De Las Casas, Chis.,<\/p>\n<p class=\"s-s\">Al menos 25 organizaciones de la sociedad civil nacionales e internacionales condenaron\u00a0<q>la solicitud de orden de aprehensi\u00f3n<\/q>\u00a0contra el sacerdote Marcelo P\u00e9rez P\u00e9rez, presentada por la fiscal\u00eda estatal el pasado 21 de junio ante el juzgado de control y tribunal de enjuiciamiento del distrito judicial con sede en esta ciudad.<\/p>\n<p><q>Esta solicitud demuestra que el sistema de procuraci\u00f3n de justicia est\u00e1 siendo utilizado de manera parcial y de mala fe, carente de objetividad y lealtad, para criminalizar a un defensor de los derechos humanos<\/q>, manifestaron.<\/p>\n<p>Exigieron al gobierno mexicano\u00a0<q>el retiro de la acusaci\u00f3n penal que criminaliza la defensa de derechos humanos del padre Marcelo. Nos preocupa que sea detenido, asesinado o desaparecido y que contin\u00fae la criminalizaci\u00f3n, por lo que si esto ocurre responsabilizamos al Estado mexicano<\/q>.<\/p>\n<p>Entre las agrupaciones que se manifestaron est\u00e1n el Centro de Derechos Humanos Fray Bartolom\u00e9 de las Casas (Frayba), el Centro de Derechos Humanos Miguel Agust\u00edn Pro Ju\u00e1rez AC, la Red Nacional de Organismos Civiles de Derechos Humanos Todos los Derechos para Todas y Todos, la Organizaci\u00f3n Mundial contra la Tortura y el Movimiento Sueco por la Reconciliaci\u00f3n (SweFor M\u00e9xico).<\/p>\n<p>La Di\u00f3cesis de San Crist\u00f3bal, a la que pertenece el presb\u00edtero, inst\u00f3 a las autoridades a que\u00a0<q>cesen la represi\u00f3n, intimidaci\u00f3n y persecuci\u00f3n para nuestros hermanos y hermanas que luchan por la construcci\u00f3n de un mundo diferente y mejor<\/q>.<\/p>\n<p class=\"sumario\">Deploran ingratitud ante mediaci\u00f3n en conflictos<\/p>\n<p class=\"s-s\">Sostuvo que la funci\u00f3n mediadora en varios conflictos en la que ha participado la di\u00f3cesis ha tra\u00eddo\u00a0<q>muchas veces la ingratitud de alguno de los actores involucrados cuando solamente persiguen sus ambiciones ego\u00edstas y no la b\u00fasqueda del bien com\u00fan<\/q>.<\/p>\n<p>Sentenciaron:\u00a0<q>Todo esto ha tra\u00eddo como consecuencias amenazas e intimidaciones contra los y las agentes de pastoral de nuestra di\u00f3cesis, en varias de las zonas, entre las que destacan, desde hace varios a\u00f1os, las que se hacen contra nuestro agente de pastoral presb\u00edtero Marcelo P\u00e9rez, y que en estos \u00faltimos d\u00edas se han incrementado<\/q>.<\/p>\n<p>Los pueblos zoques de Chiapas, organizados en la defensa de la vida y el territorio, pidieron al Estado mexicano que\u00a0<q>pare la criminalizaci\u00f3n en contra de P\u00e9rez, uno de los m\u00e1s grandes defensores de los pueblos ind\u00edgenas, una persona integra<\/q>\u00a0que los ha apoyado contra diversos proyectos extractivistas.<\/p>\n<\/div>\n<\/div>\n<div class=\"go gui\">\n<div class=\"go-next\"><\/div>\n<div class=\"go-up\"><\/div>\n<\/div>\n<\/div>\n<div id=\"taboola-below-content-thumbnails\" class=\" trc_related_container trc_spotlight_widget tbl-feed-container tbl-feed-frame-DIVIDER  render-late-effect\" data-feed-container-num=\"1\" data-feed-main-container-id=\"taboola-below-content-thumbnails\" data-parent-placement-name=\"Below Content Thumbnails\" data-pub-lang=\"es\">\n<div class=\" tbl-feed-header tbl-logo-right-position\">\n<div class=\"tbl-feed-header-logo\"><\/div>\n<\/div>\n<\/div>\n","protected":false},"excerpt":{"rendered":"<p>Se criminaliza a un defensor de los derechos humanos: ONG Elio Henr\u00edquez La Jornada San Crist\u00f3bal De Las Casas, Chis., Al menos 25 organizaciones de la sociedad civil nacionales e internacionales condenaron\u00a0la solicitud de orden de aprehensi\u00f3n\u00a0contra el sacerdote Marcelo P\u00e9rez P\u00e9rez, presentada por la fiscal\u00eda estatal el pasado 21 de junio ante el juzgado [&hellip;]<\/p>\n","protected":false},"author":249,"featured_media":28345,"comment_status":"open","ping_status":"closed","sticky":false,"template":"","format":"standard","meta":{"footnotes":""},"categories":[26],"tags":[],"class_list":["post-28344","post","type-post","status-publish","format-standard","has-post-thumbnail","hentry","category-mundo"],"_links":{"self":[{"href":"https:\/\/eloficiodehistoriar.com.mx\/index.php?rest_route=\/wp\/v2\/posts\/28344","targetHints":{"allow":["GET"]}}],"collection":[{"href":"https:\/\/eloficiodehistoriar.com.mx\/index.php?rest_route=\/wp\/v2\/posts"}],"about":[{"href":"https:\/\/eloficiodehistoriar.com.mx\/index.php?rest_route=\/wp\/v2\/types\/post"}],"author":[{"embeddable":true,"href":"https:\/\/eloficiodehistoriar.com.mx\/index.php?rest_route=\/wp\/v2\/users\/249"}],"replies":[{"embeddable":true,"href":"https:\/\/eloficiodehistoriar.com.mx\/index.php?rest_route=%2Fwp%2Fv2%2Fcomments&post=28344"}],"version-history":[{"count":1,"href":"https:\/\/eloficiodehistoriar.com.mx\/index.php?rest_route=\/wp\/v2\/posts\/28344\/revisions"}],"predecessor-version":[{"id":28346,"href":"https:\/\/eloficiodehistoriar.com.mx\/index.php?rest_route=\/wp\/v2\/posts\/28344\/revisions\/28346"}],"wp:featuredmedia":[{"embeddable":true,"href":"https:\/\/eloficiodehistoriar.com.mx\/index.php?rest_route=\/wp\/v2\/media\/28345"}],"wp:attachment":[{"href":"https:\/\/eloficiodehistoriar.com.mx\/index.php?rest_route=%2Fwp%2Fv2%2Fmedia&parent=28344"}],"wp:term":[{"taxonomy":"category","embeddable":true,"href":"https:\/\/eloficiodehistoriar.com.mx\/index.php?rest_route=%2Fwp%2Fv2%2Fcategories&post=28344"},{"taxonomy":"post_tag","embeddable":true,"href":"https:\/\/eloficiodehistoriar.com.mx\/index.php?rest_route=%2Fwp%2Fv2%2Ftags&post=28344"}],"curies":[{"name":"wp","href":"https:\/\/api.w.org\/{rel}","templated":true}]}}