{"id":28347,"date":"2022-07-05T09:27:38","date_gmt":"2022-07-05T15:27:38","guid":{"rendered":"https:\/\/eloficiodehistoriar.com.mx\/?p=28347"},"modified":"2022-07-05T09:27:38","modified_gmt":"2022-07-05T15:27:38","slug":"hay-luto-en-la-sierra-tarahumara-dolor-y-miedo-sed-de-justicia-y-anhelo-de-paz","status":"publish","type":"post","link":"https:\/\/eloficiodehistoriar.com.mx\/?p=28347","title":{"rendered":"Hay luto en la Sierra\u00a0Tarahumara. Dolor y miedo. Sed de justicia y anhelo de paz"},"content":{"rendered":"<div id=\"article-cont\" class=\"main-cont article-cont analysis\">\n<div class=\"cabeza\">Luto en la Tarahumara<\/div>\n<div class=\"sumarios\"><\/div>\n<div class=\"credito-articulo\">Luis Hern\u00e1ndez Navarro<\/div>\n<div><\/div>\n<div id=\"article-text\" class=\"text\">\n<div class=\"col col1\">\n<div class=\"inicial\">Hay luto en la Sierra\u00a0Tarahumara. Dolor y miedo. Sed de justicia y anhelo de paz. El asesinato de los sacerdotes jesuitas Javier Campos Morales y Joaqu\u00edn Mora Salazar, y del gu\u00eda de turistas Pedro Palma, en la comunidad de Cerocahui, a manos de un narcotraficante perteneciente al grupo de los Salazar, cimbr\u00f3 la regi\u00f3n.<\/div>\n<p>Miroslava Breach narr\u00f3 como nadie la situaci\u00f3n que se vive all\u00ed desde hace a\u00f1os. En ello le fue la vida. Antes de ser asesinada por sicarios de la misma banda de los Salazar, hizo una radiograf\u00eda estremecedora: \u201cAbandonados por los tres niveles de gobierno durante d\u00e9cadas, los pueblos serranos sufren el azote del\u00a0<em>narco<\/em>, la violencia, drogadicci\u00f3n, deterioro acelerado del ambiente y, para colmo, el afianzamiento de nuevos cacicazgos pol\u00edticos y econ\u00f3micos con el apoyo del crimen organizado, sin que nadie se interese en ello\u201d ().<\/p>\n<p>La situaci\u00f3n de la Tarahumara salta a la prensa nacional cada diciembre, cuando el hambre y el fr\u00edo se ensa\u00f1an con los rar\u00e1muris. O en los momentos en que rel\u00e1mpagos de la violencia cobran vidas de dirigentes comunitarios que defienden sus bosques y sus tierras. O cuando el racismo y los prejuicios asaltan las l\u00edneas \u00e1gatas de cierta prensa, como el 22 de junio de 2009, en la secci\u00f3n Sociedad y Cultura, de\u00a0<em>El Heraldo de Chihuahua<\/em>, con el art\u00edculo firmado por la Redacci\u00f3n, titulado:\u00a0<q>Tarahumaras eran can\u00edbales<\/q>.<\/p>\n<p>No es exageraci\u00f3n. Ricardo Robles, tambi\u00e9n jesuita, que camin\u00f3 y vivi\u00f3 en aquellas tierras hasta hacerse tambi\u00e9n rar\u00e1rumi, public\u00f3 en\u00a0<em>La Jornada\u00a0<\/em>ese 2009, pocos meses antes de morir:\u00a0<q>Recuerdo un relato que escuch\u00e9 cuando llegu\u00e9 a la Tarahumara hace 45 a\u00f1os, en el que los malvados indios robaban a los ni\u00f1os blancos y los mataban para com\u00e9rselos. No se sab\u00eda de alg\u00fan caso concreto para probar aquello, simplemente eran as\u00ed los indios. Aquello justificaba lazar ind\u00edgenas para violarlas, la usura de pr\u00e9stamos en especie, comprar una tierra por un kilo de sal y tantos otros abusos que a\u00fan se usaban<\/q>.<\/p>\n<p>Conclu\u00eda: \u201cRegresando a lo de los can\u00edbales, hay que preguntarnos qui\u00e9nes resultan serlo hoy, el turismo o los invadidos, las mineras o los envenenados, las represas o los desalojados, las guarder\u00edas o los ni\u00f1os, los partidos o los ciudadanos, el\u00a0<em>narco\u00a0<\/em>o sus cautivos, las polic\u00edas o los contestatarios, el Ej\u00e9rcito o los muertos, los gobiernos o los de abajo&#8230; y en fin, la avaricia o los depauperados\u201d (). \u00c9l llamaba a lo que viv\u00edan los ind\u00edgenas en esos territorios (y en todo el pa\u00eds)\u00a0<q>etnocidio calculado<\/q>.<\/p>\n<p>La decisi\u00f3n de\u00a0<em>El Ronco\u00a0<\/em>Robles de nombrar el horror innombrable que los pueblos originarios de esas tierras han vivido no fue labor solitaria. Fue parte de una sinfon\u00eda coral interpretada por sus hermanos de congregaci\u00f3n. Eran tantas y tan grandes las violaciones a los derechos humanos cometidas por el Ej\u00e9rcito que, en 1988, a iniciativa del obispo Jos\u00e9 Llaguno, se fund\u00f3, para enfrentarlas, la Comisi\u00f3n de Solidaridad y Defensa de los Derechos Humanos de Chihuahua (Cosydhac). Ten\u00eda como antecedente el Comit\u00e9 Parroquial de Derechos Humanos de Baborigame, en el municipio de Guadalupe y Calvo.<\/p>\n<\/div>\n<div class=\"col col2\">\n<p>A mediados de enero de 1977, escribe el investigador Luis Astorga, dio inicio oficialmente\u00a0<q>la m\u00e1s gigantesca batida contra el tr\u00e1fico de drogas que se haya realizado en M\u00e9xico, con la participaci\u00f3n de 10 mil soldados<\/q>. La medida se denomin\u00f3 Operaci\u00f3n C\u00f3ndor. Despu\u00e9s seguir\u00eda la Fuerza de Tarea Marte. Ambas avanzaron cometiendo todo tipo de barbaridades.<\/p>\n<p>En diciembre del 2008, la Red Todos los Derechos para Todas y Todos le otorg\u00f3 al jesuita Javier \u00c1vila un reconocimiento por su trabajo en Cosydhac. Un quehacer que puso (pone) en riesgo su integridad y su vida, al punto de que la Comisi\u00f3n Interamericana de Derechos Humanos dict\u00f3 medidas cautelares para protegerlo. En la ceremonia, \u00e9l record\u00f3 esos d\u00edas aciagos, en los que el estado (y el pa\u00eds) era gobernado por pri\u00edstas y panistas.<\/p>\n<p>\u201cComenzaron \u2013dijo en la ceremonia\u2013 a pasar por la historia y la memoria escenas en Tarahumara, en las comunidades ind\u00edgenas, con torturas y desastres: un ind\u00edgena arrastrado por el Ej\u00e9rcito hasta arrancarle el cuero cabelludo, otro ind\u00edgena con el brazo roto por la Fuerza de Tarea Marte \u2013antinarc\u00f3ticos\u2013. Esteban Rodr\u00edguez golpeado por un militar hasta casi reventarle un ojo, gente golpeada a culatazos, patadas, mujeres acosadas sexualmente, robo de ganado, redadas indiscriminadas, quiz\u00e1 urgidos de presentar resultados de sus operativos o lograr ascensos militares. Tantos riesgos que laicas, laicos, religiosas y sacerdotes tuvimos que afrontar cuando se fueron presentando las denuncias por las dictaduras militares que vivimos en esos a\u00f1os\u2026 Nos decidimos a tiempo, sin invertir en muchas consideraciones ni falsas \u2018prudencias\u2019 e interpusimos una demanda en contra del Ej\u00e9rcito Mexicano.\u201d<\/p>\n<p>Al caer la negra noche de la guerra contra las drogas de Felipe Calder\u00f3n, que convirti\u00f3 a Chihuahua y a Ciudad Ju\u00e1rez en el epicentro del dolor nacional, Ricardo Robles denunci\u00f3, tambi\u00e9n en estas p\u00e1ginas:\u00a0<q>Desde el inicio del sexenio actual, la militarizaci\u00f3n propagandeada, con ocasi\u00f3n o sin ella, hizo temer lo peor. Ven\u00edan tiempos autoritarios de un gobierno que iniciaba su ejercicio con debilidad cong\u00e9nita y sin clara aceptaci\u00f3n general. Desde entonces se han ido confirmando los temores; m\u00e1s a\u00fan, al parecer se va perfilando tal manera de gobernar<\/q>.<\/p>\n<p>Desde hace d\u00e9cadas, sin importar qu\u00e9 partido gobierne, la voz de los jesuitas de la Tarahumara ha se\u00f1alado, claro y fuerte, como lo hizo Miroslava Breach, el expolio, la discriminaci\u00f3n y las vejaciones que sufren los rar\u00e1muris por parte de caciques, empresarios, pol\u00edticos y\u00a0<em>narcos<\/em>. Ahora, su luto ha estado acompa\u00f1ado de llamados al di\u00e1logo. Vale la pena escuchar lo que tienen que decir.<\/p>\n<p>Twitter:\u00a0<a href=\"https:\/\/twitter.com\/@lhan55\" target=\"_blank\" rel=\"noopener\">@lhan55<\/a><\/p>\n<p class=\"email\">\n<\/div>\n<\/div>\n<div class=\"go gui\">\n<div class=\"go-up\"><\/div>\n<\/div>\n<\/div>\n<div id=\"taboola-below-content-thumbnails\" class=\" trc_related_container trc_spotlight_widget tbl-feed-container tbl-feed-frame-DIVIDER  render-late-effect\" data-feed-container-num=\"1\" data-feed-main-container-id=\"taboola-below-content-thumbnails\" data-parent-placement-name=\"Below Content Thumbnails\" data-pub-lang=\"es\">\n<div class=\" tbl-feed-header tbl-logo-right-position\">\n<div class=\"tbl-feed-header-logo\"><\/div>\n<\/div>\n<\/div>\n","protected":false},"excerpt":{"rendered":"<p>Luto en la Tarahumara Luis Hern\u00e1ndez Navarro Hay luto en la Sierra\u00a0Tarahumara. Dolor y miedo. Sed de justicia y anhelo de paz. El asesinato de los sacerdotes jesuitas Javier Campos Morales y Joaqu\u00edn Mora Salazar, y del gu\u00eda de turistas Pedro Palma, en la comunidad de Cerocahui, a manos de un narcotraficante perteneciente al grupo [&hellip;]<\/p>\n","protected":false},"author":249,"featured_media":28185,"comment_status":"open","ping_status":"closed","sticky":false,"template":"","format":"standard","meta":{"footnotes":""},"categories":[26],"tags":[],"class_list":["post-28347","post","type-post","status-publish","format-standard","has-post-thumbnail","hentry","category-mundo"],"_links":{"self":[{"href":"https:\/\/eloficiodehistoriar.com.mx\/index.php?rest_route=\/wp\/v2\/posts\/28347","targetHints":{"allow":["GET"]}}],"collection":[{"href":"https:\/\/eloficiodehistoriar.com.mx\/index.php?rest_route=\/wp\/v2\/posts"}],"about":[{"href":"https:\/\/eloficiodehistoriar.com.mx\/index.php?rest_route=\/wp\/v2\/types\/post"}],"author":[{"embeddable":true,"href":"https:\/\/eloficiodehistoriar.com.mx\/index.php?rest_route=\/wp\/v2\/users\/249"}],"replies":[{"embeddable":true,"href":"https:\/\/eloficiodehistoriar.com.mx\/index.php?rest_route=%2Fwp%2Fv2%2Fcomments&post=28347"}],"version-history":[{"count":1,"href":"https:\/\/eloficiodehistoriar.com.mx\/index.php?rest_route=\/wp\/v2\/posts\/28347\/revisions"}],"predecessor-version":[{"id":28348,"href":"https:\/\/eloficiodehistoriar.com.mx\/index.php?rest_route=\/wp\/v2\/posts\/28347\/revisions\/28348"}],"wp:featuredmedia":[{"embeddable":true,"href":"https:\/\/eloficiodehistoriar.com.mx\/index.php?rest_route=\/wp\/v2\/media\/28185"}],"wp:attachment":[{"href":"https:\/\/eloficiodehistoriar.com.mx\/index.php?rest_route=%2Fwp%2Fv2%2Fmedia&parent=28347"}],"wp:term":[{"taxonomy":"category","embeddable":true,"href":"https:\/\/eloficiodehistoriar.com.mx\/index.php?rest_route=%2Fwp%2Fv2%2Fcategories&post=28347"},{"taxonomy":"post_tag","embeddable":true,"href":"https:\/\/eloficiodehistoriar.com.mx\/index.php?rest_route=%2Fwp%2Fv2%2Ftags&post=28347"}],"curies":[{"name":"wp","href":"https:\/\/api.w.org\/{rel}","templated":true}]}}