{"id":28349,"date":"2022-07-05T09:31:50","date_gmt":"2022-07-05T15:31:50","guid":{"rendered":"https:\/\/eloficiodehistoriar.com.mx\/?p=28349"},"modified":"2022-07-05T09:31:50","modified_gmt":"2022-07-05T15:31:50","slug":"el-papa-francisco-en-su-mensaje-fue-inequivoco-cuantos-asesinatos-en-mexico","status":"publish","type":"post","link":"https:\/\/eloficiodehistoriar.com.mx\/?p=28349","title":{"rendered":"el papa Francisco, en su mensaje fue inequ\u00edvoco:\u00a0\u00a1Cu\u00e1ntos asesinatos en M\u00e9xico!"},"content":{"rendered":"<div id=\"article-cont\" class=\"main-cont article-cont analysis\">\n<div class=\"cabeza\">Jesuitas en la Tarahumara: en busca de la justicia<\/div>\n<div class=\"sumarios\"><\/div>\n<div class=\"credito-articulo\">Magdalena G\u00f3mez<\/div>\n<div><\/div>\n<div id=\"article-text\" class=\"text\">\n<div class=\"col col1\">\n<div class=\"inicial\">Inevitable repetirlo: el\u00a020 junio fueron asesinados el gu\u00eda de turistas Pedro Eliodoro Palma Guti\u00e9rrez y los jesuitas Javier Campos Morales,\u00a0<em>Padre Gallo<\/em>, y C\u00e9sar Joaqu\u00edn Mora Salazar, en la misi\u00f3n San Francisco Javier, de Cerocahui, Urique, en la sierra Tarahumara. Horas antes otras dos personas fueron desaparecidas. Por fortuna dos d\u00edas despu\u00e9s la fiscal\u00eda de Chihuahua localiz\u00f3 los tres cuerpos que fueron sustra\u00eddos por el presunto responsable, Jos\u00e9 Noriel Portillo Gil,\u00a0<em>El Chueco<\/em>, brazo de uno de los c\u00e1rteles.<\/div>\n<p>La noticia pronto traspas\u00f3 nuestras fronteras, en primera instancia por las comunidades jesuitas, incluido el papa Francisco. Su mensaje fue inequ\u00edvoco:\u00a0<q>\u00a1Cu\u00e1ntos asesinatos en M\u00e9xico! Estoy cercano con el afecto y la oraci\u00f3n a la comunidad cat\u00f3lica afectada por esta tragedia. Repito que la violencia no resuelve los problemas, sino que aumenta los sufrimientos innecesarios<\/q>. Sin embargo, pronto encontramos:\u00a0<q>lo que quiso decir<\/q>: y desde la voz presidencial se coloc\u00f3 una lectura aceptable y encomiable sobre lo expresado por el pont\u00edfice.<\/p>\n<p>Cabe reconocer y ponderar la reacci\u00f3n inmediata de la provincia mexicana de la Compa\u00f1\u00eda de Jes\u00fas: comunic\u00f3 la decisi\u00f3n de continuar con su labor de acompa\u00f1amiento, de varias d\u00e9cadas, en una regi\u00f3n y con unos pueblos que resultan particularmente lejanos para el conjunto de nuestra naci\u00f3n. En especial los rar\u00e1muris. No dejaron fuera la demanda de que se revise la estrategia de Estado frente al accionar del crimen organizado y con ello reafirmaron la postura de que no se trata s\u00f3lo de estos asesinatos, sino que persiste en esa regi\u00f3n la impunidad de muchos otros, el despojo, el desplazamiento forzoso de comunidades enteras, frente a los cuales ni los gobiernos estatales, ni los federales, sucesivamente, han actuado para garantizar el respeto a los derechos humanos, individuales y colectivos de todos, ind\u00edgenas y no.<\/p>\n<p>Tambi\u00e9n el sistema de universidades jesuitas respald\u00f3 la necesidad de una suerte de cruzada por la justicia y consider\u00f3 que ello ser\u00eda la mejor forma de honrar la memoria de lo que llamaron el martirio de sus hermanos jesuitas. Una postura as\u00ed concit\u00f3 el apoyo un\u00e1nime de los otros espacios de la jerarqu\u00eda cat\u00f3lica y de amplios sectores sociales que llevan d\u00e9cadas de trabajo en todo el pa\u00eds por ese importante objetivo. La Red de Organismos Civiles de Derechos Humanos Todos los Derechos para Todas y Todos plante\u00f3 que la crisis nacional actual amerita la creaci\u00f3n de un mecanismo internacional contra la impunidad. El Centro de Derechos Humanos Agust\u00edn Pro Ju\u00e1rez (Centro Prodh), obra jesuita, acompa\u00f1a la dimensi\u00f3n jur\u00eddica asociada a los cr\u00edmenes referidos y de tiempo atr\u00e1s ha se\u00f1alado los rasgos de la crisis y violencia asociada. Por su parte, la Red en Defensa de Territorios Ind\u00edgenas de la Sierra Tarahumara, al ofrecer un recuento de la situaci\u00f3n que se vive en muchas comunidades, se\u00f1al\u00f3 que el crimen organizado es s\u00f3lo una de las aristas de la violencia en la Tarahumara, cuesti\u00f3n por cierto coincidente con lo que se ha denunciado desde el trabajo jesuita, en especial a trav\u00e9s de Javier \u00c1vila, director de la Comisi\u00f3n de Solidaridad y Defensa de los Derechos Humanos, con d\u00e9cadas en la Tarahumara, de amplia trayectoria y compromiso social, quien en su intervenci\u00f3n en la ciudad de Chihuahua, en la misa de cuerpo presente de los jesuitas asesinados, expres\u00f3 que\u00a0<q>los abrazos ya no nos alcanzan para cubrir los balazos<\/q>. Por ello se convirti\u00f3 en el centro de los abiertos e injustos ataques del Presidente de la Rep\u00fablica hacia \u00e9l, sin nombrarlo, y a los sacerdotes en general que consider\u00f3\u00a0<q>no siguen el ejemplo del papa Francisco, porque est\u00e1n muy apergollados por la oligarqu\u00eda mexicana<\/q>. Ratific\u00f3 que no cambiar\u00e1 su estrategia de seguridad para volver al pasado, porque fue una pol\u00edtica fallida e inhumana. Ello a pesar de que entre otros el Centro Pro aclar\u00f3 que no se trata de repetir esas propuestas. Este clima de tensi\u00f3n aparece como un adelanto de que no se sumar\u00e1 a la propuesta de paz y de justicia que se est\u00e1 o estaba preparando desde el espacio jesuita y sus aliados.<\/p>\n<\/div>\n<div class=\"col col2\">\n<p>En ese contexto se da la confrontaci\u00f3n entre el gobierno del estado y el federal y adem\u00e1s el ajuste de cuentas entre los dos \u00faltimos gobernadores chihuahuenses: C\u00e9sar Duarte acus\u00f3 a Javier Corral de destruir toda su obra y avances en justicia y de favorecer al crimen organizado; \u00e9ste le respondi\u00f3 en el tono que ha caracterizado la acusaci\u00f3n de corrupci\u00f3n que hoy tiene en la c\u00e1rcel al primero y al hacerlo se\u00f1al\u00f3 que \u00e9l pidi\u00f3 apoyo a L\u00f3pez Obrador para capturar, sin lograrlo, a\u00a0<em>El Chueco<\/em>. Al paso de los d\u00edas, queda un tanto distante desde fuera y desde arriba el significado del duelo que, en especial en la sierra, se vivi\u00f3 y se vive, ah\u00ed abajo, con los rar\u00e1muris como v\u00edctimas estructurales.<\/p>\n<p class=\"email\">\n<\/div>\n<\/div>\n<div class=\"go gui\">\n<div class=\"go-up\"><\/div>\n<\/div>\n<\/div>\n<div id=\"taboola-below-content-thumbnails\" class=\" trc_related_container trc_spotlight_widget tbl-feed-container tbl-feed-frame-DIVIDER  render-late-effect\" data-feed-container-num=\"1\" data-feed-main-container-id=\"taboola-below-content-thumbnails\" data-parent-placement-name=\"Below Content Thumbnails\" data-pub-lang=\"es\">\n<div class=\" tbl-feed-header tbl-logo-right-position\">\n<div class=\"tbl-feed-header-logo\"><\/div>\n<\/div>\n<\/div>\n","protected":false},"excerpt":{"rendered":"<p>Jesuitas en la Tarahumara: en busca de la justicia Magdalena G\u00f3mez Inevitable repetirlo: el\u00a020 junio fueron asesinados el gu\u00eda de turistas Pedro Eliodoro Palma Guti\u00e9rrez y los jesuitas Javier Campos Morales,\u00a0Padre Gallo, y C\u00e9sar Joaqu\u00edn Mora Salazar, en la misi\u00f3n San Francisco Javier, de Cerocahui, Urique, en la sierra Tarahumara. Horas antes otras dos personas [&hellip;]<\/p>\n","protected":false},"author":249,"featured_media":28252,"comment_status":"open","ping_status":"closed","sticky":false,"template":"","format":"standard","meta":{"footnotes":""},"categories":[26],"tags":[],"class_list":["post-28349","post","type-post","status-publish","format-standard","has-post-thumbnail","hentry","category-mundo"],"_links":{"self":[{"href":"https:\/\/eloficiodehistoriar.com.mx\/index.php?rest_route=\/wp\/v2\/posts\/28349","targetHints":{"allow":["GET"]}}],"collection":[{"href":"https:\/\/eloficiodehistoriar.com.mx\/index.php?rest_route=\/wp\/v2\/posts"}],"about":[{"href":"https:\/\/eloficiodehistoriar.com.mx\/index.php?rest_route=\/wp\/v2\/types\/post"}],"author":[{"embeddable":true,"href":"https:\/\/eloficiodehistoriar.com.mx\/index.php?rest_route=\/wp\/v2\/users\/249"}],"replies":[{"embeddable":true,"href":"https:\/\/eloficiodehistoriar.com.mx\/index.php?rest_route=%2Fwp%2Fv2%2Fcomments&post=28349"}],"version-history":[{"count":1,"href":"https:\/\/eloficiodehistoriar.com.mx\/index.php?rest_route=\/wp\/v2\/posts\/28349\/revisions"}],"predecessor-version":[{"id":28350,"href":"https:\/\/eloficiodehistoriar.com.mx\/index.php?rest_route=\/wp\/v2\/posts\/28349\/revisions\/28350"}],"wp:featuredmedia":[{"embeddable":true,"href":"https:\/\/eloficiodehistoriar.com.mx\/index.php?rest_route=\/wp\/v2\/media\/28252"}],"wp:attachment":[{"href":"https:\/\/eloficiodehistoriar.com.mx\/index.php?rest_route=%2Fwp%2Fv2%2Fmedia&parent=28349"}],"wp:term":[{"taxonomy":"category","embeddable":true,"href":"https:\/\/eloficiodehistoriar.com.mx\/index.php?rest_route=%2Fwp%2Fv2%2Fcategories&post=28349"},{"taxonomy":"post_tag","embeddable":true,"href":"https:\/\/eloficiodehistoriar.com.mx\/index.php?rest_route=%2Fwp%2Fv2%2Ftags&post=28349"}],"curies":[{"name":"wp","href":"https:\/\/api.w.org\/{rel}","templated":true}]}}