{"id":28351,"date":"2022-07-05T09:38:31","date_gmt":"2022-07-05T15:38:31","guid":{"rendered":"https:\/\/eloficiodehistoriar.com.mx\/?p=28351"},"modified":"2022-07-05T09:38:31","modified_gmt":"2022-07-05T15:38:31","slug":"dueno-no-soy-de-mi-vida-de-ella-el-amor-se-adueno-otro-quiza-se-daria-a-la-huida-pero-voy-de-salida","status":"publish","type":"post","link":"https:\/\/eloficiodehistoriar.com.mx\/?p=28351","title":{"rendered":"Due\u00f1o no soy \u00abde mi vida, de ella el amor se adue\u00f1\u00f3. otro quiz\u00e1 se dar\u00eda a la huida, pero voy de salida\u00bb"},"content":{"rendered":"<div class=\"cabeza\">Ricardo Y\u00e1\u00f1ez: donde pone el ojo pone la voz<\/div>\n<div class=\"sumarios\"><\/div>\n<div class=\"credito-articulo\">Hermann Bellinghausen*<\/div>\n<div><\/div>\n<div id=\"article-text\" class=\"text\">\n<div class=\"col col1\">\n<div class=\"inicial\">Para hablar de lo\u00a0l\u00edrico habr\u00e1 que hacer trampa y recurrir a lo anecd\u00f3tico. En realidad no s\u00e9 bien, y quiz\u00e1s \u00e9l tampoco, d\u00f3nde y cu\u00e1ndo nos conocimos. Por mi parte puedo decir que el Ricardo Y\u00e1\u00f1ez que mejor conozco data del Ricardo Y\u00e1\u00f1ez le\u00eddo. S\u00e9 que por muchos tambi\u00e9n es cantado, o escuchado, pero no es mi caso.<\/div>\n<p>Nuestro encuentro data del mundillo de los a\u00f1os 70 de los nuevos poetas que, siendo tantos, acabaron en una asamblea, convocada con af\u00e1n estad\u00edstico m\u00e1s que cr\u00edtico, o digamos est\u00e9tico, por Gabriel Zaid en 1980. Lo menciono para darnos una idea. Los m\u00e1s numerosos autores del registro zaidiano eran de la capital del pa\u00eds, y algunos ni siquiera siguieron escribiendo poes\u00eda.<\/p>\n<p>Ven\u00edamos de la jauja petrolera del lopezportillismo, no espectacular ni de pach\u00e1, pero hubo chamba para todos (no se acostumbraban todav\u00eda las becas del gobierno ni el titipuchal de premios) y con super\u00e1vit para whiskis y viajes. Eso permiti\u00f3 la existencia de un territorio independiente, donde peque\u00f1as editoriales m\u00e1s o menos artesanales publicaron poemarios m\u00e1s que presentables. La M\u00e1quina de Escribir, La M\u00e1quina El\u00e9ctrica, Taller Mart\u00edn Pescador, Verdehalago y otras. Algunas universidades extendieron la mano con cuadernos y libros menores, como la UNAM, la Veracruzana, la de Zacatecas y la de Guadalajara.<\/p>\n<p>Se trata, visto a la distancia, de una generaci\u00f3n de editores que aprendieron el oficio ejerci\u00e9ndolo, y escribiendo. Han dejado huella firme en las principales casas editoras y muchos ah\u00ed andan todav\u00eda.<\/p>\n<p>Ya para entonces se ten\u00eda la noci\u00f3n de que Guadalajara resultaba una pe\u00f1a muy prometedora y, por qu\u00e9 no decirlo, simp\u00e1tica. De entonces data en mi mente (y en la de otros) la noci\u00f3n de un tr\u00edo tapat\u00edo: Castillo-Y\u00e1\u00f1ez-Torres S\u00e1nchez. Gran popularidad gan\u00f3 Ricardo Castillo con su\u00a0<em>Pobrecito se\u00f1or X<\/em>, pero se hablaba de\u00a0<q>los Ricardos<\/q>\u00a0pues el otro era Y\u00e1\u00f1ez y todos lo sab\u00edan, ah\u00ed s\u00ed ni lo que digo.<\/p>\n<p>Rafael Torres S\u00e1nchez, aunque oriundo de Culiac\u00e1n, afinc\u00f3 en Guadalajara una obra que sigue hasta hoy, rica y sin concesiones, aunque con inmerecido bajo perfil.<\/p>\n<p>Andaban por ah\u00ed Ra\u00fal Ba\u00f1uelos y Ra\u00fal Aceves, y poco despu\u00e9s Luis Alberto Navarro, Sergio Cordero y Jorge Esquinca. Con ojo cr\u00edtico, Carlos Monsiv\u00e1is reconoci\u00f3 la frescura de sus voces po\u00e9ticas, su cercan\u00eda con el habla popular y coloquial. Admir\u00f3 a los dos Ricardos y a Rafael. Los antolog\u00f3. Los public\u00f3 cu\u00e1nto pudo en el suplemento de\u00a0<em>Siempre!<\/em>\u00a0Hoy sabemos que son una promesa cumplida de la poes\u00eda mexicana contempor\u00e1nea. Hab\u00eda una huella ah\u00ed de El\u00edas Nandino, maestro directo o indirecto de aquella banda, aunque rifara menos en los casos de Castillo y Torres S\u00e1nchez.<\/p>\n<p>Ricardo Y\u00e1\u00f1ez ya era entonces como el agua, flu\u00eda por donde hallaba cauces. Sus primeros lectores agradec\u00edamos y admir\u00e1bamos la\u00a0<q>facilidad<\/q>\u00a0de sus versos. Se intu\u00eda all\u00ed mucho trabajo, pero el lector no lo sent\u00eda. O no lo sufr\u00eda. Lo mismo en las rimas, los sonetos, las miniaturas, sus cancioneros, su poderosa poes\u00eda en verso largo, no medido ni rimado, pero satisfactoriamente respirado y lleno de hallazgos.<\/p>\n<p>Nos hab\u00edamos visto alguna vez, pero donde conflu\u00ed con Ricardo Y\u00e1\u00f1ez fue en la fundaci\u00f3n del diario\u00a0<em>La Jornada,<\/em>\u00a0en 1984, cuando en la progres\u00eda todav\u00eda nos am\u00e1bamos tanto. Si no mal recuerdo nos present\u00f3 Monsiv\u00e1is. Tampoco que nos vi\u00e9ramos mucho a partir de entonces. As\u00ed se pasaron los a\u00f1os y 20 de ellos los trabaj\u00e9 en Chiapas. Y al cabo de, digamos, tres d\u00e9cadas, un d\u00eda me descubr\u00ed pregunt\u00e1ndome si en el peri\u00f3dico se sab\u00eda ampliamente que entre sus redactores ten\u00eda a un poeta de relevancia.<\/p>\n<p>Ese pensamiento me llev\u00f3 a otro. Al paso de los a\u00f1os, quiz\u00e1s en parte por la sensibilidad po\u00e9tica de Carlos Pay\u00e1n,\u00a0<em>La Jornada\u00a0<\/em>dio casa a varios poetas de importancia, como el gran Francisco Cervantes, nuestro lusitano honorario, y el querido por todos Hugo Guti\u00e9rrez Vega. Tuvimos de compa\u00f1ero reportero al chiapaneco Javier Molina. Han sido editores, de\u00a0<em>La Jornada Semanal\u00a0<\/em>Jos\u00e9 Mar\u00eda Espinasa y Francisco Torres C\u00f3rdova, y por \u00e9pocas escribieron en el diario Luis Miguel Aguilar, Jos\u00e9 Joaqu\u00edn Blanco, y lo hacen regularmente hoy en\u00a0<q>la Semanal<\/q>\u00a0Marco Antonio Campos, Jos\u00e9 \u00c1ngel Leyva y Javier Sicilia.<\/p>\n<\/div>\n<div class=\"col col2\">\n<div class=\"foto\">\n<div class=\"pie-foto\">Todos son, o fueron <q>de casa<\/q>. Pero, discretamente, Y\u00e1\u00f1ez fue por a\u00f1os el poeta de la casa. Entre tanto su obra crec\u00eda, viv\u00eda. Tallereaba, cantaba y por ah\u00ed andaba. Entrado el siglo XXI, en su un tanto impersonal escritorio a media sala de redacci\u00f3n, estuvo Ricardo con silenciosa constancia y nos salud\u00e1bamos. \u00c9ramos vecinos de piso.<\/div>\n<\/div>\n<p>Luego vino una interrupci\u00f3n. Acechado por las turbulencias corporales, casi se nos muere o se nos rompe. El deleite de encontrarse hoy con\u00a0<em>Armadillo,\u00a0<\/em>su libro de 2021 editado por Magenta, es doble. Por un lado seguimos ante la\u00a0<q>facilidad<\/q>\u00a0de su trabajada voz, y por otro celebramos al sobreviviente. La finitud de la existencia anda a sus anchas como duda, acento y certidumbre en estos poemas y otros que suelta en redes sociales, pero lo hace con tanta gracia que a veces uno hasta sonr\u00ede. No como en las\u00a0<q>calaveras<\/q>\u00a0de D\u00eda de Muertos, o s\u00ed un poco. Lo dice mejor su poema\u00a0<q>Daci\u00f3n<\/q>:<\/p>\n<p>Due\u00f1o no soy de mi vida,<br \/>\nde ella el amor se adue\u00f1\u00f3.<br \/>\nOtro que no fuera yo<br \/>\nquiz\u00e1 se dar\u00eda a la huida,<br \/>\npero yo voy de salida,<br \/>\nas\u00ed que c\u00f3mo no.<br \/>\nLa vida me enamor\u00f3<br \/>\ny enamorada me cuida<br \/>\ny he de darle lo que pida<br \/>\npor la vida que me dio.<\/p>\n<p>Ahora anda en una nueva faceta de dibujante e ilustrador, que algo muestra en\u00a0<em>Armadillo,<\/em>\u00a0donde tambi\u00e9n se acompa\u00f1a de otras amistades pl\u00e1sticas como Armando Brito, Alec Dempster y Alfredo L\u00f3pez Casanova. Ahora resulta que tocan con \u00e9l un mismo son.<\/p>\n<p>Su vena pedag\u00f3gica lo lleva desde hace a\u00f1os a reflexionar, suponer y concluir mont\u00f3n de detalles y m\u00e1ximas que ayudan a la poes\u00eda para ser, seg\u00fan elabora en la columna\u00a0<em>Isocron\u00edas.<\/em><\/p>\n<p>La gu\u00eda m\u00e1s completa de sus recorridos est\u00e1n en\u00a0<em>Desandar,\u00a0<\/em>amplia selecci\u00f3n de sus obras hasta 2014. En sus bastantes p\u00e1ginas el lector puede constatar todo lo aqu\u00ed dicho y hasta me quedo corto.<\/p>\n<p>En\u00a0<em>Armadillo,\u00a0<\/em>las formas corren saltarinas pero bien ce\u00f1iditas, el soneto, la canci\u00f3n, el haik\u00fa y sus variaciones, la copla y, por qu\u00e9 no, el verso largo y la casi prosa, la remembranza puntual, la iluminaci\u00f3n isocr\u00f3nica que tambi\u00e9n es marca de quien donde pone el ojo pone la voz:\u00a0<q>De la voz hay profesores, \/ m\u00e1s la maestra es la voz<\/q>. Cada libro es cada vez Ricardo. No ser\u00e9 yo quien se venga aqu\u00ed a quejar, si\u00a0<q>los m\u00faltiples caminos de la poes\u00eda ense\u00f1an: s\u00f3lo hay uno, el que a\u00fan ignoramos<\/q>.<\/p>\n<p><em>(Texto le\u00eddo durante el homenaje a Ricardo Y\u00e1\u00f1ez como\u00a0<q>protagonista de la literatura mexicana<\/q>\u00a0en el Palacio de Bellas Artes, julio 21, 2022.)<\/em><\/p>\n<p>Toda la historia del mar<br \/>\nencontr\u00e9 en s\u00f3lo una perla<br \/>\nque a mi palma vino a dar.<\/p>\n<p>*<\/p>\n<p>Cantar<\/p>\n<p>Al pie de un \u00e1rbol de limas<br \/>\nlleno de limas y azahares<br \/>\nme dio por cantar cantares.<br \/>\nCoraz\u00f3n, c\u00f3mo lastimas<br \/>\ny cu\u00e1ntos me das pesares.<br \/>\nAl pie de un verde ciruelo<br \/>\nque verdes ciruelas daba<br \/>\nmi vihuela yo afinaba<br \/>\ny a la vez el desconsuelo<br \/>\nque cierto amor me causaba.<br \/>\nDe un manzano iluminado<br \/>\nal pie cant\u00e9 una ma\u00f1ana<br \/>\ny me dije el canto sana<br \/>\ny el coraz\u00f3n despejado<br \/>\nqued\u00f3 en esa hora temprana.<br \/>\nAl pie de un alto guayabo<br \/>\nque algo torcido creci\u00f3<br \/>\ndi conmigo mismo yo,<br \/>\nde m\u00ed mismo di en el clavo<br \/>\ny del gusto no me acabo.<br \/>\nAl pie de un \u00e1rbol de limas<br \/>\nlleno de luz y de azahares<br \/>\nsolt\u00e9 en sue\u00f1os mis cantares<br \/>\ny en sue\u00f1os vi que me estimas<br \/>\na pesar de los pesares.<\/p>\n<\/div>\n<\/div>\n","protected":false},"excerpt":{"rendered":"<p>Ricardo Y\u00e1\u00f1ez: donde pone el ojo pone la voz Hermann Bellinghausen* Para hablar de lo\u00a0l\u00edrico habr\u00e1 que hacer trampa y recurrir a lo anecd\u00f3tico. En realidad no s\u00e9 bien, y quiz\u00e1s \u00e9l tampoco, d\u00f3nde y cu\u00e1ndo nos conocimos. Por mi parte puedo decir que el Ricardo Y\u00e1\u00f1ez que mejor conozco data del Ricardo Y\u00e1\u00f1ez le\u00eddo. [&hellip;]<\/p>\n","protected":false},"author":249,"featured_media":28352,"comment_status":"open","ping_status":"closed","sticky":false,"template":"","format":"standard","meta":{"footnotes":""},"categories":[26],"tags":[],"class_list":["post-28351","post","type-post","status-publish","format-standard","has-post-thumbnail","hentry","category-mundo"],"_links":{"self":[{"href":"https:\/\/eloficiodehistoriar.com.mx\/index.php?rest_route=\/wp\/v2\/posts\/28351","targetHints":{"allow":["GET"]}}],"collection":[{"href":"https:\/\/eloficiodehistoriar.com.mx\/index.php?rest_route=\/wp\/v2\/posts"}],"about":[{"href":"https:\/\/eloficiodehistoriar.com.mx\/index.php?rest_route=\/wp\/v2\/types\/post"}],"author":[{"embeddable":true,"href":"https:\/\/eloficiodehistoriar.com.mx\/index.php?rest_route=\/wp\/v2\/users\/249"}],"replies":[{"embeddable":true,"href":"https:\/\/eloficiodehistoriar.com.mx\/index.php?rest_route=%2Fwp%2Fv2%2Fcomments&post=28351"}],"version-history":[{"count":1,"href":"https:\/\/eloficiodehistoriar.com.mx\/index.php?rest_route=\/wp\/v2\/posts\/28351\/revisions"}],"predecessor-version":[{"id":28353,"href":"https:\/\/eloficiodehistoriar.com.mx\/index.php?rest_route=\/wp\/v2\/posts\/28351\/revisions\/28353"}],"wp:featuredmedia":[{"embeddable":true,"href":"https:\/\/eloficiodehistoriar.com.mx\/index.php?rest_route=\/wp\/v2\/media\/28352"}],"wp:attachment":[{"href":"https:\/\/eloficiodehistoriar.com.mx\/index.php?rest_route=%2Fwp%2Fv2%2Fmedia&parent=28351"}],"wp:term":[{"taxonomy":"category","embeddable":true,"href":"https:\/\/eloficiodehistoriar.com.mx\/index.php?rest_route=%2Fwp%2Fv2%2Fcategories&post=28351"},{"taxonomy":"post_tag","embeddable":true,"href":"https:\/\/eloficiodehistoriar.com.mx\/index.php?rest_route=%2Fwp%2Fv2%2Ftags&post=28351"}],"curies":[{"name":"wp","href":"https:\/\/api.w.org\/{rel}","templated":true}]}}